{"id":136924,"date":"2025-05-29T13:40:16","date_gmt":"2025-05-29T13:40:16","guid":{"rendered":"https:\/\/www.europesays.com\/fr\/136924\/"},"modified":"2025-05-29T13:40:16","modified_gmt":"2025-05-29T13:40:16","slug":"moins-de-polemiques-a-lyon-mbock-compare-lol-au-psg","status":"publish","type":"post","link":"https:\/\/www.europesays.com\/fr\/136924\/","title":{"rendered":"\u00ab\u00a0Moins de pol\u00e9miques \u00e0 Lyon\u00a0\u00bb, Mbock compare l&rsquo;OL au PSG"},"content":{"rendered":"<p>                            <img width=\"770\" height=\"433\" src=\"https:\/\/www.europesays.com\/fr\/wp-content\/uploads\/2025\/05\/000_32DZ7GV-770x433.jpg\" class=\"attachment-article size-article wp-post-image\" alt=\"Griedge Mbock, d\u00e9fenseure de l'OL\" decoding=\"async\" fetchpriority=\"high\"  \/><\/p>\n<p>Griedge Mbock, d\u00e9fenseure de l\u2019OL (Photo by FRANCK FIFE \/ AFP) <\/p>\n<p>Ancienne joueuse d&rsquo;OL Lyonnes et d\u00e9sormais au PSG, Griedge Mbock a admis avoir v\u00e9cu une saison difficile avec le club parisien. Un exercice marqu\u00e9 par les divergences extra-sportives entre Fabrice Abriel et son groupe.<\/p>\n<p>Pour Griedge <strong>Mbock<\/strong>, une nouvelle vie a d\u00e9marr\u00e9 l&rsquo;\u00e9t\u00e9 dernier. Apr\u00e8s 193 matchs avec l&rsquo;OL Lyonnes en neuf ans, la d\u00e9fenseure <a href=\"https:\/\/www.olympique-et-lyonnais.com\/mercato-mbock-quitte-l-ol-et-rejoint-le-psg,333836.html\" target=\"_blank\" rel=\"noopener\">a quitt\u00e9<\/a> le Rh\u00f4ne afin de rallier l&rsquo;institution rivale, le Paris Saint-Germain. <a href=\"https:\/\/www.olympique-et-lyonnais.com\/ol-psg-mbock-va-retrouver-ses-amies-lyonnaises,361948.html\" target=\"_blank\" rel=\"noopener\">Un changement total<\/a> pour l&rsquo;internationale fran\u00e7aise, en particulier sur l&rsquo;environnement autour de l&rsquo;\u00e9quipe. Car pour le PSG, battu en finale du championnat par les Fenottes 3 \u00e0 0, la saison ne fut pas un long fleuve tranquille. <\/p>\n<p>Plusieurs affaires extra-sportives ont rythm\u00e9 l&rsquo;ann\u00e9e des Parisiennes. On se souvient des tensions en interne entre le coach Fabrice <strong>Abriel <\/strong>et certaines cadres comme Grace <strong>Geyoro<\/strong> et Sakina <strong>Karchaoui<\/strong>. L&rsquo;attaquante Marie-Antoinette <strong>Katoto <\/strong>et le directeur sportif, Angelo <strong>Castellazzi<\/strong>, ont aussi eu un \u00e9change houleux avant les play-offs. Tout cela pendant que l&rsquo;\u00e9quipe ne d\u00e9crochait aucun troph\u00e9e. \u00c9limin\u00e9e avant la phase de poules en Ligue des champions, elle a \u00e9galement perdu en finale de la Coupe de France contre le Paris FC. <\/p>\n<p>\u00ab\u00a0Une nouvelle mani\u00e8re de travailler\u00a0\u00bb<\/p>\n<p>Forc\u00e9ment, pour Mbock, ce ne sont pas les d\u00e9buts r\u00eav\u00e9s. \u00ab\u00a0Ce que je retiens, c&rsquo;est que ce fut un apprentissage, on apprend toujours. \u00c0 Lyon, o\u00f9 j\u2019ai pass\u00e9 plusieurs ann\u00e9es, il y avait moins de pol\u00e9miques (sourires)\u2026 Je m\u2019adapte au club, \u00e0 une nouvelle mani\u00e8re de travailler\u00a0\u00bb, a confi\u00e9 la footballeuse de 30 ans \u00e0 l&rsquo;AFP.<\/p>\n<p>D\u00e9sormais avec l&rsquo;\u00e9quipe de France afin de pr\u00e9parer les rencontres de Ligue des nations et l&rsquo;Euro en juillet, la Brestoise essaie malgr\u00e9 tout de se concentrer sur le positif. \u00ab\u00a0J\u2019ai pu travailler autrement, dans le sens o\u00f9 la saison n\u2019a pas \u00e9t\u00e9 forc\u00e9ment facile. J\u2019ai d\u00e9couvert d\u2019autres facettes de moi, une autre mani\u00e8re d\u2019approcher les choses, en tentant de prendre du recul pour ne pas \u00eatre affect\u00e9e\u00a0\u00bb, a-t-elle expliqu\u00e9. Pour Mbock, la coupure estivale est visiblement arriv\u00e9e au bon moment.<\/p>\n","protected":false},"excerpt":{"rendered":"Griedge Mbock, d\u00e9fenseure de l\u2019OL (Photo by FRANCK FIFE \/ AFP) Ancienne joueuse d&rsquo;OL Lyonnes et d\u00e9sormais au&hellip;\n","protected":false},"author":2,"featured_media":136925,"comment_status":"","ping_status":"","sticky":false,"template":"","format":"standard","meta":{"footnotes":""},"categories":[1888],"tags":[1111,1928,11,1927,1777,674,1011,27,26330,12,1926,23183,626,1925,93,25],"class_list":{"0":"post-136924","1":"post","2":"type-post","3":"status-publish","4":"format-standard","5":"has-post-thumbnail","7":"category-paris","8":"tag-actu","9":"tag-actu-paris","10":"tag-actualites","11":"tag-actualites-paris","12":"tag-eu","13":"tag-europe","14":"tag-fr","15":"tag-france","16":"tag-mbock","17":"tag-news","18":"tag-news-paris","19":"tag-ol-lyonnes","20":"tag-paris","21":"tag-paris-news","22":"tag-psg","23":"tag-republique-francaise"},"share_on_mastodon":{"url":"https:\/\/pubeurope.com\/@fr\/114591408052947572","error":""},"_links":{"self":[{"href":"https:\/\/www.europesays.com\/fr\/wp-json\/wp\/v2\/posts\/136924","targetHints":{"allow":["GET"]}}],"collection":[{"href":"https:\/\/www.europesays.com\/fr\/wp-json\/wp\/v2\/posts"}],"about":[{"href":"https:\/\/www.europesays.com\/fr\/wp-json\/wp\/v2\/types\/post"}],"author":[{"embeddable":true,"href":"https:\/\/www.europesays.com\/fr\/wp-json\/wp\/v2\/users\/2"}],"replies":[{"embeddable":true,"href":"https:\/\/www.europesays.com\/fr\/wp-json\/wp\/v2\/comments?post=136924"}],"version-history":[{"count":0,"href":"https:\/\/www.europesays.com\/fr\/wp-json\/wp\/v2\/posts\/136924\/revisions"}],"wp:featuredmedia":[{"embeddable":true,"href":"https:\/\/www.europesays.com\/fr\/wp-json\/wp\/v2\/media\/136925"}],"wp:attachment":[{"href":"https:\/\/www.europesays.com\/fr\/wp-json\/wp\/v2\/media?parent=136924"}],"wp:term":[{"taxonomy":"category","embeddable":true,"href":"https:\/\/www.europesays.com\/fr\/wp-json\/wp\/v2\/categories?post=136924"},{"taxonomy":"post_tag","embeddable":true,"href":"https:\/\/www.europesays.com\/fr\/wp-json\/wp\/v2\/tags?post=136924"}],"curies":[{"name":"wp","href":"https:\/\/api.w.org\/{rel}","templated":true}]}}