{"id":136936,"date":"2025-05-29T13:46:10","date_gmt":"2025-05-29T13:46:10","guid":{"rendered":"https:\/\/www.europesays.com\/fr\/136936\/"},"modified":"2025-05-29T13:46:10","modified_gmt":"2025-05-29T13:46:10","slug":"sur-fond-de-reforme-fiscale-le-milliardaire-suisse-guillaume-pousaz-quitte-le-royaume-uni-pour-monaco","status":"publish","type":"post","link":"https:\/\/www.europesays.com\/fr\/136936\/","title":{"rendered":"Sur fond de r\u00e9forme fiscale, le milliardaire suisse Guillaume Pousaz\u00a0quitte le Royaume-Uni pour Monaco"},"content":{"rendered":"<p>              <a tabindex=\"-1\" title=\"Le Temps\" href=\"https:\/\/www.letemps.ch\/profil\/le-temps\" target=\"_blank\" rel=\"noopener\"><\/p>\n<p>                    <img decoding=\"async\" src=\"https:\/\/www.europesays.com\/fr\/wp-content\/uploads\/2025\/04\/1744691829_934_small.jpeg\" class=\"lazy\" alt=\"\"\/><\/p>\n<p><\/a>        <\/p>\n<p>    Publi\u00e9 le 29 mai 2025 \u00e0 15:07. \/ Modifi\u00e9 le 29 mai 2025 \u00e0 15:35.<\/p>\n<p> 3 min. de lecture<\/p>\n<p>Il est souvent qualifi\u00e9 de discret, Guillaume Pousaz. Et pourtant. En 2024, <a href=\"https:\/\/www.forbes.com\/billionaires\/\" rel=\"nofollow noopener\" target=\"_blank\">Forbes<\/a> d\u00e9signait l\u2019homme d\u2019affaires \u00e2g\u00e9 alors de 42\u00a0ans comme le plus jeune milliardaire d\u2019origine suisse, avec un avoir de 7,8\u00a0milliards de dollars. Le Bloomberg Billionaires Index indique aujourd\u2019hui que le fondateur de la soci\u00e9t\u00e9 de paiement en ligne Checkout.com poss\u00e8de une valeur nette d\u2019environ 5,6\u00a0milliards de dollars (4,63\u00a0milliards de francs) gr\u00e2ce \u00e0 son entreprise bas\u00e9e \u00e0 Londres. Une fortune qui, selon un article de Bloomberg publi\u00e9 cette semaine, l\u2019a amen\u00e9 \u00e0 rejoindre la vague des tr\u00e8s fortun\u00e9s qui transf\u00e8rent actuellement leur r\u00e9sidence hors du Royaume-Uni.<\/p>\n<p>Le Romand d\u00e9clare d\u00e9sormais Monaco comme lieu de sa r\u00e9sidence principale, apr\u00e8s avoir pr\u00e9c\u00e9demment quitt\u00e9 les Emirats arabes unis pour s\u2019installer au Royaume-Uni, selon des documents d\u2019\u00e9tat civil britanniques publi\u00e9s mardi, \u00e9crit Bloomberg. Interrog\u00e9 par le m\u00e9dia am\u00e9ricain, Checkout.com a renvoy\u00e9 vers la soci\u00e9t\u00e9 de gestion du patrimoine familial de Guillaume Pousaz, Zinal Growth, qui n\u2019a pas souhait\u00e9 faire de commentaire.<\/p>\n<p>    L\u2019histoire ne s\u2019arr\u00eate pas l\u00e0.<\/p>\n<p class=\"post-subscribe__mention\">Restez inform\u00e9(e) sans limites pendant toute l&rsquo;ann\u00e9e \u2192 votre abonnement digital mensuel d\u00e8s CHF 29.- \/ mois.<\/p>\n<p class=\"post-subscribe__mention post-subscribe__mention--temporary\">Abonnez-vous en quelques clics et payez facilement avec <b>Twint<\/b>.<\/p>\n<p>    <a class=\"button is-secondary\" data-event=\"click-&gt;clicked\" href=\"https:\/\/www.letemps.ch\/abonnements?wall_id=19\" target=\"_blank\" rel=\"noopener\">Je m&rsquo;abonne<\/a><\/p>\n<p class=\"post-subscribe__login\">\n        Vous avez d\u00e9j\u00e0 un compte ?<br \/>\n        <a class=\"link\" rel=\"nofollow noopener\" href=\"https:\/\/www.letemps.ch\/compte\/connexion?return_to=https%3A%2F%2Fwww.letemps.ch%2Feconomie%2Fsur-fond-de-reforme-fiscale-le-milliardaire-suisse-guillaume-pousaz-quitte-le-royaume-uni-pour-monaco\" target=\"_blank\">Se connecter<\/a>\n      <\/p>\n","protected":false},"excerpt":{"rendered":"Publi\u00e9 le 29 mai 2025 \u00e0 15:07. \/ Modifi\u00e9 le 29 mai 2025 \u00e0 15:35. 3 min. de&hellip;\n","protected":false},"author":2,"featured_media":136937,"comment_status":"","ping_status":"","sticky":false,"template":"","format":"standard","meta":{"footnotes":""},"categories":[1588],"tags":[11,1777,674,12,301,473,1853,1851,1850,1852],"class_list":{"0":"post-136936","1":"post","2":"type-post","3":"status-publish","4":"format-standard","5":"has-post-thumbnail","7":"category-royaume-uni","8":"tag-actualites","9":"tag-eu","10":"tag-europe","11":"tag-news","12":"tag-premium","13":"tag-royaume-uni","14":"tag-royaume-uni-de-grande-bretagne-et-dirlande-du-nord","15":"tag-uk","16":"tag-united-kingdom","17":"tag-united-kingdom-of-great-britain-and-northern-ireland"},"share_on_mastodon":{"url":"https:\/\/pubeurope.com\/@fr\/114591431654734675","error":""},"_links":{"self":[{"href":"https:\/\/www.europesays.com\/fr\/wp-json\/wp\/v2\/posts\/136936","targetHints":{"allow":["GET"]}}],"collection":[{"href":"https:\/\/www.europesays.com\/fr\/wp-json\/wp\/v2\/posts"}],"about":[{"href":"https:\/\/www.europesays.com\/fr\/wp-json\/wp\/v2\/types\/post"}],"author":[{"embeddable":true,"href":"https:\/\/www.europesays.com\/fr\/wp-json\/wp\/v2\/users\/2"}],"replies":[{"embeddable":true,"href":"https:\/\/www.europesays.com\/fr\/wp-json\/wp\/v2\/comments?post=136936"}],"version-history":[{"count":0,"href":"https:\/\/www.europesays.com\/fr\/wp-json\/wp\/v2\/posts\/136936\/revisions"}],"wp:featuredmedia":[{"embeddable":true,"href":"https:\/\/www.europesays.com\/fr\/wp-json\/wp\/v2\/media\/136937"}],"wp:attachment":[{"href":"https:\/\/www.europesays.com\/fr\/wp-json\/wp\/v2\/media?parent=136936"}],"wp:term":[{"taxonomy":"category","embeddable":true,"href":"https:\/\/www.europesays.com\/fr\/wp-json\/wp\/v2\/categories?post=136936"},{"taxonomy":"post_tag","embeddable":true,"href":"https:\/\/www.europesays.com\/fr\/wp-json\/wp\/v2\/tags?post=136936"}],"curies":[{"name":"wp","href":"https:\/\/api.w.org\/{rel}","templated":true}]}}