{"id":136940,"date":"2025-05-29T13:48:11","date_gmt":"2025-05-29T13:48:11","guid":{"rendered":"https:\/\/www.europesays.com\/fr\/136940\/"},"modified":"2025-05-29T13:48:11","modified_gmt":"2025-05-29T13:48:11","slug":"le-nucleaire-a-de-nouveau-le-vent-en-poupe-en-europe-orano-la-hague-a-lecoute-de-nouveaux-clients","status":"publish","type":"post","link":"https:\/\/www.europesays.com\/fr\/136940\/","title":{"rendered":"Le nucl\u00e9aire a de nouveau le vent en poupe en Europe, Orano La Hague \u00ab \u00e0 l&rsquo;\u00e9coute \u00bb de nouveaux clients"},"content":{"rendered":"<p>            Par<br \/>\n        <strong><br \/>\n            <a href=\"https:\/\/actu.fr\/auteur\/s-lavenu\" title=\"Consulter tous les articles de Sol\u00e8ne Lavenu\" target=\"_blank\" rel=\"noopener\">Sol\u00e8ne Lavenu<\/a><br \/>\n        <\/strong><\/p>\n<p>        Publi\u00e9 le<\/p>\n<p>            29 mai 2025 \u00e0 12h06        <\/p>\n<p>\u00ab Il n\u2019y a que les imb\u00e9ciles qui ne changent pas d\u2019avis. \u00bb Ce proverbe semble plus que jamais d\u2019actualit\u00e9 dans le secteur de l\u2019\u00e9nergie. Aujourd\u2019hui, apr\u00e8s avoir \u00e9t\u00e9 d\u00e9cri\u00e9 et mis sur le banc des accus\u00e9s, le nucl\u00e9aire a de nouveau le vent en poupe en Europe. <b>Un regain d\u2019int\u00e9r\u00eat qui pourrait se r\u00e9percuter directement sur le site<\/b> d\u2019<a href=\"https:\/\/actu.fr\/tag\/orano-la-hague\" target=\"_blank\" rel=\"noopener\">Orano La Hague<\/a> (Manche).<\/p>\n<p>Marche arri\u00e8re toute<\/p>\n<p class=\" wall-content\"><b>Depuis le d\u00e9but de l\u2019ann\u00e9e 2025, de nombreux dirigeants europ\u00e9ens ne cessent de revoir leur position sur cette \u00e9nergie bas carbone<\/b>. Apr\u00e8s 40\u00a0ans d\u2019interdiction,<b> le Danemark<\/b> a fait passer une loi qui ouvre la possibilit\u00e9 d\u2019un retour en gr\u00e2ce de l\u2019atome dans la production d\u2019\u00e9lectricit\u00e9 du pays : 71 parlementaires s\u2019y sont montr\u00e9s favorables et 34\u00a0contre. Si aucune d\u00e9cision concr\u00e8te n\u2019est prise, le vote est symbolique et permet aux autorit\u00e9s publiques d\u2019explorer la possibilit\u00e9 du retour.<\/p>\n<p>M\u00eame l\u2019Allemagne s\u2019interroge<\/p>\n<p class=\" wall-content\"><b>D\u2019autres pays ont, eux, fait un pas suppl\u00e9mentaire vers le nucl\u00e9aire<\/b>. Gilberto Pichetto Fratin, ministre italien de l\u2019Environnement et la S\u00e9curit\u00e9 \u00e9nerg\u00e9tique, s\u2019est dit convaincu que l\u2019\u00e9nergie nucl\u00e9aire serait <b>de retour en Italie \u00ab d\u2019ici \u00e0 2030 \u00bb.<\/b> Le Conseil des ministres a approuv\u00e9 le 28\u00a0f\u00e9vrier un plan de relance, renversant la position antinucl\u00e9aire approuv\u00e9e par deux r\u00e9f\u00e9rendums en\u00a01987 et\u00a02011.<\/p>\n<p class=\" wall-content\"><b>En Espagne<\/b>, la fermeture programm\u00e9e des centrales nucl\u00e9aires d\u2019ici 2035, est, elle aussi, remise en question par la droite. Alors que<b> la Belgique<\/b> a de son c\u00f4t\u00e9 franchi le cap et a annonc\u00e9 le 15\u00a0mai renoncer \u00e0 sortir du nucl\u00e9aire, une voie dans laquelle le pays s\u2019\u00e9tait engag\u00e9 en 2003.<\/p>\n<p class=\" wall-content\"><b>M\u00eame l\u2019Allemagne<\/b> semble faire machine arri\u00e8re. Friedrich Merz, le nouveau chancelier, a critiqu\u00e9 la d\u00e9cision de son pays de sortir du nucl\u00e9aire prise en 2003. Il a reproch\u00e9 \u00e0 son pr\u00e9d\u00e9cesseur Olaf Scholz d\u2019avoir ferm\u00e9 les trois derni\u00e8res centrales nucl\u00e9aires d\u2019Allemagne.<\/p>\n<p class=\" wall-content\">De nouvelles positions qui rebattent les cartes, notamment pour Orano La Hague. Parmi ces pays, plusieurs \u00e9taient des clients historiques du site de traitement et recyclage des combustibles us\u00e9s. \u00ab <b>Orano accueille favorablement ces indicateurs du renouveau du nucl\u00e9aire<\/b> qui illustrent le changement global de position en Europe vis-\u00e0-vis de cette \u00e9nergie bas carbone \u00bb, se r\u00e9jouit l\u2019entreprise.<\/p>\n<p class=\" wall-content\">Si aucun discours europ\u00e9en ne se prononce, en revanche, sur la gestion des combustibles us\u00e9s, <b>certains pourraient se r\u00e9engager \u00e9galement dans la voie du retraitement. <\/b>\u00ab <b>Ils pourraient bien s\u00fbr envisager de b\u00e9n\u00e9ficier de notre offre de service<\/b> contribuant de fait \u00e0 la souverainet\u00e9 \u00e9nerg\u00e9tique de l\u2019Europe tout en diminuant le volume et la radiotoxicit\u00e9 des d\u00e9chets ultimes \u00bb, se r\u00e9jouit encore Orano La Hague.<\/p>\n<p>Plus d\u2019entreposage \u00e0 la Hague ?<\/p>\n<p class=\" wall-content\"><b>Certains pays europ\u00e9ens ont d\u2019ailleurs encore des contrats en cours avec Orano.<\/b> L\u2019Italie a livr\u00e9, par exemple, des d\u00e9chets entre\u00a02007 et\u00a02015, qui ont \u00e9t\u00e9 retrait\u00e9s mais qui sont toujours stock\u00e9s \u00e0 <a href=\"https:\/\/actu.fr\/normandie\/la-hague_50041\" target=\"_blank\" rel=\"noopener\">La Hague<\/a>, notamment \u00e0 cause de Mox us\u00e9, plus complexes \u00e0 traiter. L\u2019accord intergouvernemental pr\u00e9voit un retour fin 2025. <b>Une date qui pourrait \u00eatre r\u00e9vis\u00e9e<\/b> \u00ab au regard de l\u2019absence de d\u00e9signation d\u2019un site par l\u2019Italie \u00bb, expliquait Orano en novembre 2024.<\/p>\n<p>Le retour d\u2019anciens clients pour Orano La Hague ?<\/p>\n<p class=\" wall-content\">La Belgique et l\u2019Espagne comptent eux aussi encore quelques tonnes de d\u00e9chets vitrifi\u00e9s sur le site de La Hague qu\u2019ils doivent r\u00e9cup\u00e9rer. Avant la signature de nouveaux contrats ? <b>Il est trop pr\u00e9matur\u00e9 pour l\u2019envisager.<\/b><\/p>\n<p class=\" wall-content\"><b>Mais Orano reste \u00ab \u00e0 l\u2019\u00e9coute de ses clients \u00bb. <\/b><\/p>\n<p class=\" wall-content\">Quant aux pays europ\u00e9ens d\u00e9veloppant pour la premi\u00e8re fois leurs capacit\u00e9s de production \u00e9lectronucl\u00e9aire, \u00ab la planification de leur cycle du combustible est n\u00e9cessaire pour le long terme \u00bb, d\u00e9taille Orano. <b>L\u2019entreprise se tient pr\u00eate \u00e0 r\u00e9pondre \u00e0 toute demande.<\/b><\/p>\n<p class=\" wall-content\">Suivez toute l\u2019actualit\u00e9 de vos villes et m\u00e9dias favoris en vous inscrivant \u00e0 <a href=\"https:\/\/moncompte.actu.fr\" title=\"D\u00e9couvez Mon Actu\" rel=\"nofollow noopener\" data-trk=\"{&quot;cta&quot;:{&quot;action&quot;:&quot;https:\\\/\\\/moncompte.actu.fr&quot;,&quot;category&quot;:&quot;mon compte&quot;,&quot;from&quot;:&quot;article footer&quot;,&quot;name&quot;:&quot;Mon actu&quot;,&quot;type&quot;:&quot;cta&quot;}}\" target=\"_blank\">Mon Actu<\/a>.<\/p>\n","protected":false},"excerpt":{"rendered":"Par Sol\u00e8ne Lavenu Publi\u00e9 le 29 mai 2025 \u00e0 12h06 \u00ab Il n\u2019y a que les imb\u00e9ciles qui&hellip;\n","protected":false},"author":2,"featured_media":136941,"comment_status":"","ping_status":"","sticky":false,"template":"","format":"standard","meta":{"footnotes":""},"categories":[1586],"tags":[11,4427,1777,674,1011,27,12,5654,26332,52,25],"class_list":{"0":"post-136940","1":"post","2":"type-post","3":"status-publish","4":"format-standard","5":"has-post-thumbnail","7":"category-europe","8":"tag-actualites","9":"tag-energies","10":"tag-eu","11":"tag-europe","12":"tag-fr","13":"tag-france","14":"tag-news","15":"tag-nucleaire","16":"tag-orano-la-hague","17":"tag-planete","18":"tag-republique-francaise"},"share_on_mastodon":{"url":"https:\/\/pubeurope.com\/@fr\/114591439557896641","error":""},"_links":{"self":[{"href":"https:\/\/www.europesays.com\/fr\/wp-json\/wp\/v2\/posts\/136940","targetHints":{"allow":["GET"]}}],"collection":[{"href":"https:\/\/www.europesays.com\/fr\/wp-json\/wp\/v2\/posts"}],"about":[{"href":"https:\/\/www.europesays.com\/fr\/wp-json\/wp\/v2\/types\/post"}],"author":[{"embeddable":true,"href":"https:\/\/www.europesays.com\/fr\/wp-json\/wp\/v2\/users\/2"}],"replies":[{"embeddable":true,"href":"https:\/\/www.europesays.com\/fr\/wp-json\/wp\/v2\/comments?post=136940"}],"version-history":[{"count":0,"href":"https:\/\/www.europesays.com\/fr\/wp-json\/wp\/v2\/posts\/136940\/revisions"}],"wp:featuredmedia":[{"embeddable":true,"href":"https:\/\/www.europesays.com\/fr\/wp-json\/wp\/v2\/media\/136941"}],"wp:attachment":[{"href":"https:\/\/www.europesays.com\/fr\/wp-json\/wp\/v2\/media?parent=136940"}],"wp:term":[{"taxonomy":"category","embeddable":true,"href":"https:\/\/www.europesays.com\/fr\/wp-json\/wp\/v2\/categories?post=136940"},{"taxonomy":"post_tag","embeddable":true,"href":"https:\/\/www.europesays.com\/fr\/wp-json\/wp\/v2\/tags?post=136940"}],"curies":[{"name":"wp","href":"https:\/\/api.w.org\/{rel}","templated":true}]}}