{"id":136942,"date":"2025-05-29T13:49:10","date_gmt":"2025-05-29T13:49:10","guid":{"rendered":"https:\/\/www.europesays.com\/fr\/136942\/"},"modified":"2025-05-29T13:49:10","modified_gmt":"2025-05-29T13:49:10","slug":"lue-vache-a-lait-abusee-par-la-grece-dans-un-vaste-scandale-de-detournement-de-fonds","status":"publish","type":"post","link":"https:\/\/www.europesays.com\/fr\/136942\/","title":{"rendered":"L\u2019UE, vache \u00e0 lait abus\u00e9e par la Gr\u00e8ce\u00a0dans un vaste scandale de d\u00e9tournement de fonds"},"content":{"rendered":"<p>              <a tabindex=\"-1\" title=\"Fabien Perrier\" href=\"https:\/\/www.letemps.ch\/profil\/fabien-perrier\" target=\"_blank\" rel=\"noopener\"><\/p>\n<p>                    <img decoding=\"async\" src=\"https:\/\/www.europesays.com\/fr\/wp-content\/uploads\/2025\/05\/1748526550_620_small.jpeg\" class=\"lazy\" alt=\"\"\/><\/p>\n<p><\/a>        <\/p>\n<p>    Publi\u00e9 le 29 mai 2025 \u00e0 15:43.<\/p>\n<p> 3 min. de lecture<\/p>\n<p>Une \u00abnouvelle humiliation de notre pays\u00bb. Le journal d\u2019investigation Documento choisit des mots forts pour qualifier ce qui, en Gr\u00e8ce, fait la une des journaux depuis deux jours: une affaire de d\u00e9tournement de fonds qui implique l\u2019Union europ\u00e9enne. En r\u00e9alit\u00e9, il s\u2019agit d\u2019un stratag\u00e8me, \u00e9rig\u00e9 en syst\u00e8me, visant \u00e0 escroquer l\u2019UE de plusieurs dizaines de millions d\u2019euros. Au c\u0153ur de ce scandale financier se trouvent une agence de l\u2019Etat, l\u2019Organisation pour le paiement et le contr\u00f4le des aides communautaires et des garanties (OPEKEPE), et le secteur agricole.<\/p>\n<p>Le stratag\u00e8me trouve sa source dans des modifications de la l\u00e9gislation europ\u00e9enne datant de 2017 et qui permet de classer plus de terres en p\u00e2turage dans la r\u00e9gion m\u00e9diterran\u00e9enne. \u00abLa d\u00e9finition \u00e9largie, pour laquelle\u00a0la Gr\u00e8ce avait fait pression, incluait non seulement les prairies, mais aussi les broussailles et les p\u00e2turages bois\u00e9s\u00bb, explique Politico. En cons\u00e9quence, la superficie \u00e9ligible en Gr\u00e8ce a presque doubl\u00e9, tout comme les possibilit\u00e9s de fraude.<\/p>\n<p>    L\u2019histoire ne s\u2019arr\u00eate pas l\u00e0.<\/p>\n<p class=\"post-subscribe__mention\">Restez inform\u00e9(e) sans limites pendant toute l&rsquo;ann\u00e9e \u2192 votre abonnement digital mensuel d\u00e8s CHF 29.- \/ mois.<\/p>\n<p class=\"post-subscribe__mention post-subscribe__mention--temporary\">Abonnez-vous en quelques clics et payez facilement avec <b>Twint<\/b>.<\/p>\n<p>    <a class=\"button is-secondary\" data-event=\"click-&gt;clicked\" href=\"https:\/\/www.letemps.ch\/abonnements?wall_id=19\" target=\"_blank\" rel=\"noopener\">Je m&rsquo;abonne<\/a><\/p>\n<p class=\"post-subscribe__login\">\n        Vous avez d\u00e9j\u00e0 un compte ?<br \/>\n        <a class=\"link\" rel=\"nofollow noopener\" href=\"https:\/\/www.letemps.ch\/compte\/connexion?return_to=https%3A%2F%2Fwww.letemps.ch%2Fmonde%2Feurope%2Fl-ue-vache-a-lait-abusee-par-la-grece-dans-un-vaste-scandale-de-detournement-de-fonds\" target=\"_blank\">Se connecter<\/a>\n      <\/p>\n","protected":false},"excerpt":{"rendered":"Publi\u00e9 le 29 mai 2025 \u00e0 15:43. 3 min. de lecture Une \u00abnouvelle humiliation de notre pays\u00bb. Le&hellip;\n","protected":false},"author":2,"featured_media":136943,"comment_status":"","ping_status":"","sticky":false,"template":"","format":"standard","meta":{"footnotes":""},"categories":[1586],"tags":[11,1777,674,1779,1011,27,8906,12,301,25,1778,364],"class_list":{"0":"post-136942","1":"post","2":"type-post","3":"status-publish","4":"format-standard","5":"has-post-thumbnail","7":"category-europe","8":"tag-actualites","9":"tag-eu","10":"tag-europe","11":"tag-european-union","12":"tag-fr","13":"tag-france","14":"tag-grece","15":"tag-news","16":"tag-premium","17":"tag-republique-francaise","18":"tag-ue","19":"tag-union-europeenne"},"share_on_mastodon":{"url":"https:\/\/pubeurope.com\/@fr\/114591443677838053","error":""},"_links":{"self":[{"href":"https:\/\/www.europesays.com\/fr\/wp-json\/wp\/v2\/posts\/136942","targetHints":{"allow":["GET"]}}],"collection":[{"href":"https:\/\/www.europesays.com\/fr\/wp-json\/wp\/v2\/posts"}],"about":[{"href":"https:\/\/www.europesays.com\/fr\/wp-json\/wp\/v2\/types\/post"}],"author":[{"embeddable":true,"href":"https:\/\/www.europesays.com\/fr\/wp-json\/wp\/v2\/users\/2"}],"replies":[{"embeddable":true,"href":"https:\/\/www.europesays.com\/fr\/wp-json\/wp\/v2\/comments?post=136942"}],"version-history":[{"count":0,"href":"https:\/\/www.europesays.com\/fr\/wp-json\/wp\/v2\/posts\/136942\/revisions"}],"wp:featuredmedia":[{"embeddable":true,"href":"https:\/\/www.europesays.com\/fr\/wp-json\/wp\/v2\/media\/136943"}],"wp:attachment":[{"href":"https:\/\/www.europesays.com\/fr\/wp-json\/wp\/v2\/media?parent=136942"}],"wp:term":[{"taxonomy":"category","embeddable":true,"href":"https:\/\/www.europesays.com\/fr\/wp-json\/wp\/v2\/categories?post=136942"},{"taxonomy":"post_tag","embeddable":true,"href":"https:\/\/www.europesays.com\/fr\/wp-json\/wp\/v2\/tags?post=136942"}],"curies":[{"name":"wp","href":"https:\/\/api.w.org\/{rel}","templated":true}]}}