{"id":136944,"date":"2025-05-29T13:50:20","date_gmt":"2025-05-29T13:50:20","guid":{"rendered":"https:\/\/www.europesays.com\/fr\/136944\/"},"modified":"2025-05-29T13:50:20","modified_gmt":"2025-05-29T13:50:20","slug":"marine-le-pen-remet-jordan-bardella-a-sa-place-en-le-taclant-sur-sa-meconnaissance-du-dossier-caledonien-liberation","status":"publish","type":"post","link":"https:\/\/www.europesays.com\/fr\/136944\/","title":{"rendered":"Marine Le\u00a0Pen remet Jordan Bardella \u00e0 sa place en le taclant sur sa (m\u00e9)connaissance du dossier cal\u00e9donien \u2013 Lib\u00e9ration"},"content":{"rendered":"<p class=\"sc-ksZaOG ehjQrN text-element\">Jordan Bardella se serait bien pass\u00e9 de cette carte postale que lui a envoy\u00e9e la \u00abcheffe\u00bb du RN depuis les antipodes. En visite en Nouvelle-Cal\u00e9donie, pour r\u00e9affirmer sa stature pr\u00e9sidentielle face \u00e0 son dauphin qui <a href=\"https:\/\/www.liberation.fr\/politique\/condamnation-de-marine-le-pen-jordan-bardella-prend-les-commandes-de-la-pme-familiale-20250331_NVDXMGV7FFGRHH3SOO5MFS6RKY\/\" target=\"_blank\" rel=\"nofollow noopener\" title=\"https:\/\/www.liberation.fr\/politique\/condamnation-de-marine-le-pen-jordan-bardella-prend-les-commandes-de-la-pme-familiale-20250331_NVDXMGV7FFGRHH3SOO5MFS6RKY\/\">se voit d\u00e9j\u00e0 dans la course \u00e0 l\u2019Elys\u00e9e<\/a>, Marine Le Pen en a profit\u00e9 pour lui faire un joli croc-en-jambe. Manifestement agac\u00e9e par la une de Valeurs actuelles du mercredi 28 mai, o\u00f9 Bardella prend la pose avec en titre \u00abObjectif 2027\u00bb et d\u00e9clare \u00abnous sommes pr\u00eats \u00e0 gouverner\u00bb, en se voyant d\u00e9j\u00e0 en haut de l\u2019affiche, la patronne des d\u00e9put\u00e9s du Rassemblement national a remis l\u2019imp\u00e9trant \u00e0 sa place.<\/p>\n<p class=\"sc-ksZaOG ehjQrN text-element\">\u00abJe suis candidate \u00e0 la pr\u00e9sidentielle et par cons\u00e9quent, demain, je peux \u00eatre amen\u00e9e, si je suis \u00e9lue [\u2026] \u00e0 avoir une part active dans les d\u00e9cisions qui pourraient \u00eatre prises\u00bb concernant l\u2019avenir de la Nouvelle-Cal\u00e9donie, a d\u00e9clar\u00e9 Marine Le Pen, faisant fi de <a href=\"https:\/\/www.liberation.fr\/checknews\/la-peine-dineligibil\" target=\"_blank\" rel=\"nofollow noopener\" title=\"https:\/\/www.liberation.fr\/checknews\/la-peine-dineligibil\">la peine d\u2019in\u00e9ligibilit\u00e9 de cinq ans<\/a> \u00e0 laquelle elle a \u00e9t\u00e9 condamn\u00e9e dans l\u2019affaire des assistants parlementaires du RN, mais dont elle a fait appel. Interrog\u00e9e au micro de LCI depuis Noum\u00e9a, elle a ajout\u00e9 qu\u2019elle avait bien l\u2019intention de \u00abparticiper \u00e0 ces consultations\u00bb sur l\u2019archipel, qui d\u00e9buteront mi-juin \u00e0 Paris, en se posant en arbitre \u00abentre les deux \u201cradicalit\u00e9s\u201d ind\u00e9pendantistes et \u201cloyalistes\u00a0\u00bb\u00bb.<\/p>\n<p class=\"sc-ksZaOG ehjQrN text-element\">Mais Jordan Bardella aurait-il sa place dans ces discussions ? \u00abJe ne suis pas s\u00fbre que Jordan, pour le coup, connaisse tr\u00e8s bien les probl\u00e9matiques de la Nouvelle-Cal\u00e9donie\u00bb, a tacl\u00e9 Marine Le Pen. Avant d\u2019ajouter avec une pointe de perfidie : \u00abOn se partage nos talents, dirons-nous.\u00bb Sous-entendu moi je sais, lui ne conna\u00eet rien au dossier\u2026 Voil\u00e0 le jeune ambitieux remis \u00e0 sa place, et pas celle de num\u00e9ro un. \u00abJordan Bardella a la stature pour \u00eatre Premier ministre parce que c\u2019est la responsabilit\u00e9 que je compte lui confier, a-t-elle ajout\u00e9. Mais pour l\u2019instant, je suis candidate \u00e0 la pr\u00e9sidentielle, et je crois savoir qu\u2019il a \u00e9galement indiqu\u00e9 qu\u2019il soutiendrait ce duo que nous formons [\u2026] et que nous repr\u00e9senterons aux Fran\u00e7ais en 2027.\u00bb<\/p>\n<p class=\"sc-ksZaOG ehjQrN text-element\">On l\u2019aura compris, celle qui reste l\u2019h\u00e9riti\u00e8re et la patronne <a href=\"https:\/\/www.liberation.fr\/politique\/condamnation-de-marine-le-pen-jordan-bardella-prend-les-commandes-de-la-pme-familiale-20250331_NVDXMGV7FFGRHH3SOO5MFS6RKY\/\" target=\"_blank\" rel=\"nofollow noopener\" title=\"https:\/\/www.liberation.fr\/politique\/condamnation-de-marine-le-pen-jordan-bardella-prend-les-commandes-de-la-pme-familiale-20250331_NVDXMGV7FFGRHH3SOO5MFS6RKY\/\">de la PME familiale<\/a> n\u2019a <a href=\"https:\/\/www.liberation.fr\/politique\/je-ne-disparais-pas-assure-marine-le-pen-malgre-sa-condamnation-20250508_R7D47HICJFD7NBRDBDCI7SBVIE\/\" target=\"_blank\" rel=\"nofollow noopener\" title=\"https:\/\/www.liberation.fr\/politique\/je-ne-disparais-pas-assure-marine-le-pen-malgre-sa-condamnation-20250508_R7D47HICJFD7NBRDBDCI7SBVIE\/\">aucune intention de \u00abdispara\u00eetre\u00bb<\/a> au profit du jeune pr\u00e9sident du parti d\u2019extr\u00eame droite rendu euphorique <a href=\"https:\/\/www.liberation.fr\/politique\/europeennes-2024-au-rassemblement-national-jordan-bardella-creve-le-plafond-20240609_P7HLMQZWKRAI7N4QYZ3FH63YYE\/\" target=\"_blank\" rel=\"nofollow noopener\" title=\"https:\/\/www.liberation.fr\/politique\/europeennes-2024-au-rassemblement-national-jordan-bardella-creve-le-plafond-20240609_P7HLMQZWKRAI7N4QYZ3FH63YYE\/\">par son score \u00abhistorique\u00bb aux \u00e9lections europ\u00e9ennes<\/a> et l\u2019emp\u00eachement potentiel de sa marraine, Marine. Magnanime, la patronne a tout de m\u00eame conc\u00e9d\u00e9 : \u00abSi je ne peux pas \u00eatre candidate, \u00e9videmment que Jordan Bardella sera candidat \u00e0 la pr\u00e9sidentielle.\u00bb Mais ce n\u2019est d\u00e9cid\u00e9ment pas son sc\u00e9nario favori.<\/p>\n<p class=\"sc-ksZaOG ehjQrN text-element\">Ce n\u2019est pas la premi\u00e8re fois que Le Pen recadre Bardella. <a href=\"https:\/\/pour mon honneur et pour mon innocence que j&#x2019;ai d&#xFB; m&#x2019;engager dans une nouvelle bataille avec pour seule ambition de pouvoir vous repr&#xE9;senter dans deux ans &#xE0; la prochaine pr&#xE9;sidentielle.&#xBB; \" target=\"_blank\" rel=\"nofollow\" title=\"https:\/\/pour mon honneur et pour mon innocence que j&#x2019;ai d&#xFB; m&#x2019;engager dans une nouvelle bataille avec pour seule ambition de pouvoir vous repr&#xE9;senter dans deux ans &#xE0; la prochaine pr&#xE9;sidentielle.&#xBB; \">En meeting \u00e0 Narbonne le 1er mai<\/a>, elle avait r\u00e9affirm\u00e9 sa volont\u00e9 de gagner la bataille judiciaire contre son in\u00e9ligibilit\u00e9 et son \u00abambition de pouvoir repr\u00e9senter [les \u00e9lecteurs RN] dans deux ans \u00e0 la prochaine pr\u00e9sidentielle\u00bb. Une reprise de vol\u00e9e destin\u00e9e \u00e0 son dauphin qui avait cru pouvoir affirmer ses ambitions pr\u00e9sidentielles dans le Parisien sur le th\u00e8me \u00absi elle devait \u00eatre emp\u00each\u00e9e demain, je pense pouvoir vous dire que je serais son candidat\u00bb.<\/p>\n<p class=\"sc-ksZaOG ehjQrN text-element\">Et le principal int\u00e9ress\u00e9, dans tout \u00e7a ? En d\u00e9placement \u00e0 Beaucaire, ville dirig\u00e9e par le Rassemblement national, Jordan Bardella a gard\u00e9 le doigt sur la couture du pantalon, tentant de d\u00e9placer la responsabilit\u00e9 de la mornifle sur les \u00e9paules de la presse : \u00abElle ne dit pas que je ne connais pas le dossier. Et je ne m\u2019amuserais pas \u00e0 r\u00e9pondre \u00e0 ce genre de questions, je pense que vous sortez la phrase de son contexte.\u00bb Rappel\u00e9 \u00e0 sa condition de num\u00e9ro 2 \u2010 toujours pr\u00e9caire, au FN comme au RN \u2010, le dauphin a tent\u00e9 de rester droit dans ses bottes, livrant le ton des \u00e9l\u00e9ments de langage \u00e0 venir : \u00abMarine Le\u00a0Pen s\u2019est exprim\u00e9e il y a quelques minutes sur LCI et a eu l\u2019occasion de rappeler qu\u2019il n\u2019y avait pas de feuilles de papier \u00e0 cigarette entre nous, et je crois que c\u2019est l\u00e0 l\u2019essentiel.\u00bb <\/p>\n<p class=\"sc-ksZaOG ehjQrN text-element\">Des copeaux de langue de bois qu\u2019avaient \u00e9galement d\u00e9bit\u00e9s les cadres du parti. La d\u00e9put\u00e9e et vice-pr\u00e9sidente du RN, <a href=\"https:\/\/www.liberation.fr\/politique\/elections\/ce-sera-pour-vous-madame-diaz-dans-le-nord-de-la-gironde-le-rn-en-terrain-conquis-20240617_Q4RM4FOQCRFG5DVPFZUPS6EBDQ\/\" target=\"_blank\" rel=\"nofollow noopener\" title=\"https:\/\/www.liberation.fr\/politique\/elections\/ce-sera-pour-vous-madame-diaz-dans-le-nord-de-la-gironde-le-rn-en-terrain-conquis-20240617_Q4RM4FOQCRFG5DVPFZUPS6EBDQ\/\">Edwige Diaz<\/a>, a assur\u00e9 sur TF1 qu\u2019il y avait \u00abune grande confiance entre Marine Le Pen et Jordan Bardella\u00bb, ajoutant que les deux responsables \u00abtravaillent en \u00e9troite collaboration avec l\u2019ensemble des cadres du Rassemblement national\u00bb pour \u00abla victoire de 2027, ou peut-\u00eatre m\u00eame avant s\u2019il y a une dissolution de l\u2019Assembl\u00e9e nationale.\u00bb Le d\u00e9put\u00e9 de la Moselle et porte-parole du RN, Laurent Jacobelli, a lui un peu ram\u00e9 au micro de France Info sur le th\u00e8me \u00abtout va bien au RN, Marine et Jordan travaillent ensemble\u00bb. Mais tout en vantant, \u00abla force d\u2019un tandem\u00bb, il a une nouvelle fois fait acte d\u2019all\u00e9geance \u00e0 qui de droit : Marine Le Pen \u00abest la patronne, elle est notre candidate l\u00e9gitime\u00bb. On n\u2019est jamais trop prudent. <\/p>\n<p class=\"sc-ksZaOG ehjQrN text-element\"><b>Mise \u00e0 jour \u00e0 15h13 <\/b>avec la r\u00e9action de Jordan Bardella <\/p>\n","protected":false},"excerpt":{"rendered":"Jordan Bardella se serait bien pass\u00e9 de cette carte postale que lui a envoy\u00e9e la \u00abcheffe\u00bb du RN&hellip;\n","protected":false},"author":2,"featured_media":136945,"comment_status":"","ping_status":"","sticky":false,"template":"","format":"standard","meta":{"footnotes":""},"categories":[2],"tags":[11,1076,1011,27,1077,430,12,23874,25],"class_list":{"0":"post-136944","1":"post","2":"type-post","3":"status-publish","4":"format-standard","5":"has-post-thumbnail","7":"category-actualites","8":"tag-actualites","9":"tag-extreme-droite","10":"tag-fr","11":"tag-france","12":"tag-jordan-bardella","13":"tag-marine-le-pen","14":"tag-news","15":"tag-nouvelle-caledonie","16":"tag-republique-francaise"},"share_on_mastodon":{"url":"https:\/\/pubeurope.com\/@fr\/114591447321936628","error":""},"_links":{"self":[{"href":"https:\/\/www.europesays.com\/fr\/wp-json\/wp\/v2\/posts\/136944","targetHints":{"allow":["GET"]}}],"collection":[{"href":"https:\/\/www.europesays.com\/fr\/wp-json\/wp\/v2\/posts"}],"about":[{"href":"https:\/\/www.europesays.com\/fr\/wp-json\/wp\/v2\/types\/post"}],"author":[{"embeddable":true,"href":"https:\/\/www.europesays.com\/fr\/wp-json\/wp\/v2\/users\/2"}],"replies":[{"embeddable":true,"href":"https:\/\/www.europesays.com\/fr\/wp-json\/wp\/v2\/comments?post=136944"}],"version-history":[{"count":0,"href":"https:\/\/www.europesays.com\/fr\/wp-json\/wp\/v2\/posts\/136944\/revisions"}],"wp:featuredmedia":[{"embeddable":true,"href":"https:\/\/www.europesays.com\/fr\/wp-json\/wp\/v2\/media\/136945"}],"wp:attachment":[{"href":"https:\/\/www.europesays.com\/fr\/wp-json\/wp\/v2\/media?parent=136944"}],"wp:term":[{"taxonomy":"category","embeddable":true,"href":"https:\/\/www.europesays.com\/fr\/wp-json\/wp\/v2\/categories?post=136944"},{"taxonomy":"post_tag","embeddable":true,"href":"https:\/\/www.europesays.com\/fr\/wp-json\/wp\/v2\/tags?post=136944"}],"curies":[{"name":"wp","href":"https:\/\/api.w.org\/{rel}","templated":true}]}}