{"id":13695,"date":"2025-04-09T22:38:17","date_gmt":"2025-04-09T22:38:17","guid":{"rendered":"https:\/\/www.europesays.com\/fr\/13695\/"},"modified":"2025-04-09T22:38:17","modified_gmt":"2025-04-09T22:38:17","slug":"bas-rhin-un-homme-tue-et-un-autre-blesse-par-des-coups-de-feu-pres-de-strasbourg-le-suspect-interpelle-3","status":"publish","type":"post","link":"https:\/\/www.europesays.com\/fr\/13695\/","title":{"rendered":"Bas-Rhin. Un homme tu\u00e9 et un autre bless\u00e9 par des coups de feu pr\u00e8s de Strasbourg, le suspect interpell\u00e9"},"content":{"rendered":"<p>Les forces de l\u2019ordre sont intervenues vers 18\u200a h\u200a 30 ce lundi \u00e0 Muttersholtz (Bas-Rhin), entre Strasbourg et Colmar, pour des coups de feu entendus un quart d&rsquo;heure plus t\u00f4t. \u00c0 leur arriv\u00e9e sur place, un homme de 53 ans \u00e9tait d\u00e9j\u00e0 d\u00e9c\u00e9d\u00e9 et un autre bless\u00e9 au bras, rapportent les <a href=\"https:\/\/www.dna.fr\/faits-divers-justice\/2025\/04\/07\/un-mort-et-un-blesse-apres-des-coups-de-feu-un-suspect-en-fuite\" target=\"_blank\" rel=\"nofollow noopener\">Derni\u00e8res Nouvelles d&rsquo;Alsace<\/a>.<\/p>\n<p>Ce contenu est bloqu\u00e9 car vous n&rsquo;avez pas accept\u00e9 les cookies et autres traceurs.<\/p>\n<p>En cliquant sur \u00ab J\u2019accepte \u00bb, les cookies et autres traceurs seront d\u00e9pos\u00e9s et vous pourrez visualiser les contenus  (<a href=\"\" class=\"consentModule_policy\" target=\"_blank\" title=\"Consulter la politique de protection des donn\u00e9es du fournisseur\">plus d&rsquo;informations<\/a>).<\/p>\n<p>En cliquant sur \u00ab J\u2019accepte tous les cookies \u00bb, vous autorisez des d\u00e9p\u00f4ts de cookies et autres traceurs pour le stockage de vos donn\u00e9es sur nos sites et applications \u00e0 des fins de personnalisation et de ciblage publicitaire.<\/p>\n<p class=\"consentModule_secondaryText\">Vous gardez la possibilit\u00e9 de retirer votre consentement \u00e0 tout moment en consultant notre <a href=\"https:\/\/www.republicain-lorrain.fr\/protection-des-donnees\" target=\"_blank\" title=\"Consulter notre politique de protection des donn\u00e9es\" rel=\"nofollow noopener\">politique de protection des donn\u00e9es<\/a>. <br \/>&#13;<br \/>\n            <a href=\"https:\/\/www.republicain-lorrain.fr\/faits-divers-justice\/2025\/04\/08\/javascript:Didomi.notice.show()\" class=\"consentModule_cmp\" rel=\"nofollow noopener\" target=\"_blank\">G\u00e9rer mes choix<\/a>&#13;\n        <\/p>\n<p>&#13;<br \/>\n                        J&rsquo;accepte&#13;<br \/>\n            J&rsquo;accepte tous les cookies&#13;\n        <\/p>\n<p>C&rsquo;est un diff\u00e9rend familial, qui serait \u00e0 l\u2019origine du drame dans ce foyer o\u00f9 les forces de l&rsquo;ordre se sont d\u00e9j\u00e0 d\u00e9plac\u00e9es \u00e0 plusieurs reprises. Un couple \u00e9tait s\u00e9par\u00e9, mais continuait \u00e0 vivre dans une maison bifamille, chacun occupant une partie du logement. La conjointe \u00e9tait cependant \u00e0 la recherche d\u2019un nouveau logement.<\/p>\n<p>Chasse \u00e0 l&rsquo;homme<\/p>\n<p>Ce serait le p\u00e8re de celle-ci qui aurait bless\u00e9 son ex-gendre au bras, et mortellement touch\u00e9 le fr\u00e8re (43 ans) de celui-ci, avant de prendre la fuite. Les forces de l\u2019ordre ont rapidement boucl\u00e9 le quartier et se sont mises en qu\u00eate du tireur, appuy\u00e9es par un h\u00e9licopt\u00e8re.\u00a0<\/p>\n<p>Le tireur a finalement \u00e9t\u00e9 interpell\u00e9 par les gendarmes peu avant 22\u200a h, a confirm\u00e9 le parquet de Colmar.\u00a0\u00c2g\u00e9 de 64 ans, il a \u00e9t\u00e9 plac\u00e9 en garde \u00e0 vue.<\/p>\n<p class=\"note\"><strong>Lire l&rsquo;article complet des\u00a0<a href=\"https:\/\/www.dna.fr\/faits-divers-justice\/2025\/04\/07\/un-mort-et-un-blesse-apres-des-coups-de-feu-un-suspect-en-fuite\" target=\"_blank\" rel=\"nofollow noopener\">Derni\u00e8res Nouvelles d&rsquo;Alsace<\/a>.<\/strong><\/p>\n","protected":false},"excerpt":{"rendered":"Les forces de l\u2019ordre sont intervenues vers 18\u200a h\u200a 30 ce lundi \u00e0 Muttersholtz (Bas-Rhin), entre Strasbourg et&hellip;\n","protected":false},"author":2,"featured_media":9597,"comment_status":"","ping_status":"","sticky":false,"template":"","format":"standard","meta":{"footnotes":""},"categories":[2820],"tags":[1111,11,1777,674,274,107,1011,27,329,775,12,3456,25,640],"class_list":{"0":"post-13695","1":"post","2":"type-post","3":"status-publish","4":"format-standard","5":"has-post-thumbnail","7":"category-strasbourg","8":"tag-actu","9":"tag-actualites","10":"tag-eu","11":"tag-europe","12":"tag-faits-divers-justice","13":"tag-fil-info","14":"tag-fr","15":"tag-france","16":"tag-france-monde","17":"tag-grand-est","18":"tag-news","19":"tag-region-lorraine","20":"tag-republique-francaise","21":"tag-strasbourg"},"share_on_mastodon":{"url":"https:\/\/pubeurope.com\/@fr\/114310408102671510","error":""},"_links":{"self":[{"href":"https:\/\/www.europesays.com\/fr\/wp-json\/wp\/v2\/posts\/13695","targetHints":{"allow":["GET"]}}],"collection":[{"href":"https:\/\/www.europesays.com\/fr\/wp-json\/wp\/v2\/posts"}],"about":[{"href":"https:\/\/www.europesays.com\/fr\/wp-json\/wp\/v2\/types\/post"}],"author":[{"embeddable":true,"href":"https:\/\/www.europesays.com\/fr\/wp-json\/wp\/v2\/users\/2"}],"replies":[{"embeddable":true,"href":"https:\/\/www.europesays.com\/fr\/wp-json\/wp\/v2\/comments?post=13695"}],"version-history":[{"count":0,"href":"https:\/\/www.europesays.com\/fr\/wp-json\/wp\/v2\/posts\/13695\/revisions"}],"wp:featuredmedia":[{"embeddable":true,"href":"https:\/\/www.europesays.com\/fr\/wp-json\/wp\/v2\/media\/9597"}],"wp:attachment":[{"href":"https:\/\/www.europesays.com\/fr\/wp-json\/wp\/v2\/media?parent=13695"}],"wp:term":[{"taxonomy":"category","embeddable":true,"href":"https:\/\/www.europesays.com\/fr\/wp-json\/wp\/v2\/categories?post=13695"},{"taxonomy":"post_tag","embeddable":true,"href":"https:\/\/www.europesays.com\/fr\/wp-json\/wp\/v2\/tags?post=13695"}],"curies":[{"name":"wp","href":"https:\/\/api.w.org\/{rel}","templated":true}]}}