{"id":136954,"date":"2025-05-29T13:58:08","date_gmt":"2025-05-29T13:58:08","guid":{"rendered":"https:\/\/www.europesays.com\/fr\/136954\/"},"modified":"2025-05-29T13:58:08","modified_gmt":"2025-05-29T13:58:08","slug":"communique-de-jorge-martin","status":"publish","type":"post","link":"https:\/\/www.europesays.com\/fr\/136954\/","title":{"rendered":"Communiqu\u00e9 de Jorge Mart\u00edn"},"content":{"rendered":"<p>Lors du GP du Royaume-Uni, le Champion du Monde en titre Jorge Mart\u00edn (Aprilia Racing) a d\u00e9clar\u00e9 qu&rsquo;il partagerait prochainement \u00ab sa version de l&rsquo;histoire \u00bb. Ce jeudi, le n\u00b01 a publi\u00e9 un communiqu\u00e9 sur ses r\u00e9seaux sociaux. Celui-ci est \u00e0 retrouver en int\u00e9gralit\u00e9 ci-dessous :<\/p>\n<p>\u00ab Bonjour \u00e0 tous,<\/p>\n<p>Je voudrais partager avec tous les fans, les m\u00e9dias et les personnes qui suivent ma carri\u00e8re une explication claire sur ma situation avec Aprilia.<\/p>\n<p>\u00c0 aucun moment je n&rsquo;ai enfreint le contrat. Lorsqu&rsquo;on l&rsquo;a sign\u00e9, j&rsquo;ai convenu avec Aprilia que, si certaines circonstances n&rsquo;\u00e9taient pas r\u00e9unies, je me r\u00e9servais le droit de d\u00e9cider de mon avenir pour 2026. C&rsquo;\u00e9tait une condition essentielle pour que j&rsquo;accepte la proposition qu&rsquo;ils m&rsquo;ont faite \u00e0 l&rsquo;\u00e9poque.<\/p>\n<p>Lorsque j&rsquo;ai pris la d\u00e9cision de changer de constructeur l&rsquo;ann\u00e9e derni\u00e8re, l&rsquo;une de mes priorit\u00e9s \u00e9tait d&rsquo;avoir la possibilit\u00e9 de tester la moto en conditions r\u00e9elles et de comprendre l&rsquo;\u00e9quipe et sa m\u00e9thodologie de travail. De cette mani\u00e8re, je pouvais me sentir \u00e0 l&rsquo;aise en signant pour deux ans au lieu d&rsquo;un, ce qui explique pourquoi on a inclus cette condition.<\/p>\n<p>Face \u00e0 la situation de devoir prendre une d\u00e9cision \u00e0 une date fix\u00e9e par ce contrat, j&rsquo;ai d\u00e9cid\u00e9 d&rsquo;exercer mon droit de me lib\u00e9rer pour la saison 2026. Je l&rsquo;ai toujours fait avec respect, clart\u00e9 et avec la seule intention de prendre en main mon avenir en tant qu&rsquo;athl\u00e8te professionnel.<\/p>\n<p>Malheureusement, les circonstances qui se sont produites \u00e0 la suite de mes accidents, m\u00eame s&rsquo;il est vrai qu&rsquo;elles n&rsquo;affectent pas ce qu&rsquo;on avait convenu, ont conditionn\u00e9 cette phase. C&rsquo;est pourquoi j&rsquo;ai toujours \u00e9t\u00e9 ouvert au dialogue avec Aprilia pour \u00e9tendre cette p\u00e9riode \u00e0 un certain nombre de Grands Prix apr\u00e8s mon retour \u00e0 la comp\u00e9tition. L&rsquo;objectif est que les deux parties puissent se donner une seconde chance et se sentir \u00e0 l&rsquo;aise avant de prendre une d\u00e9cision pour 2026.<\/p>\n<p>J&rsquo;ai toujours \u00e9t\u00e9 honn\u00eate avec Aprilia, j&rsquo;ai toujours estim\u00e9 la moto, l&rsquo;\u00e9quipe et l&rsquo;effort de toutes les personnes impliqu\u00e9es dans ce projet. La seule chose que je demande est que ma volont\u00e9 et l&rsquo;esprit de ce qu&rsquo;on a convenu \u00e0 l&rsquo;\u00e9poque avec Aprilia soient respect\u00e9s. Il n&rsquo;y a pas de conflit ou de reproche. Je veux simplement pouvoir regarder l&rsquo;avenir avec clart\u00e9, apr\u00e8s des moments tr\u00e8s difficiles et une grave blessure, et continuer \u00e0 donner le meilleur de moi-m\u00eame sur et en dehors de la piste.<\/p>\n<p>Merci \u00e0 tous pour votre compr\u00e9hension et votre respect,<\/p>\n<p>Jorge Mart\u00edn \u00bb<\/p>\n","protected":false},"excerpt":{"rendered":"Lors du GP du Royaume-Uni, le Champion du Monde en titre Jorge Mart\u00edn (Aprilia Racing) a d\u00e9clar\u00e9 qu&rsquo;il&hellip;\n","protected":false},"author":2,"featured_media":136955,"comment_status":"","ping_status":"","sticky":false,"template":"","format":"standard","meta":{"footnotes":""},"categories":[1413],"tags":[1011,27,1457,1456,60,2032],"class_list":{"0":"post-136954","1":"post","2":"type-post","3":"status-publish","4":"format-standard","5":"has-post-thumbnail","7":"category-moto","8":"tag-fr","9":"tag-france","10":"tag-moto","11":"tag-motocycle","12":"tag-sports","13":"tag-text"},"share_on_mastodon":{"url":"https:\/\/pubeurope.com\/@fr\/114591478809992376","error":""},"_links":{"self":[{"href":"https:\/\/www.europesays.com\/fr\/wp-json\/wp\/v2\/posts\/136954","targetHints":{"allow":["GET"]}}],"collection":[{"href":"https:\/\/www.europesays.com\/fr\/wp-json\/wp\/v2\/posts"}],"about":[{"href":"https:\/\/www.europesays.com\/fr\/wp-json\/wp\/v2\/types\/post"}],"author":[{"embeddable":true,"href":"https:\/\/www.europesays.com\/fr\/wp-json\/wp\/v2\/users\/2"}],"replies":[{"embeddable":true,"href":"https:\/\/www.europesays.com\/fr\/wp-json\/wp\/v2\/comments?post=136954"}],"version-history":[{"count":0,"href":"https:\/\/www.europesays.com\/fr\/wp-json\/wp\/v2\/posts\/136954\/revisions"}],"wp:featuredmedia":[{"embeddable":true,"href":"https:\/\/www.europesays.com\/fr\/wp-json\/wp\/v2\/media\/136955"}],"wp:attachment":[{"href":"https:\/\/www.europesays.com\/fr\/wp-json\/wp\/v2\/media?parent=136954"}],"wp:term":[{"taxonomy":"category","embeddable":true,"href":"https:\/\/www.europesays.com\/fr\/wp-json\/wp\/v2\/categories?post=136954"},{"taxonomy":"post_tag","embeddable":true,"href":"https:\/\/www.europesays.com\/fr\/wp-json\/wp\/v2\/tags?post=136954"}],"curies":[{"name":"wp","href":"https:\/\/api.w.org\/{rel}","templated":true}]}}