{"id":136958,"date":"2025-05-29T14:00:14","date_gmt":"2025-05-29T14:00:14","guid":{"rendered":"https:\/\/www.europesays.com\/fr\/136958\/"},"modified":"2025-05-29T14:00:14","modified_gmt":"2025-05-29T14:00:14","slug":"je-suis-vraiment-desole-arrive-a-bormio-35-minutes-apres-del-toro-juan-ayuso-va-t-il-abandonner-le-giro","status":"publish","type":"post","link":"https:\/\/www.europesays.com\/fr\/136958\/","title":{"rendered":"\u00ab\u00a0Je suis vraiment d\u00e9sol\u00e9\u00a0\u00bb\u00a0: arriv\u00e9 \u00e0 Bormio 35 minutes apr\u00e8s Del Toro, Juan Ayuso va-t-il abandonner le Giro\u00a0?"},"content":{"rendered":"<p class=\"ap-StoryElement ap-StoryElement--mb js-paywall-target ap-StoryText\">S&rsquo;il \u00e9tait parvenu \u00e0 sauver les meubles lors de la deuxi\u00e8me semaine peu montagneuse, il avait d\u00e9j\u00e0 affich\u00e9 quelques limites sur l&rsquo;\u00e9tape du Monte Grappa. Mais depuis le d\u00e9but de la troisi\u00e8me semaine, c&rsquo;est encore pire. <a href=\"https:\/\/www.dhnet.be\/sports\/cyclisme\/giro\/2025\/05\/27\/double-astana-abandon-de-roglic-defaillance-dayuso-et-del-toro-qui-sauve-son-maillot-malgre-les-attaques-on-a-vecu-un-mardi-de-folie-sur-le-giro-5IRN25LY5NHJNJRENWXRT6FVOA\/\" target=\"_blank\" rel=\"noopener\">Mardi, il a perdu un peu moins de 14 minutes sur les autres leaders suite \u00e0 une d\u00e9faillance et une mauvaise gestion du froid. <\/a>Et ce mercredi, il a rapidement \u00e9t\u00e9 l\u00e2ch\u00e9 dans le Mortirolo. Il a termin\u00e9 l&rsquo;\u00e9tape, \u00e0 Bormio, avec le gruppetto des sprinters, \u00e0 35 minutes de son \u00e9quipier et maillot rose Isaac Del Toro.<\/p>\n<p><a href=\"https:\/\/www.dhnet.be\/sports\/cyclisme\/giro\/2025\/05\/28\/giro-isaac-del-toro-remporte-la-17e-etape-et-grignote-au-general-3M2M55OSQRBATIRZZ32BTQW7EE\/\" target=\"_blank\" rel=\"noopener noreferrer\" class=\"ap-StoryInterstitialLink ap-StoryElement ap-StoryElement--mb\">Giro : Isaac Del Toro remporte la 17e \u00e9tape et grignote au g\u00e9n\u00e9ral<\/a><\/p>\n<p class=\"ap-StoryElement ap-StoryElement--mb ap-StoryText\">Souvent raill\u00e9 pour sa froideur, le c\u00f4t\u00e9 individualiste qui lui colle \u00e0 la peau depuis le Tour 2024 o\u00f9 il n&rsquo;a pas \u00e9t\u00e9 l&rsquo;\u00e9quipier id\u00e9al pour Pogacar, Ayuso tra\u00eene sa peine. Mais il eut le m\u00e9rite de terminer l&rsquo;\u00e9tape, ce mercredi. Et il a surpris en s&rsquo;arr\u00eatant pour r\u00e9pondre aux questions des journalistes, dans un contexte o\u00f9 90 % des coureurs auraient fonc\u00e9 vers le bus sans un regard pour les m\u00e9dias. Une attitude qui m\u00e9rite d&rsquo;\u00eatre soulign\u00e9e.<\/p>\n<p class=\"ap-StoryElement ap-StoryElement--mb ap-StoryText\">\u00ab\u00a0Je me sens super fatigu\u00e9, a pr\u00e9cis\u00e9 Ayuso, soutenu par son directeur Matxin, au micro d&rsquo;Eurosport. Je voulais aider l&rsquo;\u00e9quipe mais je n&rsquo;ai pas pu suivre. J&rsquo;en suis vraiment d\u00e9sol\u00e9.\u00a0\u00bb Faut-il craindre un abandon ? \u00ab\u00a0On verra demain. Si c&rsquo;est pour continuer comme cela, je ne sais pas\u2026 J&rsquo;esp\u00e8re aller un peu mieux dans les jours \u00e0 venir et aider l&rsquo;\u00e9quipe.\u00a0\u00bb S&rsquo;il retrouve un peu de jambes, il pourrait devenir un alli\u00e9 pr\u00e9cieux pour Del Toro dans les prochains jours. Ce qui lui permettrait de sortir grandi de ce Tour d&rsquo;Italie. \u00ab\u00a0Et il y en aura un autre la saison prochaine\u00a0\u00bb, a d\u00e9j\u00e0 annonc\u00e9 celui qui esp\u00e8re bien revenir pour la gagne \u00e0 l&rsquo;avenir.<\/p>\n<p><a href=\"https:\/\/www.dhnet.be\/sports\/cyclisme\/giro\/2025\/05\/26\/giro-juan-ayuso-est-une-sorte-de-piece-rapportee-au-sein-du-team-uae-emirates-GXJV66RGSBAONCD6J2QQOMHLWQ\/\" target=\"_blank\" rel=\"noopener noreferrer\" class=\"ap-StoryInterstitialLink ap-StoryElement ap-StoryElement--mb\">Giro : \u00ab\u00a0Juan Ayuso est une sorte de pi\u00e8ce rapport\u00e9e au sein du Team UAE Emirates\u00a0\u00bb<\/a><\/p>\n","protected":false},"excerpt":{"rendered":"S&rsquo;il \u00e9tait parvenu \u00e0 sauver les meubles lors de la deuxi\u00e8me semaine peu montagneuse, il avait d\u00e9j\u00e0 affich\u00e9&hellip;\n","protected":false},"author":2,"featured_media":136959,"comment_status":"","ping_status":"","sticky":false,"template":"","format":"standard","meta":{"footnotes":""},"categories":[1411],"tags":[1154,207,1011,27,13074,18629,60],"class_list":{"0":"post-136958","1":"post","2":"type-post","3":"status-publish","4":"format-standard","5":"has-post-thumbnail","7":"category-cyclisme","8":"tag-cycling","9":"tag-cyclisme","10":"tag-fr","11":"tag-france","12":"tag-le-giro-le-tour-ditalie","13":"tag-primoz-roglic","14":"tag-sports"},"share_on_mastodon":{"url":"https:\/\/pubeurope.com\/@fr\/114591486633155584","error":""},"_links":{"self":[{"href":"https:\/\/www.europesays.com\/fr\/wp-json\/wp\/v2\/posts\/136958","targetHints":{"allow":["GET"]}}],"collection":[{"href":"https:\/\/www.europesays.com\/fr\/wp-json\/wp\/v2\/posts"}],"about":[{"href":"https:\/\/www.europesays.com\/fr\/wp-json\/wp\/v2\/types\/post"}],"author":[{"embeddable":true,"href":"https:\/\/www.europesays.com\/fr\/wp-json\/wp\/v2\/users\/2"}],"replies":[{"embeddable":true,"href":"https:\/\/www.europesays.com\/fr\/wp-json\/wp\/v2\/comments?post=136958"}],"version-history":[{"count":0,"href":"https:\/\/www.europesays.com\/fr\/wp-json\/wp\/v2\/posts\/136958\/revisions"}],"wp:featuredmedia":[{"embeddable":true,"href":"https:\/\/www.europesays.com\/fr\/wp-json\/wp\/v2\/media\/136959"}],"wp:attachment":[{"href":"https:\/\/www.europesays.com\/fr\/wp-json\/wp\/v2\/media?parent=136958"}],"wp:term":[{"taxonomy":"category","embeddable":true,"href":"https:\/\/www.europesays.com\/fr\/wp-json\/wp\/v2\/categories?post=136958"},{"taxonomy":"post_tag","embeddable":true,"href":"https:\/\/www.europesays.com\/fr\/wp-json\/wp\/v2\/tags?post=136958"}],"curies":[{"name":"wp","href":"https:\/\/api.w.org\/{rel}","templated":true}]}}