{"id":136962,"date":"2025-05-29T14:02:08","date_gmt":"2025-05-29T14:02:08","guid":{"rendered":"https:\/\/www.europesays.com\/fr\/136962\/"},"modified":"2025-05-29T14:02:08","modified_gmt":"2025-05-29T14:02:08","slug":"avec-iris-mittenaere-antoine-dupont-doit-se-tenir-a-carreaux-tes-une-poubelle","status":"publish","type":"post","link":"https:\/\/www.europesays.com\/fr\/136962\/","title":{"rendered":"Avec Iris Mittenaere, Antoine Dupont doit se tenir \u00e0 carreaux : \u00ab\u00a0T\u2019es une poubelle !\u00a0\u00bb"},"content":{"rendered":"<p>La vie priv\u00e9e d\u2019Iris Mittenaere est bien mouvement\u00e9e ces<br \/>\nderniers temps. Apr\u00e8s avoir quitt\u00e9 Diego El Glaoui, <a href=\"https:\/\/www.closermag.fr\/people\/iris-mittenaere-ses-confidences-jamais-faites-sur-sa-rupture-douloureuse-a-31-ans-avant-sa-rencontre-avec-antoine-dupont-3547887\" rel=\"nofollow noopener\" target=\"_blank\"><br \/>\nMiss France 2016<\/a> avait retrouv\u00e9 l\u2019amour dans les bras de<br \/>\n<strong>Bruno Pelat .<\/strong> Mais ce dernier a \u00e9t\u00e9 condamn\u00e9 pour<br \/>\nviolences suite \u00e0 une plainte de sa compagne, qui avait alors re\u00e7u<br \/>\ndes coups violents de sa part. Mais voil\u00e0 que l\u2019ancienne Miss<br \/>\nUnivers a pu retrouver calme et s\u00e9r\u00e9nit\u00e9 avec le joueur de rugby,<br \/>\n<strong>Antoine Dupont.<\/strong><\/p>\n<p>En effet, les deux tourtereaux sont apparus ensemble, montant<br \/>\nles marches du dernier <a href=\"https:\/\/www.closermag.fr\/people\/cannes-2025-iris-mittenaere-provocante-a-t-elle-ose-porter-la-tenue-la-plus-coquine-du-festival-3547315\" rel=\"nofollow noopener\" target=\"_blank\"><br \/>\nFestival de Cannes.<\/a> A l\u2019occasion d\u2019une interview pour<br \/>\nl\u2019\u00e9mission Sip et Gossip, Iris Mittenaere a d\u00e9cid\u00e9 de se confier<br \/>\nsur sa vision de l\u2019amour et surtout de la trahison.\u00a0<\/p>\n<p>Iris Mittenaere d\u00e9cide de se confier sur sa vision de l&rsquo;amour<br \/>\net pr\u00e9vient Antoine Dupont de ne pas la faire souffrir<\/p>\n<p>Et une chose est s\u00fbre, le joueur de rugby a int\u00e9r\u00eat \u00e0 se tenir \u00e0<br \/>\ncarreaux ! \u201cJe suis plus du genre \u00e0 partir et \u00e0 dire :<br \/>\n<strong>\u2018Tu m\u2019as perdue, t\u2019as tout perdu\u2019,<\/strong> mais c\u2019est vrai<br \/>\nque de temps en temps, c\u2019est plus croustillant la vengeance\u201d,<br \/>\na-t-elle expliqu\u00e9.<\/p>\n<p>En r\u00e9alit\u00e9, Iris Mittenaere suit une philosophie bien huil\u00e9e :<br \/>\n\u201cC\u2019est plus : T\u2019es une poubelle, je n\u2019ai pas envie de rester \u00e0<br \/>\nc\u00f4t\u00e9 de toi, je m\u2019en d\u00e9barrasse juste, tr\u00e8s loin de moi\u201d.<br \/>\nVoil\u00e0 <a href=\"https:\/\/www.closermag.fr\/people\/antoine-dupont-et-iris-mittenaere-tendre-calin-pour-les-jeunes-tourtereaux-sur-la-croisette-video-3546066\" rel=\"nofollow noopener\" target=\"_blank\"><br \/>\nle capitaine des Bleus<\/a> pr\u00e9venu ! De toute fa\u00e7on, depuis ces<br \/>\nderni\u00e8res p\u00e9rip\u00e9ties, Iris Mittenaere le sait : <strong>il vaut<br \/>\nmieux \u00eatre tr\u00e8s vigilante en amour.\u00a0<\/strong><\/p>\n<p>L&rsquo;ancienne Miss France ne croit pas au<br \/>\ncoup de foudre ni \u00e0 l&rsquo;amour parfait<\/p>\n<p>\u00a0A plusieurs reprises, la jeune femme n\u2019a pas h\u00e9sit\u00e9 \u00e0<br \/>\nfaire des confidences sur sa vision de l\u2019amour :\u00a0 \u00ab\u00a0Le<br \/>\ncouple parfait est fake. Il n\u2019existe pas. (\u2026) Tout ne peut pas \u00eatre<br \/>\ntoujours tout beau et tout rose\u00a0\u00bb, avouait-elle.<\/p>\n<p>L\u2019ancienne reine de beaut\u00e9 esp\u00e8re tout simplement avoir une<br \/>\nrelation apais\u00e9e et pleine de s\u00e9r\u00e9nit\u00e9. \u201cJe ne crois pas trop<br \/>\nau coup de foudre. Je pense qu\u2019on peut ressentir physiquement<br \/>\nquelque chose de tr\u00e8s fort quand on croise le regard de quelqu\u2019un.<br \/>\n<strong>Mais je ne pense pas qu\u2019un coup de foudre peut<br \/>\ns\u2019op\u00e9rer<\/strong><strong>\u00ab\u00a0<\/strong>. En esp\u00e9rant qu\u2019Antoine<br \/>\nDupont puisse apporter ce qu\u2019Iris Mittenaere attend de son<br \/>\ncouple.\u00a0<\/p>\n","protected":false},"excerpt":{"rendered":"La vie priv\u00e9e d\u2019Iris Mittenaere est bien mouvement\u00e9e ces derniers temps. Apr\u00e8s avoir quitt\u00e9 Diego El Glaoui, Miss&hellip;\n","protected":false},"author":2,"featured_media":136963,"comment_status":"","ping_status":"","sticky":false,"template":"","format":"standard","meta":{"footnotes":""},"categories":[1359],"tags":[514,548,58,59,1011,27,7308,973,729],"class_list":{"0":"post-136962","1":"post","2":"type-post","3":"status-publish","4":"format-standard","5":"has-post-thumbnail","7":"category-people","8":"tag-antoine-dupont","9":"tag-article-simple","10":"tag-divertissement","11":"tag-entertainment","12":"tag-fr","13":"tag-france","14":"tag-iris-mittenaere","15":"tag-people","16":"tag-yout_video"},"share_on_mastodon":{"url":"https:\/\/pubeurope.com\/@fr\/114591494526108593","error":""},"_links":{"self":[{"href":"https:\/\/www.europesays.com\/fr\/wp-json\/wp\/v2\/posts\/136962","targetHints":{"allow":["GET"]}}],"collection":[{"href":"https:\/\/www.europesays.com\/fr\/wp-json\/wp\/v2\/posts"}],"about":[{"href":"https:\/\/www.europesays.com\/fr\/wp-json\/wp\/v2\/types\/post"}],"author":[{"embeddable":true,"href":"https:\/\/www.europesays.com\/fr\/wp-json\/wp\/v2\/users\/2"}],"replies":[{"embeddable":true,"href":"https:\/\/www.europesays.com\/fr\/wp-json\/wp\/v2\/comments?post=136962"}],"version-history":[{"count":0,"href":"https:\/\/www.europesays.com\/fr\/wp-json\/wp\/v2\/posts\/136962\/revisions"}],"wp:featuredmedia":[{"embeddable":true,"href":"https:\/\/www.europesays.com\/fr\/wp-json\/wp\/v2\/media\/136963"}],"wp:attachment":[{"href":"https:\/\/www.europesays.com\/fr\/wp-json\/wp\/v2\/media?parent=136962"}],"wp:term":[{"taxonomy":"category","embeddable":true,"href":"https:\/\/www.europesays.com\/fr\/wp-json\/wp\/v2\/categories?post=136962"},{"taxonomy":"post_tag","embeddable":true,"href":"https:\/\/www.europesays.com\/fr\/wp-json\/wp\/v2\/tags?post=136962"}],"curies":[{"name":"wp","href":"https:\/\/api.w.org\/{rel}","templated":true}]}}