{"id":136964,"date":"2025-05-29T14:03:19","date_gmt":"2025-05-29T14:03:19","guid":{"rendered":"https:\/\/www.europesays.com\/fr\/136964\/"},"modified":"2025-05-29T14:03:19","modified_gmt":"2025-05-29T14:03:19","slug":"au-festival-photo-du-guilvinec-les-femmes-vont-prendre-toute-la-lumiere","status":"publish","type":"post","link":"https:\/\/www.europesays.com\/fr\/136964\/","title":{"rendered":"Au festival photo du\u00a0Guilvinec, les femmes vont prendre toute la lumi\u00e8re"},"content":{"rendered":"<p>Alors que les femmes sont de plus en plus nombreuses \u00e0 se lancer dans le m\u00e9tier de photographe, \u00ab\u00a0elles restent toujours moins visibles que les hommes\u00a0\u00bb, d\u00e9plore <a href=\"https:\/\/www.letelegramme.fr\/finistere\/pont-l-abbe-29120\/irene-jonas-de-la-sociologie-a-la-photographie-sur-le-motif-3738584.php\" target=\"_blank\" rel=\"noopener\">Ir\u00e8ne Jonas<\/a>, membre du conseil d\u2019administration de l\u2019association organisatrice du festival L\u2019Homme et la mer, et elle-m\u00eame photographe. Face \u00e0 cette \u00ab\u00a0invisibilit\u00e9\u00a0\u00bb, l\u2019\u00e9quipe de l\u2019\u00e9v\u00e8nement a pris la d\u00e9cision de donner \u00ab\u00a0un coup de barre salutaire\u00a0\u00bb, <a href=\"https:\/\/www.letelegramme.fr\/finistere\/le-guilvinec-29730\/au-guilvinec-la-15e-edition-du-festival-de-lhomme-et-la-mer-sera-feminin-6800842.php\" target=\"_blank\" rel=\"noopener\">en pla\u00e7ant l\u2019ann\u00e9e 2025 comme celle des femmes photographes<\/a>. Du 1er juin au 31 octobre 2025, le travail de nombreuses professionnelles sera ainsi affich\u00e9 en grand dans les rues du Guilvinec, \u00e0 l\u2019occasion de la 15e \u00e9dition du festival photo de la commune.<\/p>\n<p>300 clich\u00e9s expos\u00e9s<\/p>\n<p>Preuve de cette soif de reconnaissance, \u00ab\u00a0nous avons re\u00e7u plus de 200 candidatures pour venir participer\u00a0\u00bb, signale Ren\u00e9-Claude Daniel, le pr\u00e9sident. \u00ab\u00a0Les ann\u00e9es pr\u00e9c\u00e9dentes, nous recevions plus de 80\u00a0% de dossiers de photographes masculins. En sollicitant les femmes, nous sommes cette ann\u00e9e \u00e0 une proportion inverse\u00a0\u00bb, signale-t-il. Au final, 13 professionnelles, ainsi que deux hommes, ont \u00e9t\u00e9 retenues pour exposer environ 300 de leurs clich\u00e9s sur les murs de la ville.<\/p>\n<p>Hormis les femmes derri\u00e8re l\u2019objectif, celles qui entretiennent un lien avec le milieu maritime seront mises en lumi\u00e8re. Des ouvri\u00e8res d\u2019usines de poisson, en passant par celles qui d\u00e9chargent les bateaux en Birmanie ou qui bravent les oc\u00e9ans \u00e0 bord de bateaux de course, le festival s\u2019attachera \u00e0 d\u00e9montrer par l\u2019image que la mer n\u2019est d\u00e9finitivement pas qu\u2019un monde d\u2019hommes.<\/p>\n<p><img decoding=\"async\" src=\"https:\/\/www.europesays.com\/fr\/wp-content\/uploads\/2025\/05\/68370cc400d5327c6b0fbef6.1.jpeg\" width=\"480\" height=\"300\" class=\"web_golden_m\" loading=\"lazy\" alt=\"D\u2019impressionnants clich\u00e9s seront une nouvelle fois expos\u00e9s dans les rues et places du\u00a0Guilvinec et de Treffiagat.\"\/>D\u2019impressionnants clich\u00e9s seront une nouvelle fois expos\u00e9s dans les rues et places du\u00a0Guilvinec et de Treffiagat. (Le T\u00e9l\u00e9gramme\/Guirec Fl\u00e9cher)Conf\u00e9rences et rencontres ce samedi<\/p>\n<p>Ce samedi 31 mai, \u00e0 l\u2019occasion de l\u2019inauguration de cette nouvelle \u00e9dition, le public aura l\u2019occasion d\u2019\u00e9changer avec les photographes s\u00e9lectionn\u00e9es. Outre les lieux d\u2019exposition dans les rues, plusieurs d\u2019entre elles tiendront des conf\u00e9rences (en entr\u00e9e libre) au Centre de loisirs et de culture (CLC) du Guilvinec. L\u2019occasion de d\u00e9couvrir le travail de Virginie Seiller, qui s\u2019est int\u00e9ress\u00e9e aux sir\u00e8nes de Ta\u00efwan\u00a0; de Fab Rideti, dont l\u2019un des clich\u00e9s a \u00e9t\u00e9 s\u00e9lectionn\u00e9 pour composer l\u2019affiche de cette \u00e9dition\u00a0; ou encore d\u2019Alexandra Frankewitz pour sa s\u00e9rie \u00ab\u00a0Respiration portuaire\u00a0\u00bb.<\/p>\n<blockquote class=\"instagram-media\" data-instgrm-captioned=\"\" data-instgrm-permalink=\"https:\/\/www.instagram.com\/p\/DGxMJ1kqtDO\/?utm_source=ig_embed&amp;utm_campaign=loading\" data-instgrm-version=\"14\" style=\" background:#FFF; border:0; border-radius:3px; box-shadow:0 0 1px 0 rgba(0,0,0,0.5),0 1px 10px 0 rgba(0,0,0,0.15); margin: 1px; max-width:540px; min-width:326px; padding:0; width:99.375%; width:-webkit-calc(100% - 2px); width:calc(100% - 2px);\"\/><p>\u00ab\u00a0Ancr\u00e9 localement\u00a0\u00bb mais ouvert sur le monde<\/p>\n<p>Ir\u00e8ne Jonas rappelle que le festival reste un \u00e9v\u00e8nement \u00ab\u00a0ancr\u00e9 localement\u00a0\u00bb, gr\u00e2ce \u00e0 une soixantaine de b\u00e9n\u00e9voles pr\u00e9sents tout au long de l\u2019ann\u00e9e. Des \u00e9tablissements scolaires du Pays bigouden et de Quimper ont ainsi \u00e9t\u00e9 impliqu\u00e9s pour permettre aux jeunes d\u2019afficher leurs cr\u00e9ations sur les rives du Guilvinec et L\u00e9chiagat. Les adh\u00e9rents du club photo du Guilvinec ont \u00e9galement \u00e9t\u00e9 mis \u00e0 contribution avec leur s\u00e9rie \u00ab\u00a0\u00c0 vos papilles\u00a0\u00bb, qui d\u00e9voile les coulisses en cuisine de bonnes adresses du Guilvinec.<\/p>\n<p>Loin d\u2019\u00eatre un repli sur soi, l\u2019objectif du festival est avant tout de proposer \u00ab\u00a0une diversit\u00e9 de points de vue\u00a0\u00bb sur le monde, de par ces artistes s\u00e9lectionn\u00e9es, qui d\u00e9passent largement les fronti\u00e8res bretonnes.<\/p>\n<p>Pratique<script async src=\"\/\/www.instagram.com\/embed.js\"><\/script><\/p>\n","protected":false},"excerpt":{"rendered":"Alors que les femmes sont de plus en plus nombreuses \u00e0 se lancer dans le m\u00e9tier de photographe,&hellip;\n","protected":false},"author":2,"featured_media":136965,"comment_status":"","ping_status":"","sticky":false,"template":"","format":"standard","meta":{"footnotes":""},"categories":[1358],"tags":[1348,1384,1385,3322,1386,58,3320,59,3293,1011,27,26333,1756,3323,3319,26334],"class_list":{"0":"post-136964","1":"post","2":"type-post","3":"status-publish","4":"format-standard","5":"has-post-thumbnail","7":"category-arts-et-design","8":"tag-arts","9":"tag-arts-and-design","10":"tag-arts-et-design","11":"tag-concarneau","12":"tag-design","13":"tag-divertissement","14":"tag-douarnenez","15":"tag-entertainment","16":"tag-exposition","17":"tag-fr","18":"tag-france","19":"tag-guilvinec","20":"tag-photographie","21":"tag-pont-labbe","22":"tag-quimper","23":"tag-treffiagat-lechiagat"},"share_on_mastodon":{"url":"https:\/\/pubeurope.com\/@fr\/114591498519666766","error":""},"_links":{"self":[{"href":"https:\/\/www.europesays.com\/fr\/wp-json\/wp\/v2\/posts\/136964","targetHints":{"allow":["GET"]}}],"collection":[{"href":"https:\/\/www.europesays.com\/fr\/wp-json\/wp\/v2\/posts"}],"about":[{"href":"https:\/\/www.europesays.com\/fr\/wp-json\/wp\/v2\/types\/post"}],"author":[{"embeddable":true,"href":"https:\/\/www.europesays.com\/fr\/wp-json\/wp\/v2\/users\/2"}],"replies":[{"embeddable":true,"href":"https:\/\/www.europesays.com\/fr\/wp-json\/wp\/v2\/comments?post=136964"}],"version-history":[{"count":0,"href":"https:\/\/www.europesays.com\/fr\/wp-json\/wp\/v2\/posts\/136964\/revisions"}],"wp:featuredmedia":[{"embeddable":true,"href":"https:\/\/www.europesays.com\/fr\/wp-json\/wp\/v2\/media\/136965"}],"wp:attachment":[{"href":"https:\/\/www.europesays.com\/fr\/wp-json\/wp\/v2\/media?parent=136964"}],"wp:term":[{"taxonomy":"category","embeddable":true,"href":"https:\/\/www.europesays.com\/fr\/wp-json\/wp\/v2\/categories?post=136964"},{"taxonomy":"post_tag","embeddable":true,"href":"https:\/\/www.europesays.com\/fr\/wp-json\/wp\/v2\/tags?post=136964"}],"curies":[{"name":"wp","href":"https:\/\/api.w.org\/{rel}","templated":true}]}}