{"id":136968,"date":"2025-05-29T14:05:15","date_gmt":"2025-05-29T14:05:15","guid":{"rendered":"https:\/\/www.europesays.com\/fr\/136968\/"},"modified":"2025-05-29T14:05:15","modified_gmt":"2025-05-29T14:05:15","slug":"pblvepb-du-30-mai-2025-en-avance-boher-et-nebout-se-rapprochent-de-la-verite","status":"publish","type":"post","link":"https:\/\/www.europesays.com\/fr\/136968\/","title":{"rendered":"PBLVEPB du 30 mai 2025 en avance &#8211; Boher et Nebout se rapprochent de la v\u00e9rit\u00e9 !"},"content":{"rendered":"<p id=\"descriptionPanel\" aria-labelledby=\"descriptionArrow\" aria-expanded=\"false\" class=\"mr-2 line-clamp-2 pr-2.5 text-secondary overflow-visible\">L&rsquo;\u00e9tau se resserre sur Ariane Hersant. Alors que la polici\u00e8re ne se doute de rien, la police vient d&rsquo;avoir la confirmation que la bague retrouv\u00e9e dans l&rsquo;estomac de la victime est bien celle de la m\u00e8re de Zo\u00e9&#8230; Si Boher ne veut pas y croire, Patrick Nebout commence \u00e0 manifester des doutes concernant la potentielle culpabilit\u00e9 de sa coll\u00e8gue. Premi\u00e8res minutes de l&rsquo;\u00e9pisode 344 du 30 mai 2025 en avance.<\/p>\n<p><a class=\"shrink-0\" href=\"https:\/\/www.tf1.fr\/tf1\/plus-belle-la-vie\" target=\"_blank\" rel=\"noopener\"><img decoding=\"async\" src=\"https:\/\/www.europesays.com\/fr\/wp-content\/uploads\/2025\/04\/program-card-portrait-2-8555fd-e96a65-0@1x.jpg\" width=\"138\" height=\"184\" alt=\"\" loading=\"eager\" fetchpriority=\"auto\" class=\"aspect-[3\/4] h-24 w-auto rounded-3px\" aria-hidden=\"true\"\/><\/a><\/p>\n","protected":false},"excerpt":{"rendered":"L&rsquo;\u00e9tau se resserre sur Ariane Hersant. Alors que la polici\u00e8re ne se doute de rien, la police vient&hellip;\n","protected":false},"author":2,"featured_media":136969,"comment_status":"","ping_status":"","sticky":false,"template":"","format":"standard","meta":{"footnotes":""},"categories":[1356],"tags":[58,1367,23434,59,3483,23433,1011,27,1368,1371,252,1364,1372,1370],"class_list":{"0":"post-136968","1":"post","2":"type-post","3":"status-publish","4":"format-standard","5":"has-post-thumbnail","7":"category-television","8":"tag-divertissement","9":"tag-encore-plus-belle","10":"tag-encore-plus-belle-extrait","11":"tag-entertainment","12":"tag-extrait","13":"tag-extrait-plus-belle-la-vie","14":"tag-fr","15":"tag-france","16":"tag-plus-belle-la-vie","17":"tag-streaming-plus-belle-la-vie","18":"tag-television","19":"tag-tv","20":"tag-video-en-streaming-plus-belle-la-vie","21":"tag-video-plus-belle-la-vie"},"share_on_mastodon":{"url":"https:\/\/pubeurope.com\/@fr\/114591506368633085","error":""},"_links":{"self":[{"href":"https:\/\/www.europesays.com\/fr\/wp-json\/wp\/v2\/posts\/136968","targetHints":{"allow":["GET"]}}],"collection":[{"href":"https:\/\/www.europesays.com\/fr\/wp-json\/wp\/v2\/posts"}],"about":[{"href":"https:\/\/www.europesays.com\/fr\/wp-json\/wp\/v2\/types\/post"}],"author":[{"embeddable":true,"href":"https:\/\/www.europesays.com\/fr\/wp-json\/wp\/v2\/users\/2"}],"replies":[{"embeddable":true,"href":"https:\/\/www.europesays.com\/fr\/wp-json\/wp\/v2\/comments?post=136968"}],"version-history":[{"count":0,"href":"https:\/\/www.europesays.com\/fr\/wp-json\/wp\/v2\/posts\/136968\/revisions"}],"wp:featuredmedia":[{"embeddable":true,"href":"https:\/\/www.europesays.com\/fr\/wp-json\/wp\/v2\/media\/136969"}],"wp:attachment":[{"href":"https:\/\/www.europesays.com\/fr\/wp-json\/wp\/v2\/media?parent=136968"}],"wp:term":[{"taxonomy":"category","embeddable":true,"href":"https:\/\/www.europesays.com\/fr\/wp-json\/wp\/v2\/categories?post=136968"},{"taxonomy":"post_tag","embeddable":true,"href":"https:\/\/www.europesays.com\/fr\/wp-json\/wp\/v2\/tags?post=136968"}],"curies":[{"name":"wp","href":"https:\/\/api.w.org\/{rel}","templated":true}]}}