{"id":136970,"date":"2025-05-29T14:06:15","date_gmt":"2025-05-29T14:06:15","guid":{"rendered":"https:\/\/www.europesays.com\/fr\/136970\/"},"modified":"2025-05-29T14:06:15","modified_gmt":"2025-05-29T14:06:15","slug":"ancienne-egerie-de-disney-en-france-douchka-fait-son-retour-a-la-musique","status":"publish","type":"post","link":"https:\/\/www.europesays.com\/fr\/136970\/","title":{"rendered":"Ancienne \u00e9g\u00e9rie de Disney en France, Douchka fait son retour \u00e0 la musique"},"content":{"rendered":"<p class=\"article-p mdl\">La chanteuse Douchka s&rsquo;offre un retour dans les bacs. Entre 1984 et 1989, elle \u00e9tait l&rsquo;\u00e9g\u00e9rie\u00a0de Disney en France. Elle a pris la suite de S\u00e9verine Clair et Doroth\u00e9e, \u00e0 l&rsquo;\u00e2ge de 20 ans, gr\u00e2ce \u00e0 son beau-p\u00e8re, Humbert Ibach, producteur de t\u00e9l\u00e9vision et ancien chauffeur de Sheila chez le producteur Claude Carr\u00e8re.\u00a0C&rsquo;est lui qui avait d\u00e9couvert Karen Cheryl et lui avait propos\u00e9 de faire de la chanson. Il avait \u00e9galement tent\u00e9 de la convaincre d&rsquo;endosser ce r\u00f4le d&rsquo;ambassadrice musicale du groupe am\u00e9ricain, mais sans succ\u00e8s.<\/p>\n<p class=\"article-p mdl\">Ce sera finalement Douchka Esposito, plus connu par son seul pr\u00e9nom, Douchka. Apr\u00e8s avoir \u00e9t\u00e9 mannequin \u00e0 l&rsquo;\u00e2ge de 12 ans dans l&rsquo;agence \u00c9lite, <strong>elle conna\u00eet imm\u00e9diatement le succ\u00e8s comme \u00e9g\u00e9rie\u00a0<\/strong><a class=\"link\" href=\"https:\/\/www.rtl.fr\/actu\/international\/disney-un-nouveau-parc-d-attraction-va-ouvrir-a-abou-dhabi-7900502344\" title=\"Disney : un nouveau parc d&#039;attraction va ouvrir \u00e0 Abou Dhabi\" target=\"_blank\" rel=\"noopener\">Disney\u00a0<\/a>: son premier 45 tours, Mickey, Donald et moi, se vendra \u00e0 850.000 exemplaires.<\/p>\n<p class=\"article-p mdl\">Apr\u00e8s ce premier titre suit un conte de f\u00e9es. Elle occupe r\u00e9guli\u00e8rement les premi\u00e8res places des hit-parades avec des tubes comme La chanson de Zorro, El\u00e9mentaire mon cher Baloo\u00a0ou encore Bernard et Bianca. Dans sa carri\u00e8re, elle vendra au total\u00a0sept millions de disques\u00a0et obtient plusieurs disques d&rsquo;or \u00e0 son palmar\u00e8s.<\/p>\n<p>            Un triple best-of et un concert<\/p>\n<p class=\"article-p mdl\">Par la suite, elle dispara\u00eet un peu des \u00e9crans. Elle devient animatrice le temps d&rsquo;un \u00e9t\u00e9 sur Antenne 2, avec L&rsquo;\u00e9t\u00e9 des baskets puis Bonjour les baskets, aux c\u00f4t\u00e9s de Claude Pierrard, le c\u00e9l\u00e8bre animateur de Croque-Vacances, entre l&rsquo;\u00e9t\u00e9 et No\u00ebl 1988. En 1989, elle quitte le monde de Disney. On la verra par la suite dans les \u00e9missions de t\u00e9l\u00e9-r\u00e9alit\u00e9 comme Premi\u00e8re compagnie sur TF1 ou encore dans\u00a0The Voice en 2015 o\u00f9 elle n&rsquo;est pas s\u00e9lectionn\u00e9e par les coachs de l&rsquo;\u00e9mission.<\/p>\n<p class=\"article-p mdl\">Elle chante alors ses propres chansons, mais le succ\u00e8s des ann\u00e9es Disney semble bien loin. C&rsquo;est le creux de la vague pour Douchka, d&rsquo;autant que depuis 30 ans, toutes ses chansons que les enfants adoraient n&rsquo;existent plus sur les plateformes.<\/p>\n<p class=\"article-p mdl\">36 ans plus tard, revoici toutes ces p\u00e9pites de notre enfance dans <strong>un triple best-of de 56 titres <\/strong>mis en ligne ce vendredi 23 mai et commercialis\u00e9s par Warner, remasteris\u00e9s d&rsquo;apr\u00e8s les bandes de l&rsquo;\u00e9poque. Des p\u00e9pites que Douchka chantera sur sc\u00e8ne, le temps d&rsquo;un concert, le 7 juin prochain, \u00e0 l&rsquo;occasion de la neuvi\u00e8me \u00e9dition du festival Manga Mania au Palais des Congr\u00e8s \u00e0 Mont\u00e9limar.<\/p>\n<\/p>\n<p>    La r\u00e9daction vous recommande<\/p>\n<p class=\"s-newsletter__title\">\n                L\u2019actualit\u00e9 par la r\u00e9daction de RTL dans votre bo\u00eete mail.\n            <\/p>\n<p class=\"s-newsletter__subtitle\">\n                Gr\u00e2ce \u00e0 votre compte RTL abonnez-vous \u00e0 la newsletter RTL info pour suivre toute l&rsquo;actualit\u00e9 au quotidien\n            <\/p>\n<p>\n                                    Lire la suite\n                                <\/p>\n","protected":false},"excerpt":{"rendered":"La chanteuse Douchka s&rsquo;offre un retour dans les bacs. Entre 1984 et 1989, elle \u00e9tait l&rsquo;\u00e9g\u00e9rie\u00a0de Disney en&hellip;\n","protected":false},"author":2,"featured_media":136971,"comment_status":"","ping_status":"","sticky":false,"template":"","format":"standard","meta":{"footnotes":""},"categories":[1355],"tags":[1695,520,58,59,2414,107,1011,27,1361,873],"class_list":{"0":"post-136970","1":"post","2":"type-post","3":"status-publish","4":"format-standard","5":"has-post-thumbnail","7":"category-musique","8":"tag-chanson","9":"tag-disney","10":"tag-divertissement","11":"tag-entertainment","12":"tag-fil-culture","13":"tag-fil-info","14":"tag-fr","15":"tag-france","16":"tag-music","17":"tag-musique"},"share_on_mastodon":{"url":"https:\/\/pubeurope.com\/@fr\/114591510365950466","error":""},"_links":{"self":[{"href":"https:\/\/www.europesays.com\/fr\/wp-json\/wp\/v2\/posts\/136970","targetHints":{"allow":["GET"]}}],"collection":[{"href":"https:\/\/www.europesays.com\/fr\/wp-json\/wp\/v2\/posts"}],"about":[{"href":"https:\/\/www.europesays.com\/fr\/wp-json\/wp\/v2\/types\/post"}],"author":[{"embeddable":true,"href":"https:\/\/www.europesays.com\/fr\/wp-json\/wp\/v2\/users\/2"}],"replies":[{"embeddable":true,"href":"https:\/\/www.europesays.com\/fr\/wp-json\/wp\/v2\/comments?post=136970"}],"version-history":[{"count":0,"href":"https:\/\/www.europesays.com\/fr\/wp-json\/wp\/v2\/posts\/136970\/revisions"}],"wp:featuredmedia":[{"embeddable":true,"href":"https:\/\/www.europesays.com\/fr\/wp-json\/wp\/v2\/media\/136971"}],"wp:attachment":[{"href":"https:\/\/www.europesays.com\/fr\/wp-json\/wp\/v2\/media?parent=136970"}],"wp:term":[{"taxonomy":"category","embeddable":true,"href":"https:\/\/www.europesays.com\/fr\/wp-json\/wp\/v2\/categories?post=136970"},{"taxonomy":"post_tag","embeddable":true,"href":"https:\/\/www.europesays.com\/fr\/wp-json\/wp\/v2\/tags?post=136970"}],"curies":[{"name":"wp","href":"https:\/\/api.w.org\/{rel}","templated":true}]}}