{"id":136977,"date":"2025-05-29T14:10:10","date_gmt":"2025-05-29T14:10:10","guid":{"rendered":"https:\/\/www.europesays.com\/fr\/136977\/"},"modified":"2025-05-29T14:10:10","modified_gmt":"2025-05-29T14:10:10","slug":"jordan-bardella-pourquoi-sa-maman-est-obligee-de-porter-une-perruque","status":"publish","type":"post","link":"https:\/\/www.europesays.com\/fr\/136977\/","title":{"rendered":"Jordan Bardella : pourquoi sa maman est oblig\u00e9e de porter une perruque ?"},"content":{"rendered":"<p>      R\u00e9sum\u00e9<\/p>\n<p>Jordan Bardella \u00e9voque les mesures prises pour prot\u00e9ger ses parents, notamment sa m\u00e8re qui porte une perruque lors de ses rares apparitions publiques, en raison de leur s\u00e9curit\u00e9.<\/p>\n<p>        Sommaire<\/p>\n<p>Alors que <a href=\"https:\/\/www.public.fr\/tag\/karine-le-marchand\" target=\"_blank\" rel=\"noopener\">Karine Le Marchand<\/a> re\u00e7oit Fabien Roussel, G\u00e9rald Darmanin, ou encore Sandrine Rousseau, dans la nouvelle saison de <strong>\u00ab\u00a0Une ambition intime\u00a0\u00bb<\/strong>, les t\u00e9l\u00e9spectateurs attendent surtout son entretien avec <a href=\"https:\/\/www.public.fr\/tag\/jordan-bardella\" target=\"_blank\" rel=\"noopener\">Jordan Bardella<\/a>.<\/p>\n<p>En effet, le pr\u00e9sident du Rassemblement national fait partie des invit\u00e9s de l\u2019animatrice dans son \u00e9mission diffus\u00e9e sur M6, \u00e0 partir du 1er juin 2025. Ce mercredi 28 mai 2025, elle a d\u2019ailleurs fait un passage dans <strong>\u00ab\u00a0C \u00e0 Vous\u00a0\u00bb<\/strong> afin de faire la promotion du programme.<\/p>\n<p>L\u2019occasion pour <a href=\"https:\/\/vsd.fr\/tag\/karine-le-marchand\/\" target=\"_blank\" rel=\"noopener\">Karine Le Marchand<\/a> de raconter quelques anecdotes au sujet de ses invit\u00e9s, et notamment <a href=\"https:\/\/www.public.fr\/jordan-bardella-et-les-rumeurs-dhomosexualite-karine-le-marchand-repond-dans-c-a-vous\" target=\"_blank\" rel=\"noopener\">au sujet de Jordan Bardella.<\/a> Outre ses ambitions politiques et sa vie priv\u00e9e, il a \u00e9voqu\u00e9 la s\u00e9curit\u00e9 de ses parents.<\/p>\n<p>La s\u00e9curit\u00e9 des parents de Jordan Bardella, en p\u00e9ril ? <\/p>\n<p>En effet, selon les dires de l\u2019animatrice de M6 face \u00e0 <a href=\"https:\/\/www.public.fr\/tag\/anne-elisabeth-lemoine\" target=\"_blank\" rel=\"noopener\">Anne-\u00c9lisabeth Lemoine<\/a>, \u00eatre proche de Jordan Bardella sans \u00ab\u00a0faire partie du s\u00e9rail du RN\u00a0\u00bb, pouvait \u00eatre dangereux. <strong>\u00ab\u00a0M\u00eame sa m\u00e8re n\u2019a pas t\u00e9moign\u00e9 \u00e0 visage d\u00e9couvert, elle porte une perruque\u00a0\u00bb<\/strong>, indique par exemple la pr\u00e9sentatrice.<\/p>\n<p>N\u00e9anmoins, son p\u00e8re a \u00ab\u00a0assum\u00e9\u00a0\u00bb : \u00ab\u00a0on a r\u00e9ussi \u00e0 le convaincre\u00a0\u00bb, se f\u00e9licite-t-elle. Lors d\u2019une conf\u00e9rence de presse, le pr\u00e9sident du RN \u00e9voquait d\u00e9j\u00e0 le fait que <strong>sa m\u00e8re doive se \u00ab\u00a0cacher\u00a0\u00bb pour sa propre s\u00e9curit\u00e9.<\/strong><\/p>\n<p>\u00ab\u00a0Ma m\u00e8re t\u00e9moigne \u00e0 visage cach\u00e9 pour des questions de s\u00e9curit\u00e9, car elle habite encore dans la cit\u00e9 dans laquelle j\u2019ai grandi. <strong>Elle a accept\u00e9 de t\u00e9moigner de dos, avec une perruque<\/strong>\u00ab\u00a0, indiquait-il comme le rapporte Jean-Marc Morandini, avant d\u2019\u00e9voquer le cas de son p\u00e8re : \u00ab\u00a0Il a \u00e9t\u00e9 plus t\u00e9m\u00e9raire, il a accept\u00e9 d\u2019appara\u00eetre pour la premi\u00e8re fois. (&#8230;) Je les pr\u00e9pare, car passer \u00e0 la t\u00e9l\u00e9vision, devant des millions de gens, n\u2019est pas facile. Je ne sais pas du tout comment ils vont le vivre\u00a0\u00bb.<\/p>\n<p>Des confr\u00e8res, jaloux de Karine Le Marchand<\/p>\n<p>Toujours dans <strong>\u00ab\u00a0C \u00e0 Vous\u00a0\u00bb,<\/strong> en plus d\u2019\u00e9voquer la s\u00e9curit\u00e9 des parents de Jordan Bardella, Karine Le Marchand revient \u00e9galement sur les critiques \u00e0 l\u2019\u00e9gard du d\u00e9put\u00e9 europ\u00e9en, lorsqu\u2019il se lan\u00e7ait en politique.<\/p>\n<p>\u00ab\u00a0\u00c7a me fait marrer car ces m\u00eames journalistes font des biographies avec un maximum de d\u00e9tails intimes. Ils harc\u00e8lent les directeurs de cabinet pour obtenir des off croustillants ou une interview\u00a0\u00bb, s\u2019amuse-t-elle face \u00e0 Anne-\u00c9lisabeth Lemoine.<\/p>\n<p>La pr\u00e9sentatrice de <strong>\u00ab\u00a0Une ambition intime\u00a0\u00bb<\/strong> r\u00e9v\u00e8le d\u2019ailleurs que de nombreux journalistes auraient fait part de leur agacement de la \u00ab\u00a0voir parvenir\u00a0\u00bb \u00e0 s\u2019entretenir avec Jordan Bardella : \u00ab\u00a0\u00c7a les a agac\u00e9s que moi j\u2019y parvienne. On m\u2019a critiqu\u00e9e car je n\u2019\u00e9tais pas du s\u00e9rail, je n\u2019avais pas la carte. Et puis j\u2019\u00e9tais sur un canap\u00e9 en jupe avec des talons. On a dit que j\u2019\u00e9tais dans le registre de la s\u00e9duction\u00a0\u00bb, regrette-t-elle.\u00a0<\/p>\n<p>      Mentionn\u00e9s dans cet article<\/p>\n<p>\u00c0 lire aussi<\/p>\n","protected":false},"excerpt":{"rendered":"R\u00e9sum\u00e9 Jordan Bardella \u00e9voque les mesures prises pour prot\u00e9ger ses parents, notamment sa m\u00e8re qui porte une perruque&hellip;\n","protected":false},"author":2,"featured_media":136978,"comment_status":"","ping_status":"","sticky":false,"template":"","format":"standard","meta":{"footnotes":""},"categories":[8],"tags":[5631,5632,58,59,1011,27,1077,5413,494,23801],"class_list":{"0":"post-136977","1":"post","2":"type-post","3":"status-publish","4":"format-standard","5":"has-post-thumbnail","7":"category-divertissement","8":"tag-anne-elisabeth-lemoine","9":"tag-c-a-vous","10":"tag-divertissement","11":"tag-entertainment","12":"tag-fr","13":"tag-france","14":"tag-jordan-bardella","15":"tag-karine-le-marchand","16":"tag-m6","17":"tag-une-ambition-intime"},"share_on_mastodon":{"url":"https:\/\/pubeurope.com\/@fr\/114591526170915964","error":""},"_links":{"self":[{"href":"https:\/\/www.europesays.com\/fr\/wp-json\/wp\/v2\/posts\/136977","targetHints":{"allow":["GET"]}}],"collection":[{"href":"https:\/\/www.europesays.com\/fr\/wp-json\/wp\/v2\/posts"}],"about":[{"href":"https:\/\/www.europesays.com\/fr\/wp-json\/wp\/v2\/types\/post"}],"author":[{"embeddable":true,"href":"https:\/\/www.europesays.com\/fr\/wp-json\/wp\/v2\/users\/2"}],"replies":[{"embeddable":true,"href":"https:\/\/www.europesays.com\/fr\/wp-json\/wp\/v2\/comments?post=136977"}],"version-history":[{"count":0,"href":"https:\/\/www.europesays.com\/fr\/wp-json\/wp\/v2\/posts\/136977\/revisions"}],"wp:featuredmedia":[{"embeddable":true,"href":"https:\/\/www.europesays.com\/fr\/wp-json\/wp\/v2\/media\/136978"}],"wp:attachment":[{"href":"https:\/\/www.europesays.com\/fr\/wp-json\/wp\/v2\/media?parent=136977"}],"wp:term":[{"taxonomy":"category","embeddable":true,"href":"https:\/\/www.europesays.com\/fr\/wp-json\/wp\/v2\/categories?post=136977"},{"taxonomy":"post_tag","embeddable":true,"href":"https:\/\/www.europesays.com\/fr\/wp-json\/wp\/v2\/tags?post=136977"}],"curies":[{"name":"wp","href":"https:\/\/api.w.org\/{rel}","templated":true}]}}