{"id":137017,"date":"2025-05-29T14:33:10","date_gmt":"2025-05-29T14:33:10","guid":{"rendered":"https:\/\/www.europesays.com\/fr\/137017\/"},"modified":"2025-05-29T14:33:10","modified_gmt":"2025-05-29T14:33:10","slug":"je-geolocalise-mes-filles-ca-me-rassure-ces-parents-qui-utilisent-des-applications-pour-tracer-leurs-enfants","status":"publish","type":"post","link":"https:\/\/www.europesays.com\/fr\/137017\/","title":{"rendered":"\u00ab\u00a0Je g\u00e9olocalise mes filles, \u00e7a me rassure\u00a0\u00bb, ces parents qui utilisent des applications pour tracer leurs enfants"},"content":{"rendered":"<p>Lila d\u00e9gaine son smartphone. Ouvre sa messagerie Snapchat. Un plan de Nice se dessine. \u00ab\u00a0On peut voir o\u00f9 sont nos amis. Mais on peut d\u00e9cider avec qui on partage notre position.\u00a0\u00bb Sur l\u2019\u00e9cran, une cohue! Une foule d\u2019avatars s\u2019agglutinent sur le lyc\u00e9e qu\u2019elle fr\u00e9quente. Logique en pleine semaine.<\/p>\n<p>Pour l\u2019adolescente de 16 ans, communiquer le lieu o\u00f9 elle se trouve en temps r\u00e9el ne la d\u00e9range pas. Avec sa famille aussi? \u00ab\u00a0Avec ma s\u0153ur qui est majeure, oui. Mais mes parents n\u2019ont pas l\u2019application.\u00a0\u00bb Et s\u2019ils voulaient obtenir le m\u00eame niveau d\u2019information? Elle r\u00e9fl\u00e9chit. \u00ab\u00a0Vu que je les tiens toujours au courant d\u2019o\u00f9 je vais, ils n\u2019en ont jamais eu besoin. Mais j\u2019ai une copine qui fait \u00e7a avec son p\u00e8re. Si elle est d\u2019accord, je ne vois pas de probl\u00e8me.\u00a0\u00bb<\/p>\n<p>Localiser son enfant<\/p>\n<p>Une pratique rendue possible via applications pour t\u00e9l\u00e9phones, montres connect\u00e9es et autres traceurs GPS. Si pour les plus jeunes le sujet ne semble pas tabou, certains adultes l\u2019abordent avec une petite r\u00e9ticence quand d\u2019autres pr\u00e9f\u00e8rent clarifier la d\u00e9marche. \u00ab\u00a0Ce n\u2019est pas du flicage, plut\u00f4t une s\u00e9curit\u00e9\u00a0\u00bb, reconsid\u00e8re Philippe qui a v\u00e9cu une quinzaine d\u2019ann\u00e9es pr\u00e8s de la M\u00e9diterran\u00e9e. Le p\u00e8re de famille de presque 60 ans a activ\u00e9 l\u2019outil \u00ab\u00a0localiser mon iPhone\u00a0\u00bb sur le t\u00e9l\u00e9phone de ses enfants \u2013 avec leur accord \u2013 lorsqu\u2019ils ont d\u00fb se rendre \u00e0 l\u2019\u00e9cole tout seul: \u00ab\u00a0Ma grande a 20 ans d\u00e9sormais, on n\u2019y a plus recours. Mais mon fils en a 10 et doit faire quinze \u00e0 vingt minutes de v\u00e9lo matin et soir. Au cas o\u00f9 il se passe quelque chose en chemin, on peut suivre son itin\u00e9raire.\u00a0\u00bb<\/p>\n<p>32% des parents y ont recours<\/p>\n<p>              <img ci-src=\"https:\/\/www.nicematin.com\/faits-de-societe\/protec\/DATA_ART_15612215-Ixuq6fTr.jpg?vh=37b76f&amp;ci_seal=32598cd821\" alt=\"\"\/><br \/>\n        Localiser ses enfants en temps r\u00e9el, notamment lorsque ces derniers se rendent seuls \u00e0 l\u2019\u00e9cole, permet de rassurer certains parents. Photo doc N.M. <\/p>\n<p>Et Philippe est loin d\u2019\u00eatre un cas isol\u00e9. 32% des parents (1) d\u00e9clarent avoir recours \u00e0 ce type de logiciels. Ce n\u2019est donc pas un hasard que certains produits se d\u00e9veloppent en ce sens.<\/p>\n<p>Et pourtant, rares sont les commer\u00e7ants \u2013 m\u00eame en ligne \u2013 qui acceptent d\u2019aborder la question. \u00ab\u00a0Nous continuons de vendre nos traceurs GPS pour enfants mais pr\u00e9f\u00e9rons ne plus prendre la parole publiquement. Ils sont le plus souvent trait\u00e9s de mani\u00e8re anxiog\u00e8ne par les m\u00e9dias\u00a0\u00bb, glisse l\u2019un d\u2019eux qui loue les m\u00e9rites de son produit comme \u00ab\u00a0une aide\u00a0\u00bb \u00e0 l\u2019ind\u00e9pendance et non un dispositif \u00ab\u00a0anti-enl\u00e8vement\u00a0\u00bb.<\/p>\n<p>Ce n\u2019est pas non plus ce que propose Caroline Landi\u00e9, directrice commerciale, marketing et communication du R\u00e9seau APA. La structure a notamment cr\u00e9\u00e9 Bip Connect. Une solution de t\u00e9l\u00e9assistance via des objets. Ici, le Smart Bip \u2013 qui ressemble \u00e0 une t\u00e9l\u00e9commande de garage ou d\u2019entr\u00e9e d\u2019immeuble \u2013 pr\u00e9sente toutes les caract\u00e9ristiques pour \u00eatre utilis\u00e9 par les plus petits: \u00ab\u00a0Il y a dix ans, \u00e0 son lancement, il \u00e9tait surtout question de r\u00e9pondre aux besoins des personnes \u00e2g\u00e9es et du public en situation de handicap. Mais au fil du temps j\u2019entendais de plus en plus une demande concernant les enfants. Il y a une p\u00e9riode entre la fin du primaire et le coll\u00e8ge o\u00f9 ils ont envie d\u2019autonomie mais n\u2019ont pas encore de t\u00e9l\u00e9phone.\u00a0\u00bb<\/p>\n<p>Comment \u00e7a marche? Au milieu du bip que l\u2019on peut passer au cou, glisser dans un cartable ou attacher \u00e0 un trousseau de cl\u00e9s: un bouton SOS. \u00ab\u00a0Si vous appuyez dessus, \u00e7a envoie une alerte. Soit \u00e0 la centrale d\u2019appel, soit \u00e0 deux num\u00e9ros renseign\u00e9s en amont \u2013 selon la formule d\u2019abonnement choisie (2). Dans le SMS vous avez les coordonn\u00e9es GPS de l\u2019usager et vous pouvez l\u2019appeler sur l\u2019appareil sans qu\u2019il ait besoin de d\u00e9crocher. Il est possible de converser directement.\u00a0\u00bb<\/p>\n<p>La soci\u00e9t\u00e9 revendique 3.500 \u00e0 4.000 abonn\u00e9s \u00e0 ses solutions de t\u00e9l\u00e9assistance, mais ne fait pas de distinguo quant aux clients mineurs \u00ab\u00a0qui ne repr\u00e9sentent pas la majorit\u00e9 des ventes plut\u00f4t tourn\u00e9es vers un public fragile\u00a0\u00bb.<\/p>\n<p>Pas interdit par la loi<\/p>\n<p>              <img ci-src=\"https:\/\/www.nicematin.com\/faits-de-societe\/protec\/DATA_ART_15612214-LqFz3ukr.jpg?vh=42ab3f&amp;ci_seal=418ae71b06\" alt=\"\"\/><br \/>\n        Certaines applications permettent d\u2019entendre les sons environnants \u00e0 distance.&#13;<br \/>\nPhoto Justine Meddah <\/p>\n<p>La loi n\u2019interdit pas l\u2019utilisation d\u2019un traceur GPS pour son enfant. Mais reste vigilante quant au respect de leur vie priv\u00e9e. \u00c0 titre d\u2019exemple, en 2018, le D\u00e9fenseur des droits s\u2019est saisi de l\u2019opposition de parents d\u2019\u00e9l\u00e8ves concernant un \u00e9tablissement priv\u00e9 parisien qui obligeait les \u00e9l\u00e8ves \u00e0 garder en permanence un porte-cl\u00e9s connect\u00e9. Apr\u00e8s intervention de la Cnil et rappel \u00e0 la loi, le coll\u00e8ge lyc\u00e9e a renonc\u00e9 \u00e0 ce dispositif. Bref, il existe donc des limites.<\/p>\n<p>Dans les familles, \u00e7a passe par le dialogue. \u00ab\u00a0Tout se fait en transparence\u00a0\u00bb, consid\u00e8re Aur\u00e9lie, maman d\u2019un gar\u00e7on de 12 ans, \u00e0 Saint-Isidore. \u00ab\u00a0Il poss\u00e8de un smartphone depuis la fin du CM2. Nous avons choisi d\u2019installer Findmykids pour la g\u00e9olocalisation en temps r\u00e9el. \u00c7a nous a permis de lui accorder davantage d\u2019autonomie, notamment en le laissant sortir seul au parc ou faire du v\u00e9lo dans le quartier.\u00a0\u00bb Plut\u00f4t \u00ab\u00a0utile\u00a0\u00bb avant de \u00ab\u00a0prendre le bus seul et rentrer \u00e0 la maison sans accompagnement\u00a0\u00bb au coll\u00e8ge.<\/p>\n<p>Mais cette appli poss\u00e8de une fonctionnalit\u00e9 suppl\u00e9mentaire: \u00ab\u00a0Lorsqu\u2019il ne r\u00e9pond pas au t\u00e9l\u00e9phone, nous avons la possibilit\u00e9 d\u2019activer le micro de son appareil pour \u00e9couter les sons environnants. Quand votre enfant est cens\u00e9 rentrer \u00e0 18 heures et que vous n\u2019avez pas de nouvelles, cette fonction peut vraiment rassurer. Bien entendu, mon fils en est tout \u00e0 fait inform\u00e9.\u00a0\u00bb Pour elle, c\u2019est un vrai plus: \u00ab\u00a0\u00c7a m\u2019a aussi aid\u00e9 \u00e0 \u00eatre plus confiante. Il est fier de cette libert\u00e9 grandissante et nous le sommes aussi.\u00a0\u00bb<\/p>\n<p>Un soutien \u00e0 un changement de vie. Voil\u00e0 comment J\u00e9r\u00f4me (3), 39 ans, a introduit cet \u00e9change avec sa fille. \u00ab\u00a0Quand nous nous sommes s\u00e9par\u00e9s avec sa m\u00e8re, elle avait 10 ans. Je travaillais en horaires d\u00e9cal\u00e9s et ne pouvais \u00eatre pr\u00e9sent le matin. Je lui envoyais des textos pour savoir si elle avait bien pris le bus, \u00e9tait arriv\u00e9e \u00e0 l\u2019\u00e9cole, etc. \u00c7a marchait bien. Mais en grandissant, elle oubliait de plus en plus de me r\u00e9pondre, elle le vivait moins bien.\u00a0\u00bb<\/p>\n<p>Alors, la g\u00e9olocalisation s\u2019est impos\u00e9e comme une solution pour ce Varois qui se pr\u00e9sente d\u2019un naturel \u00ab\u00a0anxieux\u00a0\u00bb: \u00ab\u00a0\u00c0 bient\u00f4t 14 ans, elle y voit plus d\u2019avantages que d\u2019inconv\u00e9nients. \u00c7a lui donne plus de libert\u00e9s que \u00e7a ne lui en enl\u00e8ve. Elle peut aller faire du shopping avec une copine, se rendre \u00e0 ses cours de sport, rentrer \u00e0 la maison ensuite: je peux voir qu\u2019elle est bien arriv\u00e9e.\u00a0\u00bb<\/p>\n<p>\u00ab\u00a0Je sais que mes amis trouvent \u00e7a bizarre, mais j\u2019ai grandi comme \u00e7a\u00a0\u00bb<\/p>\n<p>Une d\u00e9marche que comprend parfaitement Clara. \u00c0 22 ans, l\u2019\u00e9tudiante en \u00e9v\u00e9nementiel \u00e0 Nice n\u2019a pas coup\u00e9 la g\u00e9olocalisation avec ses parents. Et \u00e7a va plus loin: chez elle, tout le monde joue le jeu! \u00ab\u00a0On la partage tous en famille: l\u2019oncle, la m\u00e8re, la grand-m\u00e8re\u2026 Je peux savoir o\u00f9 chacun se trouve. Je n\u2019ai rien \u00e0 cacher. Depuis mes 13 ans ils savent o\u00f9 je suis. Je sais que mes amis trouvent \u00e7a bizarre, mais j\u2019ai grandi comme \u00e7a, pour moi c\u2019est juste la normalit\u00e9.\u00a0\u00bb<\/p>\n<p>Les filles de Nad\u00e8ge (3) aussi ont connu la m\u00eame adolescence. \u00c2g\u00e9es de 16 et 18 ans, elles divulguent toujours leur position. \u00ab\u00a0Mais \u00e7a ne l\u2019emp\u00eache pas de nous demander quand m\u00eame o\u00f9 on est\u00a0\u00bb, l\u00e2che sa plus grande en voulant faire passer un message. Si elle reconna\u00eet se sentir parfois \u00ab\u00a0oppress\u00e9e\u00a0\u00bb, elle ne s\u2019en cache pas: \u00ab\u00a0\u00c7a peut \u00eatre utile. Il y a des fois o\u00f9 j\u2019ai voulu s\u00e9cher les cours. Comme je savais que ma m\u00e8re pouvait voir o\u00f9 j\u2019\u00e9tais\u2026 je suis rest\u00e9e en classe.\u00a0\u00bb<\/p>\n<p>\u00ab\u00a0Je veux savoir o\u00f9 elles \u00e9taient si on les enl\u00e8ve\u2026\u00a0\u00bb<\/p>\n<p>Outre le plan \u00e9cole buissonni\u00e8re avort\u00e9, c\u2019est surtout au pire que sa m\u00e8re veut parer. \u00ab\u00a0Ce qui m\u2019int\u00e9resse ce n\u2019est pas de savoir si elles me mentent. Mais plut\u00f4t de savoir o\u00f9 elles se trouvaient si on les enl\u00e8ve, si elles viennent \u00e0 dispara\u00eetre.\u00a0\u00bb<\/p>\n<p>La Ni\u00e7oise de 41 ans a bien conscience qu\u2019il s\u2019agit d\u2019un filet de s\u00e9curit\u00e9 illusoire: \u00ab\u00a0Je suis angoiss\u00e9e depuis que je suis m\u00e8re.\u00a0\u00bb<\/p>\n<p>Et le climat m\u00e9diatique n\u2019aide pas \u00e0 calmer sa tendance quand elle tombe sur des drames class\u00e9s faits divers: \u00ab\u00a0\u00c7a a toujours exist\u00e9 des gens qui s\u2019en prennent aux enfants. Mais il y avait moins de fa\u00e7ons d\u2019en discuter. Avec les r\u00e9seaux en plus on ne sait pas ce qui est vrai ou non. On nous montre tellement de trucs, on veut nous rentre inquiets\u2026\u00a0\u00bb Elle se projette: \u00ab\u00a0Les pr\u00e9dateurs savent bien qu\u2019il faut se d\u00e9barrasser du t\u00e9l\u00e9phone ou de la montre connect\u00e9e. Mais j\u2019ai vu qu\u2019il y avait des semelles avec un capteur GPS, on y pense moins!\u00a0\u00bb Mais faut-il tout savoir, comme sur un baby phone 2.0? \u00ab\u00a0C\u2019est \u00e0 double tranchant. Je ne disais pas \u00e0 ma m\u00e8re ce que je faisais de mes soir\u00e9es, elle ne savait pas \u00e0 quelle heure je changeais de pub\u2026\u00a0\u00bb<\/p>\n<p>Lucide dans sa r\u00e9flexion, cette sp\u00e9cialiste de la petite enfance partage une anecdote: \u00ab\u00a0Mes filles attendaient le bus. Elles m\u2019ont appel\u00e9 au t\u00e9l\u00e9phone parce qu\u2019un homme les emboucanait [sic]. Je peux vous dire que je me suis sentie bien impuissante loin d\u2019elles. Heureusement, mon conjoint et un ami sont all\u00e9s \u00e0 leur rencontre. Mais entendre ses enfants vivre une telle situation sans pouvoir agir, c\u2019est terrible!\u00a0\u00bb Au fil de la discussion, elle temp\u00e8re: \u00ab\u00a0Je me rends bien compte que la g\u00e9olocalisation n\u2019emp\u00eache rien. Mais \u00e7a me rassure.\u00a0\u00bb <\/p>\n<p>1. Selon l\u2019\u00e9tude 2024, Parents, enfants &amp; num\u00e9rique: Ipsos pour Open Asso.<\/p>\n<p>2. Prix d\u2019achat 139 euros; abonnement entre 9,90 euros et 14,90 euros\/mois hors cr\u00e9dit d\u2019imp\u00f4t.<\/p>\n<p>3. \u00c0 leur demande, leur identit\u00e9 a \u00e9t\u00e9 modifi\u00e9e.<\/p>\n<p>            \u00ab\u00a0Leur apprendre sans cordon ombilical num\u00e9rique\u00a0\u00bb<\/p>\n<p>Une r\u00e9flexion qui fait \u00e9cho au travail de Thomas Rohmer. \u00c0 la t\u00eate d\u2019Open Asso \u2013 Observatoire de la parentalit\u00e9 et de l\u2019\u00e9ducation num\u00e9rique \u2013, le sp\u00e9cialiste constate une \u00ab\u00a0mont\u00e9e du ph\u00e9nom\u00e8ne\u00a0\u00bb: \u00ab\u00a0De plus en plus de familles installent des logiciels espions, parfois \u00e0 l\u2019insu de l\u2019enfant.\u00a0\u00bb Il s\u2019agit selon lui de la traduction d\u2019une escalade \u00ab\u00a0assez inqui\u00e9tante du niveau d\u2019angoisse parentale\u00a0\u00bb. Le terrain num\u00e9rique comme r\u00e9v\u00e9lateur du fond de l\u2019air. \u00ab\u00a0On est en train de transmettre toutes nos angoisses \u00e0 nos enfants\u00a0\u00bb, indique-t-il en pr\u00e9cisant la d\u00e9marche: \u00ab\u00a0On essaie de prendre de la hauteur sur ces questions. Non pas pour critiquer, mais pour appeler \u00e0 une vraie r\u00e9flexion.\u00a0\u00bb<\/p>\n<p>\u00c0 ses yeux, les politiques publiques de protection de l\u2019enfance tapent \u00e0 c\u00f4t\u00e9 depuis vingt ans: \u00ab\u00a0L\u2019\u00e9vitement du risque ne fonctionne pas.\u00a0\u00bb Pour lui, ces postures n\u2019emp\u00eachent rien. Pire, elles donneraient l\u2019occasion de blouser la surveillance: \u00ab\u00a0Beaucoup d\u2019enfants ach\u00e8tent leur tranquillit\u00e9 en disant oui \u00e0 leurs parents mais d\u00e9veloppent des strat\u00e9gies d\u2019\u00e9vitement. En laissant leur t\u00e9l\u00e9phone chez un copain ou en en utilisant un autre. On explique aux enfants ce qu\u2019ils ne doivent pas faire dessus plut\u00f4t que de leur dire comment faire.\u00a0\u00bb<\/p>\n<p>Pour illustrer son propos, Thomas Rohmer dresse un parall\u00e8le: \u00ab\u00a0Quand j\u2019\u00e9tais enfant, lorsque j\u2019allais dans un jardin public et que je tombais d\u2019un toboggan d\u2019un m\u00e8tre vingt, c\u2019\u00e9tait sur du b\u00e9ton, je me faisais mal \u2013 ce qui n\u2019a jamais tu\u00e9 des milliers d\u2019enfants. Aujourd\u2019hui ils tombent sur du caoutchouc. En Allemagne ils font machine arri\u00e8re dans leurs aires de jeux et reb\u00e9tonnent. Parce que les enfants prennent plus de risque. Pourquoi ne pas monter \u00e0 deux m\u00e8tres apr\u00e8s \u00e7a?\u00a0\u00bb M\u00eame si sa position est clairement affirm\u00e9e, il ne souhaite pas tomber dans le jugement: \u00ab\u00a0Les parents ont l\u2019impression d\u2019avoir fait le job en contr\u00f4lant de cette mani\u00e8re. Mais c\u2019est \u00e0 travers le dialogue et la transmission de comp\u00e9tence que l\u2019enfant peut adopter les bons r\u00e9flexes. Comme conna\u00eetre les num\u00e9ros de t\u00e9l\u00e9phone importants par c\u0153ur ou savoir qu\u2019il peut s\u2019adresser \u00e0 un commer\u00e7ant ou \u00e0 un chauffeur de bus en cas de probl\u00e8me. On doit leur apprendre \u00e0 g\u00e9rer des situations probl\u00e9matiques \u2013 auxquelles ils seront n\u00e9cessairement confront\u00e9s \u2013 sans avoir un cordon ombilical num\u00e9rique qui les relie \u00e0 nous.\u00a0\u00bb<\/p>\n","protected":false},"excerpt":{"rendered":"Lila d\u00e9gaine son smartphone. Ouvre sa messagerie Snapchat. Un plan de Nice se dessine. \u00ab\u00a0On peut voir o\u00f9&hellip;\n","protected":false},"author":2,"featured_media":137018,"comment_status":"","ping_status":"","sticky":false,"template":"","format":"standard","meta":{"footnotes":""},"categories":[2819],"tags":[1111,11,1777,674,332,1011,27,12,2401,882,25],"class_list":{"0":"post-137017","1":"post","2":"type-post","3":"status-publish","4":"format-standard","5":"has-post-thumbnail","7":"category-nice","8":"tag-actu","9":"tag-actualites","10":"tag-eu","11":"tag-europe","12":"tag-faits-de-societe","13":"tag-fr","14":"tag-france","15":"tag-news","16":"tag-nice","17":"tag-provence-alpes-cote-dazur","18":"tag-republique-francaise"},"share_on_mastodon":{"url":"https:\/\/pubeurope.com\/@fr\/114591616416825997","error":""},"_links":{"self":[{"href":"https:\/\/www.europesays.com\/fr\/wp-json\/wp\/v2\/posts\/137017","targetHints":{"allow":["GET"]}}],"collection":[{"href":"https:\/\/www.europesays.com\/fr\/wp-json\/wp\/v2\/posts"}],"about":[{"href":"https:\/\/www.europesays.com\/fr\/wp-json\/wp\/v2\/types\/post"}],"author":[{"embeddable":true,"href":"https:\/\/www.europesays.com\/fr\/wp-json\/wp\/v2\/users\/2"}],"replies":[{"embeddable":true,"href":"https:\/\/www.europesays.com\/fr\/wp-json\/wp\/v2\/comments?post=137017"}],"version-history":[{"count":0,"href":"https:\/\/www.europesays.com\/fr\/wp-json\/wp\/v2\/posts\/137017\/revisions"}],"wp:featuredmedia":[{"embeddable":true,"href":"https:\/\/www.europesays.com\/fr\/wp-json\/wp\/v2\/media\/137018"}],"wp:attachment":[{"href":"https:\/\/www.europesays.com\/fr\/wp-json\/wp\/v2\/media?parent=137017"}],"wp:term":[{"taxonomy":"category","embeddable":true,"href":"https:\/\/www.europesays.com\/fr\/wp-json\/wp\/v2\/categories?post=137017"},{"taxonomy":"post_tag","embeddable":true,"href":"https:\/\/www.europesays.com\/fr\/wp-json\/wp\/v2\/tags?post=137017"}],"curies":[{"name":"wp","href":"https:\/\/api.w.org\/{rel}","templated":true}]}}