{"id":137021,"date":"2025-05-29T14:35:58","date_gmt":"2025-05-29T14:35:58","guid":{"rendered":"https:\/\/www.europesays.com\/fr\/137021\/"},"modified":"2025-05-29T14:35:58","modified_gmt":"2025-05-29T14:35:58","slug":"il-insulte-le-chauffeur-de-bus-et-tente-de-mordre-une-policiere-un-homme-de-41-ans-en-garde-a","status":"publish","type":"post","link":"https:\/\/www.europesays.com\/fr\/137021\/","title":{"rendered":"Il insulte le chauffeur de bus et tente de mordre une polici\u00e8re\u00a0: un homme de 41\u00a0ans en garde \u00e0"},"content":{"rendered":"<tr wp_automatic_readability=\"5.8888888888889\">\n<td valign=\"middle\" align=\"center\" class=\"col-logo\" wp_automatic_readability=\"5\">\n    <img decoding=\"async\" src=\"https:\/\/www.europesays.com\/fr\/wp-content\/uploads\/2025\/04\/logo-of-monetise.svg\" alt=\"logo Ouest-France\" height=\"66\"\/><\/p>\n<p>Contenu r\u00e9serv\u00e9 aux abonn\u00e9s<\/p>\n<\/td>\n<td class=\"col-titre\">\n\t\t\tMardi 27 mai 2025 17:26<br \/>\n\t\t\t<a class=\"icon-bulle sizeL count\" href=\"#ancreAvis\"><br \/>\n\t&#8230;<br \/>\n<\/a><\/td>\n<\/tr>\n<p>\t\t<a class=\"mavillebox2 elmt-photo\" href=\"https:\/\/maville.com\/photosmvi\/2025\/05\/27\/P35254614D6827415G.jpg\" title=\" Un homme de 41\u00a0ans a \u00e9t\u00e9 interpell\u00e9 et plac\u00e9 en garde \u00e0 vue lundi 26\u00a0mai, \u00e0 Nantes (Loire-Atlantique), apr\u00e8s avoir insult\u00e9 un chauffeur de bus et tent\u00e9 d\u2019agresser des policiers municipaux.  \u00a9  Ouest-France  &lt;!--TAG-BLC credit--&gt;\" rel=\"galerie_actu noopener\" target=\"_blank\"><br \/>\n\t<img decoding=\"async\" src=\"https:\/\/www.europesays.com\/fr\/wp-content\/uploads\/2025\/05\/P35254614D6827415G_crop_640-330_.jpg\" alt=\"photo  un homme de 41\u00a0ans a \u00e9t\u00e9 interpell\u00e9 et plac\u00e9 en garde \u00e0 vue lundi 26\u00a0mai, \u00e0 nantes (loire-atlantique), apr\u00e8s avoir insult\u00e9 un chauffeur de bus et tent\u00e9 d\u2019agresser des policiers municipaux.  \u00a9  ouest-france \"\/><br \/>\n\t1<br \/>\n<\/a><\/p>\n<p class=\"elmt-legende\"> Un homme de 41\u00a0ans a \u00e9t\u00e9 interpell\u00e9 et plac\u00e9 en garde \u00e0 vue lundi 26\u00a0mai, \u00e0 Nantes (Loire-Atlantique), apr\u00e8s avoir insult\u00e9 un chauffeur de bus et tent\u00e9 d\u2019agresser des policiers municipaux.  \u00a9  Ouest-France  <\/p>\n<p>\t\tUn homme de 41\u00a0ans a \u00e9t\u00e9 interpell\u00e9 et plac\u00e9 en garde \u00e0 vue, lundi 26\u00a0mai, \u00e0 Nantes (Loire-Atlantique), apr\u00e8s avoir insult\u00e9 un chauffeur de bus et tent\u00e9 d\u2019agresser des policiers municipaux.<\/p>\n<p><b>Cet article est r\u00e9serv\u00e9 aux abonn\u00e9s<\/b><\/p>\n<p>Pour un acc\u00e8s imm\u00e9diat, abonnez-vous<\/p>\n<p><b>1\u00e8re semaine offerte<\/b><\/p>\n<p>\t\tOuest-France<\/p>\n<p>Retrouvez d&rsquo;autres actus sur la commune de :<\/p>\n<p>\t\t&#13;<\/p>\n","protected":false},"excerpt":{"rendered":"Contenu r\u00e9serv\u00e9 aux abonn\u00e9s Mardi 27 mai 2025 17:26 &#8230; 1 Un homme de 41\u00a0ans a \u00e9t\u00e9 interpell\u00e9&hellip;\n","protected":false},"author":2,"featured_media":137022,"comment_status":"","ping_status":"","sticky":false,"template":"","format":"standard","meta":{"footnotes":""},"categories":[2818],"tags":[26336,1111,11,1764,7048,9698,1777,674,1011,27,8712,4933,2335,26335,766,12,2636,17416,25,18800,13373],"class_list":{"0":"post-137021","1":"post","2":"type-post","3":"status-publish","4":"format-standard","5":"has-post-thumbnail","7":"category-nantes","8":"tag-26336","9":"tag-actu","10":"tag-actualites","11":"tag-ans","12":"tag-bus","13":"tag-chauffeur","14":"tag-eu","15":"tag-europe","16":"tag-fr","17":"tag-france","18":"tag-garde","19":"tag-homme","20":"tag-insulte","21":"tag-mordre","22":"tag-nantes","23":"tag-news","24":"tag-pays-de-la-loire","25":"tag-policiere","26":"tag-republique-francaise","27":"tag-tente","28":"tag-vue"},"share_on_mastodon":{"url":"https:\/\/pubeurope.com\/@fr\/114591628224199049","error":""},"_links":{"self":[{"href":"https:\/\/www.europesays.com\/fr\/wp-json\/wp\/v2\/posts\/137021","targetHints":{"allow":["GET"]}}],"collection":[{"href":"https:\/\/www.europesays.com\/fr\/wp-json\/wp\/v2\/posts"}],"about":[{"href":"https:\/\/www.europesays.com\/fr\/wp-json\/wp\/v2\/types\/post"}],"author":[{"embeddable":true,"href":"https:\/\/www.europesays.com\/fr\/wp-json\/wp\/v2\/users\/2"}],"replies":[{"embeddable":true,"href":"https:\/\/www.europesays.com\/fr\/wp-json\/wp\/v2\/comments?post=137021"}],"version-history":[{"count":0,"href":"https:\/\/www.europesays.com\/fr\/wp-json\/wp\/v2\/posts\/137021\/revisions"}],"wp:featuredmedia":[{"embeddable":true,"href":"https:\/\/www.europesays.com\/fr\/wp-json\/wp\/v2\/media\/137022"}],"wp:attachment":[{"href":"https:\/\/www.europesays.com\/fr\/wp-json\/wp\/v2\/media?parent=137021"}],"wp:term":[{"taxonomy":"category","embeddable":true,"href":"https:\/\/www.europesays.com\/fr\/wp-json\/wp\/v2\/categories?post=137021"},{"taxonomy":"post_tag","embeddable":true,"href":"https:\/\/www.europesays.com\/fr\/wp-json\/wp\/v2\/tags?post=137021"}],"curies":[{"name":"wp","href":"https:\/\/api.w.org\/{rel}","templated":true}]}}