{"id":137039,"date":"2025-05-29T14:45:14","date_gmt":"2025-05-29T14:45:14","guid":{"rendered":"https:\/\/www.europesays.com\/fr\/137039\/"},"modified":"2025-05-29T14:45:14","modified_gmt":"2025-05-29T14:45:14","slug":"un-lieu-de-vie-pour-personnes-atteintes-de-deficience-auditive-inaugure-dans-le-9e-arrondissement","status":"publish","type":"post","link":"https:\/\/www.europesays.com\/fr\/137039\/","title":{"rendered":"un lieu de vie pour personnes atteintes de d\u00e9ficience auditive inaugur\u00e9 dans le 9e arrondissement"},"content":{"rendered":"<p itemprop=\"description\"><strong>Ce lundi 26 mai, les \u00e9tablissements IRSAM Clairefontaine, situ\u00e9s dans le 9e arrondissement de Lyon, ont \u00e9t\u00e9 inaugur\u00e9s par le D\u00e9partement du Rh\u00f4ne, la M\u00e9tropole de Lyon et l\u2019Agence R\u00e9gionale de Sant\u00e9 d\u2019Auvergne-Rh\u00f4ne-Alpes.<\/strong><\/p>\n<p>Ce lieu est l\u2019un des seuls en France \u00e0 accueillir des personnes avec des handicaps rares li\u00e9s \u00e0 l\u2019audition et avait subi d\u2019importants travaux de r\u00e9habilitation.<\/p>\n<p>Trois unit\u00e9s de vie sont d\u00e9sormais \u00e0 disposition de 65 personnes : l\u2019\u00c9tablissement d\u2019Accueil Non M\u00e9dicalis\u00e9 (EANM), qui accueille des adultes non-travailleurs ayant une certaine autonomie, un \u00c9tablissement d\u2019Accueil M\u00e9dicalis\u00e9 (EAM), qui re\u00e7oit des personnes ayant besoin d\u2019un accompagnement de proximit\u00e9 et d\u2019un suivi m\u00e9dical renforc\u00e9, et un accueil de jour, permettant d\u2019accueillir des jeunes externes atteints de d\u00e9ficience auditive.<\/p>\n<p>La construction des b\u00e2timents, le financement d\u2019\u00e9quipement pour am\u00e9liorer la prise en charge des r\u00e9sidents et l\u2019extension de l\u2019accueil m\u00e9dicalis\u00e9 ont co\u00fbt\u00e9 pas moins de 3,41 millions d\u2019euros. L\u2019Agence r\u00e9gionale de sant\u00e9 Auvergne-Rh\u00f4ne-Alpes a d\u2019ailleurs pris en charge 1,5 million d\u2019euros.<\/p>\n<p>Pour Philippe Guetat, directeur d\u00e9partemental du Rh\u00f4ne et de la M\u00e9tropole de Lyon \u00e0 l\u2019ARS Auvergne Rh\u00f4ne-Alpes, \u00ab\u00a0ce lieu est le r\u00e9sultat d\u2019un travail partenarial solide, d\u2019une ambition partag\u00e9e : celle de garantir \u00e0 chacun, quel que soit son degr\u00e9 d\u2019autonomie, un accompagnement bienveillant, des soins appropri\u00e9s, et une vie sociale riche de sens\u00a0\u00bb.<\/p>\n<p><a href=\"https:\/\/www.lyonmag.com\/profil-personnalite-lyonnaise\/518\/bruno-bernard\" target=\"_blank\" rel=\"noopener\">Bruno Bernard<\/a>, pr\u00e9sident de la M\u00e9tropole de Lyon, a tenu \u00e0 souligner \u00ab\u00a0un engagement fort pour une soci\u00e9t\u00e9 plus juste, plus solidaire, et pleinement inclusive.\u00a0\u00bb<\/p>\n","protected":false},"excerpt":{"rendered":"Ce lundi 26 mai, les \u00e9tablissements IRSAM Clairefontaine, situ\u00e9s dans le 9e arrondissement de Lyon, ont \u00e9t\u00e9 inaugur\u00e9s&hellip;\n","protected":false},"author":2,"featured_media":137040,"comment_status":"","ping_status":"","sticky":false,"template":"","format":"standard","meta":{"footnotes":""},"categories":[1889],"tags":[1111,11,2813,2190,2430,1109,251,1112,2811,1777,674,118,1011,27,1922,1110,1114,2428,2810,12,241,316,25,2812,517,800],"class_list":{"0":"post-137039","1":"post","2":"type-post","3":"status-publish","4":"format-standard","5":"has-post-thumbnail","7":"category-lyon","8":"tag-actu","9":"tag-actualites","10":"tag-article","11":"tag-asvel","12":"tag-auvergne-rhone-alpes","13":"tag-breves","14":"tag-culture","15":"tag-depeches","16":"tag-economique","17":"tag-eu","18":"tag-europe","19":"tag-faits-divers","20":"tag-fr","21":"tag-france","22":"tag-info","23":"tag-informations","24":"tag-infos","25":"tag-lyon","26":"tag-lyonmag","27":"tag-news","28":"tag-ol","29":"tag-politique","30":"tag-republique-francaise","31":"tag-sociale","32":"tag-sport","33":"tag-transports"},"share_on_mastodon":{"url":"https:\/\/pubeurope.com\/@fr\/114591663581931679","error":""},"_links":{"self":[{"href":"https:\/\/www.europesays.com\/fr\/wp-json\/wp\/v2\/posts\/137039","targetHints":{"allow":["GET"]}}],"collection":[{"href":"https:\/\/www.europesays.com\/fr\/wp-json\/wp\/v2\/posts"}],"about":[{"href":"https:\/\/www.europesays.com\/fr\/wp-json\/wp\/v2\/types\/post"}],"author":[{"embeddable":true,"href":"https:\/\/www.europesays.com\/fr\/wp-json\/wp\/v2\/users\/2"}],"replies":[{"embeddable":true,"href":"https:\/\/www.europesays.com\/fr\/wp-json\/wp\/v2\/comments?post=137039"}],"version-history":[{"count":0,"href":"https:\/\/www.europesays.com\/fr\/wp-json\/wp\/v2\/posts\/137039\/revisions"}],"wp:featuredmedia":[{"embeddable":true,"href":"https:\/\/www.europesays.com\/fr\/wp-json\/wp\/v2\/media\/137040"}],"wp:attachment":[{"href":"https:\/\/www.europesays.com\/fr\/wp-json\/wp\/v2\/media?parent=137039"}],"wp:term":[{"taxonomy":"category","embeddable":true,"href":"https:\/\/www.europesays.com\/fr\/wp-json\/wp\/v2\/categories?post=137039"},{"taxonomy":"post_tag","embeddable":true,"href":"https:\/\/www.europesays.com\/fr\/wp-json\/wp\/v2\/tags?post=137039"}],"curies":[{"name":"wp","href":"https:\/\/api.w.org\/{rel}","templated":true}]}}