{"id":137043,"date":"2025-05-29T14:48:12","date_gmt":"2025-05-29T14:48:12","guid":{"rendered":"https:\/\/www.europesays.com\/fr\/137043\/"},"modified":"2025-05-29T14:48:12","modified_gmt":"2025-05-29T14:48:12","slug":"la-carte-des-ecrans-geants-pour-suivre-la-finale-de-la-ligue-des-champions-samedi-en-ile-de-france","status":"publish","type":"post","link":"https:\/\/www.europesays.com\/fr\/137043\/","title":{"rendered":"La carte des \u00e9crans g\u00e9ants pour suivre la finale de la Ligue des champions samedi en Ile-de-France"},"content":{"rendered":"<p>Dernier rappel pour bien checker que vous n\u2019avez pas un d\u00eener chez les beaux-parents pr\u00e9vu ce soir-l\u00e0, ou le vernissage de votre ami qui se lance dans l\u2019art abstrait avec des assiettes cass\u00e9es. Car samedi soir \u00e0 21 heures, le <a href=\"https:\/\/www.20minutes.fr\/sport\/psg\/\" class=\"color-ultramarine c-link\" target=\"_blank\" rel=\"noopener\">PSG<\/a> affronte l\u2019<a href=\"https:\/\/www.20minutes.fr\/sport\/inter_milan\/\" class=\"color-ultramarine c-link\" target=\"_blank\" rel=\"noopener\">Inter Milan<\/a> en finale de la <a href=\"https:\/\/www.20minutes.fr\/sport\/ligue_des_champions\/\" class=\"color-ultramarine c-link\" target=\"_blank\" rel=\"noopener\">Ligue des Champions<\/a>. Et si vous avez un bout de fibre sportive en vous, vous serez devant un \u00e9cran pour suivre la rencontre.<\/p>\n<p>Elle aura lieu \u00e0 Munich, et \u00e0 moins de faire partie des <a href=\"https:\/\/www.20minutes.fr\/sport\/football\/ligue_des_champions\/4154233-20250520-billetterie-psg-inter-milan-fixe-prix-2-500-euros-marche-revente-explose-finale\" class=\"color-ultramarine c-link\" target=\"_blank\" rel=\"noopener\">rares chanceux qui ont obtenu un billet<\/a>, vous ne serez pas en Bavi\u00e8re. Qu\u2019importe, il y aura bien d\u2019autres endroits en <a href=\"https:\/\/www.20minutes.fr\/dossier\/ile-de-france\" class=\"color-ultramarine c-link\" target=\"_blank\" rel=\"noopener\">Ile-de-France<\/a> pour mater le match dans une ambiance survolt\u00e9e. Des endroits qui sont quasiment tous\u2026 <a href=\"https:\/\/www.20minutes.fr\/sport\/football\/ligue_des_champions\/4154641-20250521-psg-finale-ligue-champions-diffusee-parc-princes-faudra-casquer\" class=\"color-ultramarine c-link\" target=\"_blank\" rel=\"noopener\">hors de Paris<\/a>.<\/p>\n<p>Pour savoir o\u00f9 seront install\u00e9s des \u00e9crans g\u00e9ants pour regarder PSG &#8211; Inter Milan samedi soir en Ile-de-France, regardez notre carte interactive ci-dessous\u00a0:<\/p>\n<\/p>\n<p><\/p>\n","protected":false},"excerpt":{"rendered":"Dernier rappel pour bien checker que vous n\u2019avez pas un d\u00eener chez les beaux-parents pr\u00e9vu ce soir-l\u00e0, ou&hellip;\n","protected":false},"author":2,"featured_media":137044,"comment_status":"","ping_status":"","sticky":false,"template":"","format":"standard","meta":{"footnotes":""},"categories":[1592],"tags":[1111,11,1777,674,1011,27,662,4788,447,1897,12,626,2332,25,1945,517,1015,1938],"class_list":{"0":"post-137043","1":"post","2":"type-post","3":"status-publish","4":"format-standard","5":"has-post-thumbnail","7":"category-ile-de-france","8":"tag-actu","9":"tag-actualites","10":"tag-eu","11":"tag-europe","12":"tag-fr","13":"tag-france","14":"tag-ile-de-france","15":"tag-inter-milan","16":"tag-ligue-des-champions","17":"tag-munich","18":"tag-news","19":"tag-paris","20":"tag-paris-saint-germain-psg","21":"tag-republique-francaise","22":"tag-seine-saint-denis","23":"tag-sport","24":"tag-supporter","25":"tag-yvelines"},"share_on_mastodon":{"url":"https:\/\/pubeurope.com\/@fr\/114591675385469489","error":""},"_links":{"self":[{"href":"https:\/\/www.europesays.com\/fr\/wp-json\/wp\/v2\/posts\/137043","targetHints":{"allow":["GET"]}}],"collection":[{"href":"https:\/\/www.europesays.com\/fr\/wp-json\/wp\/v2\/posts"}],"about":[{"href":"https:\/\/www.europesays.com\/fr\/wp-json\/wp\/v2\/types\/post"}],"author":[{"embeddable":true,"href":"https:\/\/www.europesays.com\/fr\/wp-json\/wp\/v2\/users\/2"}],"replies":[{"embeddable":true,"href":"https:\/\/www.europesays.com\/fr\/wp-json\/wp\/v2\/comments?post=137043"}],"version-history":[{"count":0,"href":"https:\/\/www.europesays.com\/fr\/wp-json\/wp\/v2\/posts\/137043\/revisions"}],"wp:featuredmedia":[{"embeddable":true,"href":"https:\/\/www.europesays.com\/fr\/wp-json\/wp\/v2\/media\/137044"}],"wp:attachment":[{"href":"https:\/\/www.europesays.com\/fr\/wp-json\/wp\/v2\/media?parent=137043"}],"wp:term":[{"taxonomy":"category","embeddable":true,"href":"https:\/\/www.europesays.com\/fr\/wp-json\/wp\/v2\/categories?post=137043"},{"taxonomy":"post_tag","embeddable":true,"href":"https:\/\/www.europesays.com\/fr\/wp-json\/wp\/v2\/tags?post=137043"}],"curies":[{"name":"wp","href":"https:\/\/api.w.org\/{rel}","templated":true}]}}