{"id":137053,"date":"2025-05-29T14:55:13","date_gmt":"2025-05-29T14:55:13","guid":{"rendered":"https:\/\/www.europesays.com\/fr\/137053\/"},"modified":"2025-05-29T14:55:13","modified_gmt":"2025-05-29T14:55:13","slug":"quand-la-bromance-entre-donald-trump-et-vladimir-poutine-se-brise","status":"publish","type":"post","link":"https:\/\/www.europesays.com\/fr\/137053\/","title":{"rendered":"quand la \u00ab\u00a0bromance\u00a0\u00bb entre Donald Trump et Vladimir Poutine se brise"},"content":{"rendered":"<p>                <img decoding=\"async\" alt=\"\" class=\"media-item\" src=\"https:\/\/www.europesays.com\/fr\/wp-content\/uploads\/2025\/05\/1756265-le-president-russe-vladimir-poutine-le-27-mars-2025-et-le-president-americain-donald-trump-d.jpeg\"\/><\/p>\n<p>\n                    Le pr\u00e9sident russe Vladimir Poutine, le 27 mars 2025, et le pr\u00e9sident am\u00e9ricain Donald Trump devant la Maison Blanche \u00e0 Washington, DC, le 23 avril 2025<\/p>\n<p>Cr\u00e9dit : SAUL LOEB, Olga MALTSEVA \/ AFP<\/p>\n<p class=\"article-p mdl\">La relation entre Donald Trump et Vladimir Poutine est complexe. Le pr\u00e9sident des \u00c9tats-Unis promettait de r\u00e9soudre la guerre en Ukraine en 24 heures. Apr\u00e8s six mois au pouvoir, le locataire de la Maison-Blanche est pass\u00e9 de l&rsquo;admiration pour l&rsquo;homme fort du Kremlin aux doutes.<\/p>\n<p class=\"article-p mdl\">Donald Trump souhaite la fin de la guerre, mais aussi la restauration du lien avec la Russie, pour faire des affaires, avec une hyper personnalisation des relations diplomatiques. L&rsquo;ancien homme d&rsquo;affaires a toujours consid\u00e9r\u00e9 Volodymyr Zelensky comme insignifiant. L&rsquo;admiration de\u00a0<a class=\"link\" href=\"https:\/\/www.rtl.fr\/actu\/international\/droits-de-douane-bloques-par-un-tribunal-nouveau-camouflet-judiciaire-pour-trump-7900510442\" target=\"_blank\" rel=\"noopener\">Donald Trump<\/a>\u00a0pour Vladimir Poutine n&rsquo;est pas nouvelle. <strong>Ils ne s&rsquo;\u00e9taient jamais rencontr\u00e9s en personne avant sa conqu\u00eate de la Maison-Blanche<\/strong>, malgr\u00e9 plusieurs tentatives.\u00a0<\/p>\n<p class=\"article-p mdl\">Leur premi\u00e8re rencontre a eu lieu au G20 \u00e0 Hambourg, en 2017. Leur relation s&rsquo;est b\u00e2tie sur <strong>une sorte d&rsquo;admiration \u00e0 distance.<\/strong> Mais Donald Trump\u00a0s&rsquo;impatiente. Dimanche 25 mai 2025, le pr\u00e9sident am\u00e9ricain a partag\u00e9 ses doutes sur son r\u00e9seau social Truth Social : \u00ab\u00a0Quelque chose est arriv\u00e9 \u00e0 Poutine.\u00a0<a class=\"link\" href=\"https:\/\/www.rtl.fr\/actu\/international\/il-est-devenu-completement-fou-trump-s-en-prend-violemment-a-poutine-apres-de-nouvelles-frappes-russes-sur-l-ukraine-7900508958\" title=\"&quot;Il est devenu compl\u00e8tement fou !&quot; : Trump s&#039;en prend violemment \u00e0 Poutine apr\u00e8s de nouvelles frappes russes sur l&#039;Ukraine\" target=\"_blank\" rel=\"noopener\">Est-il devenu fou\u202f?\u00a0\u00bb,<\/a>\u00a0a-t-il interrog\u00e9.<\/p>\n<p class=\"article-p mdl\">Dans cette Lettre d&rsquo;Am\u00e9rique, Arnaud Tousch, correspondant de RTL \u00e0 New York, raconte l&rsquo;\u00e9volution de la relation entre Donald Trump et Vladimir Poutine, mais aussi la tournure qu&rsquo;elle pourrait prendre.\u00a0<\/p>\n<p>    La r\u00e9daction vous recommande<\/p>\n<p class=\"s-newsletter__title\">\n                L\u2019actualit\u00e9 par la r\u00e9daction de RTL dans votre bo\u00eete mail.\n            <\/p>\n<p class=\"s-newsletter__subtitle\">\n                Gr\u00e2ce \u00e0 votre compte RTL abonnez-vous \u00e0 la newsletter RTL info pour suivre toute l&rsquo;actualit\u00e9 au quotidien\n            <\/p>\n<p>\n                                    Lire la suite\n                                <\/p>\n","protected":false},"excerpt":{"rendered":"Le pr\u00e9sident russe Vladimir Poutine, le 27 mars 2025, et le pr\u00e9sident am\u00e9ricain Donald Trump devant la Maison&hellip;\n","protected":false},"author":2,"featured_media":112280,"comment_status":"","ping_status":"","sticky":false,"template":"","format":"standard","meta":{"footnotes":""},"categories":[1590],"tags":[11,75,73,1777,674,107,131,12,362,132,220,135],"class_list":{"0":"post-137053","1":"post","2":"type-post","3":"status-publish","4":"format-standard","5":"has-post-thumbnail","7":"category-ukraine","8":"tag-actualites","9":"tag-donald-trump","10":"tag-etats-unis","11":"tag-eu","12":"tag-europe","13":"tag-fil-info","14":"tag-guerre-en-ukraine","15":"tag-news","16":"tag-replay","17":"tag-russie","18":"tag-ukraine","19":"tag-vladimir-poutine"},"share_on_mastodon":{"url":"https:\/\/pubeurope.com\/@fr\/114591703090541325","error":""},"_links":{"self":[{"href":"https:\/\/www.europesays.com\/fr\/wp-json\/wp\/v2\/posts\/137053","targetHints":{"allow":["GET"]}}],"collection":[{"href":"https:\/\/www.europesays.com\/fr\/wp-json\/wp\/v2\/posts"}],"about":[{"href":"https:\/\/www.europesays.com\/fr\/wp-json\/wp\/v2\/types\/post"}],"author":[{"embeddable":true,"href":"https:\/\/www.europesays.com\/fr\/wp-json\/wp\/v2\/users\/2"}],"replies":[{"embeddable":true,"href":"https:\/\/www.europesays.com\/fr\/wp-json\/wp\/v2\/comments?post=137053"}],"version-history":[{"count":0,"href":"https:\/\/www.europesays.com\/fr\/wp-json\/wp\/v2\/posts\/137053\/revisions"}],"wp:featuredmedia":[{"embeddable":true,"href":"https:\/\/www.europesays.com\/fr\/wp-json\/wp\/v2\/media\/112280"}],"wp:attachment":[{"href":"https:\/\/www.europesays.com\/fr\/wp-json\/wp\/v2\/media?parent=137053"}],"wp:term":[{"taxonomy":"category","embeddable":true,"href":"https:\/\/www.europesays.com\/fr\/wp-json\/wp\/v2\/categories?post=137053"},{"taxonomy":"post_tag","embeddable":true,"href":"https:\/\/www.europesays.com\/fr\/wp-json\/wp\/v2\/tags?post=137053"}],"curies":[{"name":"wp","href":"https:\/\/api.w.org\/{rel}","templated":true}]}}