{"id":137060,"date":"2025-05-29T14:59:13","date_gmt":"2025-05-29T14:59:13","guid":{"rendered":"https:\/\/www.europesays.com\/fr\/137060\/"},"modified":"2025-05-29T14:59:13","modified_gmt":"2025-05-29T14:59:13","slug":"ursula-von-der-leyen-recoit-le-prix-charlemagne-et-prone-la-defense-de-leurope","status":"publish","type":"post","link":"https:\/\/www.europesays.com\/fr\/137060\/","title":{"rendered":"Ursula von der Leyen re\u00e7oit le prix Charlemagne et pr\u00f4ne la d\u00e9fense de l&rsquo;Europe"},"content":{"rendered":"<p>La pr\u00e9sidente de la Commission europ\u00e9enne, Ursula von der Leyen, a remport\u00e9 en janvier le prix Charlemagne, la plus haute distinction d\u00e9cern\u00e9e sur le continent aux d\u00e9fenseurs des valeurs europ\u00e9ennes.<\/p>\n<p>Lors de la c\u00e9r\u00e9monie de remise du prix, qui s&rsquo;est d\u00e9roul\u00e9e ce jeudi \u00e0 Aix-la-Chapelle, le chef de l&rsquo;ex\u00e9cutif europ\u00e9en a expos\u00e9 les priorit\u00e9s de l&rsquo;Europe pour les ann\u00e9es \u00e0 venir, soulignant l&rsquo;importance de garantir la paix par la d\u00e9fense, de faire progresser l&rsquo;\u00e9largissement de l&rsquo;UE et de pr\u00e9server la d\u00e9mocratie tout en renfor\u00e7ant la r\u00e9silience de l&rsquo;Europe.<\/p>\n<p>\u00ab\u00a0Chers amis, une Europe ind\u00e9pendante. Je sais que pour certains, ce message est inconfortable \u00e0 entendre. Mais au fond, il s&rsquo;agit de notre libert\u00e9\u00a0\u00bb, a d\u00e9clar\u00e9 Ursula von der Leyen dans son discours de remerciement.<\/p>\n<p>\u00ab\u00a0Comme les peuples d&rsquo;Europe centrale et orientale le savent depuis longtemps, la libert\u00e9 individuelle n&rsquo;est possible que dans le cadre d&rsquo;une ind\u00e9pendance collective\u00a0\u00bb, a-t-elle ajout\u00e9.<\/p>\n<p>La responsabilit\u00e9 partag\u00e9e de d\u00e9fendre et de prot\u00e9ger les valeurs europ\u00e9ennes<\/p>\n<p>Plusieurs chefs d&rsquo;\u00c9tat et anciens laur\u00e9ats ont particip\u00e9 \u00e0 la c\u00e9r\u00e9monie, notamment le Premier ministre britannique Keir Starmer, le chancelier allemand Friedrich Merz, le roi d&rsquo;Espagne Felipe VI, le Premier ministre maltais Robert Abela et le Premier ministre albanais Edi Rama.<\/p>\n<p>Le chancelier allemand a pris la parole au cours de la c\u00e9r\u00e9monie.<\/p>\n<p>S&rsquo;exprimant sur les questions g\u00e9opolitiques les plus pressantes auxquelles est confront\u00e9 le continent europ\u00e9en, il a d\u00e9clar\u00e9 que l&rsquo;Allemagne \u00e9tait \u00ab\u00a0pr\u00eate et dispos\u00e9e \u00e0 jouer son r\u00f4le\u00a0\u00bb, en \u00e9troite coordination avec les autres pays europ\u00e9ens, pour relever les d\u00e9fis \u00e0 venir.<\/p>\n<p><img decoding=\"async\" class=\"caas-img caas-lazy has-preview\" alt=\" Le chancelier allemand Friedrich Merz et le pr\u00e9sident ukrainien Volodymyr Zelensky assistent \u00e0 une conf\u00e9rence de presse \u00e0 la chancellerie \u00e0 Berlin, 28 mai 2025.\" src=\"https:\/\/www.europesays.com\/fr\/wp-content\/uploads\/2025\/05\/adb66aa990fdbbccf798afdef67e38ae.jpeg\"\/><\/p>\n<p> Le chancelier allemand Friedrich Merz et le pr\u00e9sident ukrainien Volodymyr Zelensky assistent \u00e0 une conf\u00e9rence de presse \u00e0 la chancellerie \u00e0 Berlin, 28 mai 2025.   &#8211; AP Photo <\/p>\n<p>\u00ab\u00a0Nous sommes pr\u00eats \u00e0 apporter notre soutien \u00e0 l&rsquo;Ukraine, en \u00e9troite collaboration avec nos voisins europ\u00e9ens\u00a0\u00bb.<\/p>\n<p>\u00ab\u00a0Nous continuerons \u00e0 soutenir l&rsquo;Ukraine avec tout ce que nous avons, militairement, politiquement et \u00e9conomiquement. Hier encore, le pr\u00e9sident Zelensky et moi-m\u00eame avons renforc\u00e9 cet engagement \u00e0 Berlin\u00a0\u00bb, a-t-il ajout\u00e9.<\/p>\n<p>Il a \u00e9galement soulign\u00e9 que l&rsquo;Europe a \u00e9t\u00e9 fond\u00e9e pour servir ses citoyens et que sa g\u00e9n\u00e9ration, la premi\u00e8re \u00e0 grandir dans une Europe de libert\u00e9, de paix et de prosp\u00e9rit\u00e9, a h\u00e9rit\u00e9 de cet h\u00e9ritage des p\u00e8res fondateurs, rappelant la responsabilit\u00e9 partag\u00e9e de d\u00e9fendre et de prot\u00e9ger ces valeurs pour l&rsquo;avenir.<\/p>\n<p>\u00ab\u00a0Il y avait de meilleurs candidats pour ce prix\u00a0\u00bb<\/p>\n<p>Par ailleurs, certains analystes ont estim\u00e9 qu&rsquo;il y avait de meilleurs candidats pour ce prix que la chef de la Commission europ\u00e9enne, compte tenu de son r\u00f4le dans les institutions de l&rsquo;Union \u00e0 27.<\/p>\n<p>\u00ab\u00a0Si le but du prix Charlemagne est de reconna\u00eetre la pens\u00e9e et l&rsquo;action innovantes \u00e0 un moment g\u00e9opolitique sans pr\u00e9c\u00e9dent pour le continent, il devrait r\u00e9compenser des individus imaginatifs et courageux, et non des figures institutionnelles comme Ursula von der Leyen\u00a0\u00bb, a d\u00e9clar\u00e9 \u00e0 Euronews Alberto Alemanno, professeur de droit de l&rsquo;UE \u00e0 HEC Paris.<\/p>\n<p>\u00ab\u00a0De ce point de vue, l&rsquo;attribution du prix \u00e0 Mme von der Leyen appara\u00eet plus comme une c\u00e9l\u00e9bration de sa survie politique que comme la reconnaissance d&rsquo;une contribution \u00e0 l&rsquo;int\u00e9gration de l&rsquo;UE\u00a0\u00bb, a-t-il ajout\u00e9.<\/p>\n<p>Le prix Charlemagne est d\u00e9cern\u00e9 depuis 1950 \u00e0 des personnes ou \u00e0 des institutions pour les services rendus \u00e0 l&rsquo;Europe et \u00e0 l&rsquo;unit\u00e9 du continent.<\/p>\n<p>Ces derni\u00e8res ann\u00e9es, le prix a \u00e9t\u00e9 d\u00e9cern\u00e9 \u00e0 des hommes politiques, des militants et des communaut\u00e9s de haut niveau, dont l&rsquo;ancien grand rabbin de Moscou et pr\u00e9sident de la Conf\u00e9rence des rabbins europ\u00e9ens et des communaut\u00e9s juives d&rsquo;Europe Pinchas Goldschmidt, le pr\u00e9sident ukrainien Volodymyr Zelensky et le peuple ukrainien, les chefs de l&rsquo;opposition b\u00e9larusse Sviatlana Tsikhanouskaya, Maria Kalesnikava et Veronika Tsepkalo, ainsi que l&rsquo;ancien pr\u00e9sident roumain Klaus Iohannis.<\/p>\n","protected":false},"excerpt":{"rendered":"La pr\u00e9sidente de la Commission europ\u00e9enne, Ursula von der Leyen, a remport\u00e9 en janvier le prix Charlemagne, la&hellip;\n","protected":false},"author":2,"featured_media":137061,"comment_status":"","ping_status":"","sticky":false,"template":"","format":"standard","meta":{"footnotes":""},"categories":[1586],"tags":[11,19487,2196,26337,1777,674,1011,27,4710,1808,12,25,2544],"class_list":{"0":"post-137060","1":"post","2":"type-post","3":"status-publish","4":"format-standard","5":"has-post-thumbnail","7":"category-europe","8":"tag-actualites","9":"tag-chancelier-allemand","10":"tag-commission-europeenne","11":"tag-discours-de-remerciement","12":"tag-eu","13":"tag-europe","14":"tag-fr","15":"tag-france","16":"tag-friedrich-merz","17":"tag-leurope","18":"tag-news","19":"tag-republique-francaise","20":"tag-ursula-von-der-leyen"},"share_on_mastodon":{"url":"https:\/\/pubeurope.com\/@fr\/114591718694849762","error":""},"_links":{"self":[{"href":"https:\/\/www.europesays.com\/fr\/wp-json\/wp\/v2\/posts\/137060","targetHints":{"allow":["GET"]}}],"collection":[{"href":"https:\/\/www.europesays.com\/fr\/wp-json\/wp\/v2\/posts"}],"about":[{"href":"https:\/\/www.europesays.com\/fr\/wp-json\/wp\/v2\/types\/post"}],"author":[{"embeddable":true,"href":"https:\/\/www.europesays.com\/fr\/wp-json\/wp\/v2\/users\/2"}],"replies":[{"embeddable":true,"href":"https:\/\/www.europesays.com\/fr\/wp-json\/wp\/v2\/comments?post=137060"}],"version-history":[{"count":0,"href":"https:\/\/www.europesays.com\/fr\/wp-json\/wp\/v2\/posts\/137060\/revisions"}],"wp:featuredmedia":[{"embeddable":true,"href":"https:\/\/www.europesays.com\/fr\/wp-json\/wp\/v2\/media\/137061"}],"wp:attachment":[{"href":"https:\/\/www.europesays.com\/fr\/wp-json\/wp\/v2\/media?parent=137060"}],"wp:term":[{"taxonomy":"category","embeddable":true,"href":"https:\/\/www.europesays.com\/fr\/wp-json\/wp\/v2\/categories?post=137060"},{"taxonomy":"post_tag","embeddable":true,"href":"https:\/\/www.europesays.com\/fr\/wp-json\/wp\/v2\/tags?post=137060"}],"curies":[{"name":"wp","href":"https:\/\/api.w.org\/{rel}","templated":true}]}}