{"id":137064,"date":"2025-05-29T15:01:09","date_gmt":"2025-05-29T15:01:09","guid":{"rendered":"https:\/\/www.europesays.com\/fr\/137064\/"},"modified":"2025-05-29T15:01:09","modified_gmt":"2025-05-29T15:01:09","slug":"recadre-par-marine-le-pen-jordan-bardella-tente-de-minimiser-et-se-defend","status":"publish","type":"post","link":"https:\/\/www.europesays.com\/fr\/137064\/","title":{"rendered":"Recadr\u00e9 par Marine Le\u00a0Pen, Jordan Bardella tente de minimiser (et se d\u00e9fend)"},"content":{"rendered":"<p>        <img decoding=\"async\" loading=\"lazy\" src=\"https:\/\/www.europesays.com\/fr\/wp-content\/uploads\/2025\/05\/f172c59_sirius-fs-upload-1-ldpu84ekcqnw-1746018401891-000-36er8n6.jpg\"  width=\"728\" height=\"410\" alt=\"Marine Le Pen et Jordan Bardella photographi\u00e9s \u00e0 l\u2019\u00c9lys\u00e9e au mois d\u2019ao\u00fbt (illustration).\"\/>  <\/p>\n<p>BERTRAND GUAY \/ AFP<\/p>\n<p>Marine Le Pen et Jordan Bardella photographi\u00e9s \u00e0 l\u2019\u00c9lys\u00e9e au mois d\u2019ao\u00fbt (illustration).<\/p>\n<p class=\"asset asset-text\">POLITIQUE &#8211; Loin des yeux loin du c\u0153ur\u00a0? Il y a pr\u00e8s de 17\u00a0000\u00a0kilom\u00e8tres de distance entre Paris et Noum\u00e9a, et ce n\u2019est visiblement pas sans cons\u00e9quence pour le bin\u00f4me \u00e0 la t\u00eate du Rassemblement national. Bien d\u00e9cid\u00e9e \u00e0 ne pas laisser <a href=\"https:\/\/www.huffingtonpost.fr\/politique\/video\/ces-archives-de-marine-le-pen-et-jordan-bardella-leur-reviennent-comme-un-boomerang-apres-la-condamnation_248181.html\" rel=\"nofollow noopener\" target=\"_blank\">le \u00ab\u00a0plan B comme Bardella\u00a0\u00bb<\/a> s\u2019imposer dans l\u2019esprit des Fran\u00e7ais pour 2027, <a href=\"https:\/\/www.huffingtonpost.fr\/politique\/video\/marine-le-pen-condamnee-sa-peine-d-ineligibilite-l-empechera-d-etre-candidate-a-la-presidentielle_248164.html\" rel=\"nofollow noopener\" target=\"_blank\">Marine Le\u00a0Pen<\/a> continue, malgr\u00e9 sa condamnation et sa peine d\u2019in\u00e9ligibilit\u00e9, de travailler sa stature pr\u00e9sidentielle avec un d\u00e9placement en Nouvelle-Cal\u00e9donie.<\/p>\n<p class=\"asset asset-text\">Elle a dit \u00e0 cet \u00e9gard vouloir \u00ab\u00a0participer\u00a0\u00bb aux futures consultations sur l\u2019avenir institutionnel de l\u2019archipel, convoqu\u00e9es mi-juin par Emmanuel Macron apr\u00e8s l\u2019\u00e9chec de r\u00e9centes n\u00e9gociations. \u00ab\u00a0Demain, je peux \u00eatre amen\u00e9e, si je suis \u00e9lue, si les Fran\u00e7ais me font confiance, \u00e0 avoir une part active dans les d\u00e9cisions qui pourraient \u00eatre prises\u00a0\u00bb, a-t-elle fait valoir.<\/p>\n<p class=\"asset asset-text\">Une mani\u00e8re de rappeler son score de 40\u00a0% en Nouvelle-Cal\u00e9donie lors de la pr\u00e9sidentielle de 2022, mais surtout d\u2019insister\u00a0: <a href=\"https:\/\/www.huffingtonpost.fr\/politique\/article\/jordan-bardella-confirme-qu-il-se-prepare-a-remplacer-marine-le-pen-si-elle-est-empechee_249292.html\" rel=\"nofollow noopener\" target=\"_blank\">la candidate naturelle de son camp pour 2027<\/a>\u00a0pour l\u2019instant, c\u2019est toujours elle. Interrog\u00e9e sur la possibilit\u00e9 d\u2019\u00eatre accompagn\u00e9e\u00a0de Jordan Bardella lors de ces discussions, la d\u00e9put\u00e9e du Pas-de-Calais a cingl\u00e9\u00a0: \u00ab\u00a0Je ne suis pas s\u00fbre que Jordan, pour le coup, connaisse tr\u00e8s bien les probl\u00e8mes de la Nouvelle-Cal\u00e9donie. On partage nos talents.\u00a0\u00bb<\/p>\n<p>    \u00ab\u00a0Je consid\u00e8re qu\u2019il a la stature pour \u00eatre Premier ministre\u00a0\u00bb.    <\/p>\n<p class=\"asset asset-text\">Un tacle, un pic, un rappel \u00e0 l\u2019ordre, un recadrage\u00a0? Relanc\u00e9e sur la cha\u00eene LCI sur cette saillie qui n\u2019est pas pass\u00e9e inaper\u00e7ue, Marine Le\u00a0Pen s\u2019en est prise aux journalistes\u00a0: \u00ab\u00a0Vous voulez cr\u00e9er un coin entre Jordan Bardella et moi, vous n\u2019y arriverez pas.\u00a0\u00bb Si l\u2019\u00e9lue a de nouveau rappel\u00e9 que chacun, dans ce bin\u00f4me, avait ses domaines de comp\u00e9tences, elle \u00e9galement renouvel\u00e9 avec assurance\u00a0: \u00ab\u00a0Pour l\u2019instant, je suis candidate \u00e0 la pr\u00e9sidentielle.\u00a0\u00bb<\/p>\n<p class=\"asset asset-text\">Plus parlant peut-\u00eatre, alors que la journaliste la questionnait sur une \u00e9tude de l\u2019IFOP pour Valeurs Actuelles, selon laquelle Jordan Bardella a pour 41\u00a0% des Fran\u00e7ais la stature pour \u00eatre pr\u00e9sident, Marine Le\u00a0Pen a lanc\u00e9 cliniquement\u00a0: \u00ab\u00a0D\u00e9j\u00e0, moi, la question \u00e0 laquelle j\u2019ai r\u00e9pondu, c\u2019est\u00a0: oui, je consid\u00e8re qu\u2019il a la stature pour \u00eatre Premier ministre\u00a0\u00bb.<\/p>\n<p> La lecture de ce contenu est susceptible d\u2019entra\u00eener un d\u00e9p\u00f4t de cookies de la part de l\u2019op\u00e9rateur tiers qui l\u2019h\u00e9berge. Compte-tenu des choix que vous avez exprim\u00e9s en mati\u00e8re de d\u00e9p\u00f4t de cookies, nous avons bloqu\u00e9 l\u2019affichage de ce contenu. Si vous souhaitez y acc\u00e9der, vous devez accepter la cat\u00e9gorie de cookies \u201cContenus tiers\u201d en cliquant sur le bouton ci-dessous. <\/p>\n<p> Lire la Vid\u00e9o        Bardella minimise mais se d\u00e9fend    <\/p>\n<p class=\"asset asset-text\">Quant \u00e0 l\u2019int\u00e9ress\u00e9, dont certains m\u00e9dias ont bruiss\u00e9 d\u2019une tension avec sa cheffe cette semaine, il a minimis\u00e9 le recadrage. En chemise face \u00e0 la presse qui le relan\u00e7ait sur cette saillie de Marine Le\u00a0Pen, Jordan Bardella a tent\u00e9 de temporiser, surtout sur la forme. \u00ab\u00a0Elle ne dit pas que je ne connais pas le dossier, je ne m\u2019amuserai pas \u00e0 r\u00e9pondre \u00e0 ce genre de question, a-t-il d\u2019abord fait valoir d\u2019un ton l\u00e9g\u00e8rement g\u00ean\u00e9. Je pense que vous sortez cette phrase de son contexte\u00a0\u00bb.<\/p>\n<p class=\"asset asset-text\">Mais l\u2019eurod\u00e9put\u00e9 de se d\u00e9fendre sur le fond quand m\u00eame\u00a0: \u00ab\u00a0Elle est investie sur ce sujet [la Nouvelle-Cal\u00e9donie] et impliqu\u00e9e sur cette question depuis tr\u00e8s longtemps [\u2026] Mais je vous rassure je connais tr\u00e8s bien les dossiers ultramarins et notamment le dossier de la Cal\u00e9donie fran\u00e7aise.\u00a0\u00bb<\/p>\n<p class=\"asset asset-text\">De quoi montrer une forme de raidissement sur la question de 2027\u00a0entre les marinistes et les troupes de Bardella\u00a0? Le registre tient, ce jeudi, plut\u00f4t de la litote et des fragments d\u2019un discours cahoteux que du marivaudage l\u00e9ger.<\/p>\n","protected":false},"excerpt":{"rendered":"BERTRAND GUAY \/ AFP Marine Le Pen et Jordan Bardella photographi\u00e9s \u00e0 l\u2019\u00c9lys\u00e9e au mois d\u2019ao\u00fbt (illustration). POLITIQUE&hellip;\n","protected":false},"author":2,"featured_media":137065,"comment_status":"","ping_status":"","sticky":false,"template":"","format":"standard","meta":{"footnotes":""},"categories":[2],"tags":[11,1011,27,1077,430,12,316,26338,1078,25],"class_list":{"0":"post-137064","1":"post","2":"type-post","3":"status-publish","4":"format-standard","5":"has-post-thumbnail","7":"category-actualites","8":"tag-actualites","9":"tag-fr","10":"tag-france","11":"tag-jordan-bardella","12":"tag-marine-le-pen","13":"tag-news","14":"tag-politique","15":"tag-presidentielle-2027","16":"tag-rassemblement-national","17":"tag-republique-francaise"},"share_on_mastodon":{"url":"https:\/\/pubeurope.com\/@fr\/114591726571095593","error":""},"_links":{"self":[{"href":"https:\/\/www.europesays.com\/fr\/wp-json\/wp\/v2\/posts\/137064","targetHints":{"allow":["GET"]}}],"collection":[{"href":"https:\/\/www.europesays.com\/fr\/wp-json\/wp\/v2\/posts"}],"about":[{"href":"https:\/\/www.europesays.com\/fr\/wp-json\/wp\/v2\/types\/post"}],"author":[{"embeddable":true,"href":"https:\/\/www.europesays.com\/fr\/wp-json\/wp\/v2\/users\/2"}],"replies":[{"embeddable":true,"href":"https:\/\/www.europesays.com\/fr\/wp-json\/wp\/v2\/comments?post=137064"}],"version-history":[{"count":0,"href":"https:\/\/www.europesays.com\/fr\/wp-json\/wp\/v2\/posts\/137064\/revisions"}],"wp:featuredmedia":[{"embeddable":true,"href":"https:\/\/www.europesays.com\/fr\/wp-json\/wp\/v2\/media\/137065"}],"wp:attachment":[{"href":"https:\/\/www.europesays.com\/fr\/wp-json\/wp\/v2\/media?parent=137064"}],"wp:term":[{"taxonomy":"category","embeddable":true,"href":"https:\/\/www.europesays.com\/fr\/wp-json\/wp\/v2\/categories?post=137064"},{"taxonomy":"post_tag","embeddable":true,"href":"https:\/\/www.europesays.com\/fr\/wp-json\/wp\/v2\/tags?post=137064"}],"curies":[{"name":"wp","href":"https:\/\/api.w.org\/{rel}","templated":true}]}}