{"id":137068,"date":"2025-05-29T15:03:09","date_gmt":"2025-05-29T15:03:09","guid":{"rendered":"https:\/\/www.europesays.com\/fr\/137068\/"},"modified":"2025-05-29T15:03:09","modified_gmt":"2025-05-29T15:03:09","slug":"plus-dune-centaine-de-communes-reconnues-en-etat-de-catastrophe-naturelle-liberation","status":"publish","type":"post","link":"https:\/\/www.europesays.com\/fr\/137068\/","title":{"rendered":"plus d\u2019une centaine de communes reconnues en \u00e9tat de catastrophe naturelle \u2013 Lib\u00e9ration"},"content":{"rendered":"<p class=\"sc-ksZaOG ehjQrN text-element\">Les habitants de ces communes disposent ainsi, \u00e0 compter de ce 29 mai, d\u2019un d\u00e9lai de 30 jours pour signaler l\u2019\u00e9tendue des d\u00e9g\u00e2ts et un \u00e9tat estimatif de leurs pertes \u00e0 leur compagnie d\u2019assurances, \u00abs\u2019ils ne l\u2019ont pas d\u00e9j\u00e0 fait \u00e0 la survenance du sinistre\u00bb. Le tout avec une garantie d\u2019indemnisation dans les 21 jours suivants.<\/p>\n<p class=\"sc-ksZaOG ehjQrN text-element\">Mercredi, le ministre de l\u2019Int\u00e9rieur <a href=\"https:\/\/x.com\/BrunoRetailleau\/status\/1927716886646509946?ref_src=twsrc%5Etfw%7Ctwcamp%5Etweetembed%7Ctwterm%5E1927716886646509946%7Ctwgr%5E9d132184d316f4913bd207f91a53bbfe4a4b07f7%7Ctwcon%5Es1_&amp;ref_url=https%3A%2F%2Fwww.bfmtv.com%2Fvar%2Forages-meurtriers-dans-le-var-l-etat-de-catastrophe-naturelle-reconnu-dans-14-communes-dont-le-lavandou_AN-202505290121.html \" target=\"_blank\" rel=\"noreferrer\" title=\"https:\/\/x.com\/BrunoRetailleau\/status\/1927716886646509946?ref_src=twsrc%5Etfw%7Ctwcamp%5Etweetembed%7Ctwterm%5E1927716886646509946%7Ctwgr%5E9d132184d316f4913bd207f91a53bbfe4a4b07f7%7Ctwcon%5Es1_&amp;ref_url=https%3A%2F%2Fwww.bfmtv.com%2Fvar%2Forages-meurtriers-dans-le-var-l-etat-de-catastrophe-naturelle-reconnu-dans-14-communes-dont-le-lavandou_AN-202505290121.html \">s\u2019\u00e9tait d\u00e9j\u00e0 f\u00e9licit\u00e9 sur X<\/a> de cette \u00abproc\u00e9dure acc\u00e9l\u00e9r\u00e9e de reconnaissance de catastrophe naturelle\u00bb, pr\u00e9cisant que \u00ab116 dossiers ont re\u00e7u un avis favorable, onze ont \u00e9t\u00e9 ajourn\u00e9s et seront \u00e9tudi\u00e9s \u00e0 nouveau\u00bb. Selon Bruno Retailleau, l\u2019int\u00e9gralit\u00e9 des villes varoises ayant pr\u00e9sent\u00e9 un dossier pour obtenir cette reconnaissance ont par ailleurs re\u00e7u un avis favorable.<\/p>\n","protected":false},"excerpt":{"rendered":"Les habitants de ces communes disposent ainsi, \u00e0 compter de ce 29 mai, d\u2019un d\u00e9lai de 30 jours&hellip;\n","protected":false},"author":2,"featured_media":137069,"comment_status":"","ping_status":"","sticky":false,"template":"","format":"standard","meta":{"footnotes":""},"categories":[4],"tags":[11,1011,27,17410,12,2219,2680,25],"class_list":{"0":"post-137068","1":"post","2":"type-post","3":"status-publish","4":"format-standard","5":"has-post-thumbnail","7":"category-france","8":"tag-actualites","9":"tag-fr","10":"tag-france","11":"tag-intemperies-inondations-crues","12":"tag-news","13":"tag-nouvelle-aquitaine","14":"tag-occitanie","15":"tag-republique-francaise"},"share_on_mastodon":{"url":"https:\/\/pubeurope.com\/@fr\/114591734362489052","error":""},"_links":{"self":[{"href":"https:\/\/www.europesays.com\/fr\/wp-json\/wp\/v2\/posts\/137068","targetHints":{"allow":["GET"]}}],"collection":[{"href":"https:\/\/www.europesays.com\/fr\/wp-json\/wp\/v2\/posts"}],"about":[{"href":"https:\/\/www.europesays.com\/fr\/wp-json\/wp\/v2\/types\/post"}],"author":[{"embeddable":true,"href":"https:\/\/www.europesays.com\/fr\/wp-json\/wp\/v2\/users\/2"}],"replies":[{"embeddable":true,"href":"https:\/\/www.europesays.com\/fr\/wp-json\/wp\/v2\/comments?post=137068"}],"version-history":[{"count":0,"href":"https:\/\/www.europesays.com\/fr\/wp-json\/wp\/v2\/posts\/137068\/revisions"}],"wp:featuredmedia":[{"embeddable":true,"href":"https:\/\/www.europesays.com\/fr\/wp-json\/wp\/v2\/media\/137069"}],"wp:attachment":[{"href":"https:\/\/www.europesays.com\/fr\/wp-json\/wp\/v2\/media?parent=137068"}],"wp:term":[{"taxonomy":"category","embeddable":true,"href":"https:\/\/www.europesays.com\/fr\/wp-json\/wp\/v2\/categories?post=137068"},{"taxonomy":"post_tag","embeddable":true,"href":"https:\/\/www.europesays.com\/fr\/wp-json\/wp\/v2\/tags?post=137068"}],"curies":[{"name":"wp","href":"https:\/\/api.w.org\/{rel}","templated":true}]}}