{"id":137071,"date":"2025-05-29T15:07:08","date_gmt":"2025-05-29T15:07:08","guid":{"rendered":"https:\/\/www.europesays.com\/fr\/137071\/"},"modified":"2025-05-29T15:07:08","modified_gmt":"2025-05-29T15:07:08","slug":"actualite-alex-de-minaur-battu-par-alexander-bublik-apres-avoir-mene-2-sets-a-0-sans-vouloir-minimiser-le-merite-de-bublik-cest-un-match-que-je-gagne-dans-999-du-temps-je-le-perds-tout-seul","status":"publish","type":"post","link":"https:\/\/www.europesays.com\/fr\/137071\/","title":{"rendered":"Actualit\u00e9 > Alex De Minaur, battu par Alexander Bublik apr\u00e8s avoir men\u00e9 2 sets \u00e0 0 : \u00ab\u00a0Sans vouloir minimiser le m\u00e9rite de Bublik, c&rsquo;est un match que je gagne dans 99,9% du temps. Je le perds tout seul\u00a0\u00bb"},"content":{"rendered":"<p>Alors qu\u2019il menait assez tran\u00adquille\u00adment deux sets \u00e0 rien face \u00e0 Alexander Bublik, ce jeudi au deuxi\u00e8me tour de Roland\u2010Garros, Alex De Minaur a tota\u00adle\u00adment perdu le fil de la rencontre pour fina\u00adle\u00adment s\u2019in\u00adcliner en cinq manches\u00a0: 6\u20132, 6\u20132, 4\u20136, 3\u20136, 2\u20136, en 2h55 de\u00a0jeu.\u00a0<\/p>\n<p>De passage en conf\u00e9\u00adrence de presse d\u2019apr\u00e8s match o\u00f9 il a expliqu\u00e9 \u00eatre \u00e9puis\u00e9, l\u2019Australien a \u00e9gale\u00adment estim\u00e9 que c\u2019est davan\u00adtage lui qui avait perdu le match plut\u00f4t que son adver\u00adsaire qui l\u2019avait gagn\u00e9.<\/p>\n<p id=\"tw-target-text\"><strong>\u00ab\u202fJe crois que je l\u2019ai perdu tout seul celui\u2010l\u00e0. En repen\u00adsant \u00e0 ma carri\u00e8re en Grand Chelem, je ne peux pas me souvenir d\u2019un autre match o\u00f9 j\u2019ai ressenti \u00e7a et o\u00f9 j\u2019ai fini par perdre un match que je n\u2019au\u00adrais proba\u00adble\u00adment pas d\u00fb perdre. \u00c9coutez, sans vouloir mini\u00admiser le m\u00e9rite de Bublik, il est extr\u00ea\u00adme\u00adment dange\u00adreux, mais cela dit, je gagnais deux sets \u00e0 z\u00e9ro. C\u2019est un match que je gagne dans 99,9% du temps. Aujourd\u2019hui (jeudi), c\u2019\u00e9tait juste une rare occa\u00adsion o\u00f9 le match m\u2019a \u00e9chapp\u00e9.\u202f\u00bb<\/strong><\/p>\n<p class=\"post-published-date\" style=\"color: silver; font-size: 75%; text-align: left;\">Publi\u00e9 le jeudi 29 mai 2025 \u00e0 16:16<\/p>\n","protected":false},"excerpt":{"rendered":"Alors qu\u2019il menait assez tran\u00adquille\u00adment deux sets \u00e0 rien face \u00e0 Alexander Bublik, ce jeudi au deuxi\u00e8me tour&hellip;\n","protected":false},"author":2,"featured_media":137072,"comment_status":"","ping_status":"","sticky":false,"template":"","format":"standard","meta":{"footnotes":""},"categories":[1415],"tags":[15212,8081,1011,27,60,1467],"class_list":{"0":"post-137071","1":"post","2":"type-post","3":"status-publish","4":"format-standard","5":"has-post-thumbnail","7":"category-tennis","8":"tag-bublik","9":"tag-de-minaur","10":"tag-fr","11":"tag-france","12":"tag-sports","13":"tag-tennis"},"share_on_mastodon":{"url":"https:\/\/pubeurope.com\/@fr\/114591750069879795","error":""},"_links":{"self":[{"href":"https:\/\/www.europesays.com\/fr\/wp-json\/wp\/v2\/posts\/137071","targetHints":{"allow":["GET"]}}],"collection":[{"href":"https:\/\/www.europesays.com\/fr\/wp-json\/wp\/v2\/posts"}],"about":[{"href":"https:\/\/www.europesays.com\/fr\/wp-json\/wp\/v2\/types\/post"}],"author":[{"embeddable":true,"href":"https:\/\/www.europesays.com\/fr\/wp-json\/wp\/v2\/users\/2"}],"replies":[{"embeddable":true,"href":"https:\/\/www.europesays.com\/fr\/wp-json\/wp\/v2\/comments?post=137071"}],"version-history":[{"count":0,"href":"https:\/\/www.europesays.com\/fr\/wp-json\/wp\/v2\/posts\/137071\/revisions"}],"wp:featuredmedia":[{"embeddable":true,"href":"https:\/\/www.europesays.com\/fr\/wp-json\/wp\/v2\/media\/137072"}],"wp:attachment":[{"href":"https:\/\/www.europesays.com\/fr\/wp-json\/wp\/v2\/media?parent=137071"}],"wp:term":[{"taxonomy":"category","embeddable":true,"href":"https:\/\/www.europesays.com\/fr\/wp-json\/wp\/v2\/categories?post=137071"},{"taxonomy":"post_tag","embeddable":true,"href":"https:\/\/www.europesays.com\/fr\/wp-json\/wp\/v2\/tags?post=137071"}],"curies":[{"name":"wp","href":"https:\/\/api.w.org\/{rel}","templated":true}]}}