{"id":137073,"date":"2025-05-29T15:09:09","date_gmt":"2025-05-29T15:09:09","guid":{"rendered":"https:\/\/www.europesays.com\/fr\/137073\/"},"modified":"2025-05-29T15:09:09","modified_gmt":"2025-05-29T15:09:09","slug":"jorge-martin-sort-du-silence-et-clarifie-sa-situation-chez-aprilia","status":"publish","type":"post","link":"https:\/\/www.europesays.com\/fr\/137073\/","title":{"rendered":"Jorge Mart\u00edn sort du silence et clarifie sa situation chez Aprilia"},"content":{"rendered":"<p>Il avait promis de <a href=\"https:\/\/fr.motorsport.com\/motogp\/news\/martin-reprend-entrainement-bientot-parler\/10726034\/\" target=\"_self\" rel=\"noopener nofollow\">donner sa\u00a0\u00ab\u00a0version de l&rsquo;histoire\u00a0\u00bb<\/a>.\u00a0<a href=\"https:\/\/fr.motorsport.com\/driver\/jorge-martin\/109391\/\" target=\"_blank\" rel=\"noopener nofollow\">Jorge Mart\u00edn<\/a> est sorti de son silence ce jeudi, \u00e9voquant pour la premi\u00e8re fois son intention de quitter Aprilia \u00e0 l&rsquo;issue de la saison en invoquant une clause contractuelle, <a href=\"https:\/\/fr.motorsport.com\/motogp\/news\/martin-rupture-contrat-aprilia-poursuites-judiciaires\/10722029\/\" target=\"_self\" rel=\"noopener nofollow\">comme l&rsquo;avait r\u00e9v\u00e9l\u00e9\u00a0<strong>Motorsport.com\u00a0<\/strong>il y a deux semaines<\/a>.<\/p>\n<p>C&rsquo;est dans un communiqu\u00e9 publi\u00e9 sur son compte Instagram que le champion du monde en titre, toujours convalescent et absent des Grands Prix pour une dur\u00e9e encore ind\u00e9termin\u00e9e, a choisi de mettre les choses au point, confirmant son intention tout en laissant la porte ouverte \u00e0 \u00ab\u00a0une seconde chance\u00a0\u00bb.<\/p>\n<p>Bless\u00e9 \u00e0 plusieurs reprises depuis le d\u00e9but de l&rsquo;ann\u00e9e, la derni\u00e8re fois tr\u00e8s lourdement dans une chute survenue au Qatar alors qu&rsquo;il d\u00e9butait enfin en comp\u00e9tition avec sa nouvelle \u00e9quipe, le pilote espagnol souhaiterait activer une clause. Cette derni\u00e8re lui permettrait de ne pas honorer sa deuxi\u00e8me ann\u00e9e de contrat s&rsquo;il ne figure pas aux avant-postes au championnat. Une condition devenue impossible \u00e0 remplir compte tenu de ses d\u00e9boires physiques. Sauf qu&rsquo;aux yeux d&rsquo;Aprilia, cette situation particuli\u00e8re rendrait la clause caduque.\u00a0<\/p>\n<p>Ce jeudi,\u00a0Jorge Mart\u00edn a exprim\u00e9 sa volont\u00e9 de donner\u00a0\u00ab\u00a0une explication claire quant \u00e0 [sa] situation avec Aprilia\u00a0\u00bb.\u00a0<\/p>\n<p>\u00ab\u00a0\u00c0 aucun moment je n&rsquo;ai rompu le contrat\u00a0\u00bb, assure-t-il.\u00a0\u00ab\u00a0Lorsque nous l&rsquo;avons sign\u00e9, je me suis mis d&rsquo;accord avec Aprilia pour que, si certaines conditions n&rsquo;\u00e9taient pas remplies, je me r\u00e9serve le droit de d\u00e9cider de mon avenir pour 2026. C&rsquo;\u00e9tait une condition essentielle pour moi afin d&rsquo;accepter le contrat qui m&rsquo;\u00e9tait offert \u00e0 ce moment-l\u00e0.\u00a0\u00bb<\/p>\n<p>\u00ab\u00a0Lorsque j&rsquo;ai d\u00e9cid\u00e9 de changer de constructeur l&rsquo;an dernier, l&rsquo;une de mes exigences importantes \u00e9tait de tester la moto en conditions r\u00e9elles et de comprendre la dynamique de l&rsquo;\u00e9quipe ainsi que ses m\u00e9thodes de travail. Ainsi, je pouvais avoir confiance et signer pour deux ann\u00e9es au lieu d&rsquo;une, et c&rsquo;est pourquoi nous avons inclus cette condition.\u00a0\u00bb<\/p>\n<p>\u00ab\u00a0Devant la n\u00e9cessit\u00e9 de prendre une d\u00e9cision avant une date \u00e9tablie dans le contrat, j&rsquo;ai choisi d&rsquo;exercer mon droit d&rsquo;\u00eatre lib\u00e9r\u00e9 pour la saison 2026. J&rsquo;ai toujours agi avec respect et clart\u00e9, et avec l&rsquo;unique intention de prendre le contr\u00f4le de mon avenir de sportif professionnel.\u00a0\u00bb<\/p>\n<p>\u00ab\u00a0Malheureusement, les circonstances caus\u00e9es par les chutes &#8211; qui ne modifient pas l&rsquo;accord &#8211; ont influenc\u00e9 cette phase. C&rsquo;est pourquoi j&rsquo;ai toujours \u00e9t\u00e9 ouvert au dialogue avec Aprilia quant au fait de prolonger cette p\u00e9riode pour un certain nombre de Grands Prix \u00e0 partir de mon retour. L&rsquo;objectif pour les deux parties est de se donner une seconde chance afin d&rsquo;\u00eatre \u00e0 l&rsquo;aise avant de prendre une d\u00e9cision pour 2026.\u00a0\u00bb<\/p>\n<p>Jorge Mart\u00edn, qui semble ainsi laisser la balle dans le camp d&rsquo;Aprilia, qui vient de renouer avec la victoire gr\u00e2ce \u00e0 <a href=\"https:\/\/fr.motorsport.com\/driver\/marco-bezzecchi\/441839\/\" target=\"_blank\" rel=\"noopener nofollow\">Marco Bezzecchi<\/a> \u00e0 Silverstone, insiste sur son refus d&rsquo;aller \u00e0 la confrontation.\u00a0<\/p>\n<p>\u00ab\u00a0J&rsquo;ai toujours \u00e9t\u00e9 honn\u00eate avec Aprilia\u00a0\u00bb, affirme-t-il.\u00a0\u00ab\u00a0J&rsquo;appr\u00e9cie la moto \u00e0 sa juste valeur, ainsi que l&rsquo;\u00e9quipe et les efforts consentis par tout le monde dans le projet. Tout ce que je demande, c&rsquo;est que mes souhaits et l&rsquo;esprit de ce que nous avions convenu soit respect\u00e9s. Il n&rsquo;y a ni conflit ni reproches. Je veux juste pouvoir envisager l&rsquo;avenir avec clart\u00e9, apr\u00e8s avoir travers\u00e9 des moments difficiles et subi une grave blessure, puis continuer \u00e0 donner le meilleur de moi-m\u00eame sur la piste comme en dehors.\u00a0\u00bb<\/p>\n<p style=\"text-align: right;\">Avec\u00a0Germ\u00e1n Garcia Casanova<\/p>\n<p>Lire aussi :<\/p>\n<p>Dans cet article<\/p>\n<p>    Basile Davoine\n<\/p>\n<p>    MotoGP\n<\/p>\n<p>    Jorge Mart\u00edn\n<\/p>\n<p>    Aprilia Racing Team\n<\/p>\n<p>Soyez le premier inform\u00e9 et souscrivez aux alertes mails pour recevoir les infos en temps r\u00e9el<\/p>\n<p>    S&rsquo;abonner aux alertes de news<\/p>\n","protected":false},"excerpt":{"rendered":"Il avait promis de donner sa\u00a0\u00ab\u00a0version de l&rsquo;histoire\u00a0\u00bb.\u00a0Jorge Mart\u00edn est sorti de son silence ce jeudi, \u00e9voquant pour&hellip;\n","protected":false},"author":2,"featured_media":137074,"comment_status":"","ping_status":"","sticky":false,"template":"","format":"standard","meta":{"footnotes":""},"categories":[1413],"tags":[3563,1011,27,3564,1457,1456,1458,60],"class_list":{"0":"post-137073","1":"post","2":"type-post","3":"status-publish","4":"format-standard","5":"has-post-thumbnail","7":"category-moto","8":"tag-aprilia-racing-team","9":"tag-fr","10":"tag-france","11":"tag-jorge-martu00edn","12":"tag-moto","13":"tag-motocycle","14":"tag-motogp","15":"tag-sports"},"share_on_mastodon":{"url":"https:\/\/pubeurope.com\/@fr\/114591757959828796","error":""},"_links":{"self":[{"href":"https:\/\/www.europesays.com\/fr\/wp-json\/wp\/v2\/posts\/137073","targetHints":{"allow":["GET"]}}],"collection":[{"href":"https:\/\/www.europesays.com\/fr\/wp-json\/wp\/v2\/posts"}],"about":[{"href":"https:\/\/www.europesays.com\/fr\/wp-json\/wp\/v2\/types\/post"}],"author":[{"embeddable":true,"href":"https:\/\/www.europesays.com\/fr\/wp-json\/wp\/v2\/users\/2"}],"replies":[{"embeddable":true,"href":"https:\/\/www.europesays.com\/fr\/wp-json\/wp\/v2\/comments?post=137073"}],"version-history":[{"count":0,"href":"https:\/\/www.europesays.com\/fr\/wp-json\/wp\/v2\/posts\/137073\/revisions"}],"wp:featuredmedia":[{"embeddable":true,"href":"https:\/\/www.europesays.com\/fr\/wp-json\/wp\/v2\/media\/137074"}],"wp:attachment":[{"href":"https:\/\/www.europesays.com\/fr\/wp-json\/wp\/v2\/media?parent=137073"}],"wp:term":[{"taxonomy":"category","embeddable":true,"href":"https:\/\/www.europesays.com\/fr\/wp-json\/wp\/v2\/categories?post=137073"},{"taxonomy":"post_tag","embeddable":true,"href":"https:\/\/www.europesays.com\/fr\/wp-json\/wp\/v2\/tags?post=137073"}],"curies":[{"name":"wp","href":"https:\/\/api.w.org\/{rel}","templated":true}]}}