{"id":137086,"date":"2025-05-29T15:16:09","date_gmt":"2025-05-29T15:16:09","guid":{"rendered":"https:\/\/www.europesays.com\/fr\/137086\/"},"modified":"2025-05-29T15:16:09","modified_gmt":"2025-05-29T15:16:09","slug":"une-ambition-intime-sur-m6-de-bardella-a-roussel-en-passant-par-darmanin-et-sandrine-rousseau-des-portraits-bien-lisses-pour-une-peopolisation-de-la-politique","status":"publish","type":"post","link":"https:\/\/www.europesays.com\/fr\/137086\/","title":{"rendered":"\u00ab\u00a0Une ambition intime\u00a0\u00bb sur M6\u00a0: de Bardella \u00e0 Roussel, en passant par Darmanin et Sandrine Rousseau, des portraits bien lisses pour une peopolisation de la politique"},"content":{"rendered":"<p>Chaque famille \u00e9crit son propre roman. Tour \u00e0 tour tendre et gai, triste ou conqu\u00e9rant. Karine Le Marchand aime ce type d\u2019histoires. Elle estime que montrer l\u2019homme priv\u00e9 ou la femme politique, dans son intimit\u00e9, permet de mieux comprendre l\u2019animal politique.<\/p>\n<p>Elle avait, en 2022, provoqu\u00e9 de houleux d\u00e9bats avec les quatre \u00e9pisodes de son \u00e9mission \u201cUne ambition intime\u201d, o\u00f9 <a href=\"https:\/\/www.humanite.fr\/politique\/marine-le-pen\/proces-rn-marine-le-pen-conteste-devant-la-justice-la-perte-de-son-mandat-de-conseillere-departementale\" target=\"_blank\" rel=\"noopener\">Marine Le\u00a0Pen<\/a> \u00e9voquait son amour des chats, ce qui ne dit rien de son programme excluant. Elle y regrettait aussi de ne pas avoir eu le droit, enfant, de lire Pif Gadget. Peut-\u00eatre que cela aurait chang\u00e9 sa vision du monde\u00a0?<\/p>\n<p>L\u2019\u00e9mission revient aujourd\u2019hui, avec un format plus court, puisqu\u2019en un seul \u00e9pisode d\u2019environ 1\u00a0h\u00a040, dont un montage de 1\u00a0h\u00a010 a \u00e9t\u00e9 montr\u00e9 \u00e0 la presse. Dans l\u2019ordre d\u2019apparition de cet extrait, interviennent donc l\u2019ancien ministre de l\u2019Int\u00e9rieur, <a href=\"https:\/\/www.humanite.fr\/societe\/cglpl\/un-delaissement-coupable-la-controleure-des-prisons-fustige-les-effets-dannonce-de-gerald-darmanin\" target=\"_blank\" rel=\"noopener\">aujourd\u2019hui ministre de la Justice, G\u00e9rald Darmanin<\/a>, la d\u00e9put\u00e9e \u00e9cologiste de Paris <a href=\"https:\/\/www.humanite.fr\/politique\/ecologistes\/ambitions-differents-avec-tondelier-vss-sandrine-rousseau-face-a-lhuma-ca-ira\" target=\"_blank\" rel=\"noopener\">Sandrine Rousseau<\/a>, le num\u00e9ro\u00a01 du RN, <a href=\"https:\/\/www.humanite.fr\/politique\/jordan-bardella\/port-du-hijab-dans-le-sport-jordan-bardella-surencherit-et-souhaite-linterdire-dans-la-rue\" target=\"_blank\" rel=\"noopener\">Jordan Bardella<\/a>, et <a href=\"https:\/\/www.humanite.fr\/politique\/fabien-roussel\/emmanuel-macron-devrait-se-tenir-aux-cotes-de-lolp-pour-reconnaitre-letat-de-palestine-fabien-roussel-reclame-la-reconnaissance-de-letat-de-pa\" target=\"_blank\" rel=\"noopener\">Fabien Roussel<\/a>, le secr\u00e9taire national du Parti communiste fran\u00e7ais.<\/p>\n<p>Du storytelling de Darmanin \u00e0 l\u2019enfance de Sandrine Rousseau<\/p>\n<p>Les s\u00e9quences montr\u00e9es aux journalistes suivaient chacun des personnages sur la distance, de la naissance \u00e0 aujourd\u2019hui, avec des t\u00e9moignages de proches. Rien ne dit que dimanche ces m\u00eames t\u00e9moignages seront mont\u00e9s de la m\u00eame fa\u00e7on.<\/p>\n<p>Apprend-on grand-chose dans cette nouvelle \u00e9mission\u00a0? Oui et non. G\u00e9rald Darmanin raconte son histoire familiale revue et visit\u00e9e\u00a0: ses grands-p\u00e8res immigr\u00e9s, ses grands-m\u00e8res \u00ab\u00a0fille m\u00e8res\u00a0\u00bb, la pauvret\u00e9. Son enfance, dans une petite loge de concierge \u00e0 Paris, les difficult\u00e9s pour \u00e9lever ses propres enfants au minist\u00e8re de l\u2019Int\u00e9rieur.<\/p>\n<p>Jordan Bardella \u00e9voque son envie d\u2019\u00eatre policier, \u00e0 15\u00a0ans, son stage de 3e au commissariat de Saint-Denis (Seine-Saint-Denis), o\u00f9 il r\u00e9sidait alors, et sa d\u00e9couverte du FN, \u00e0 la faveur d\u2019un devoir scolaire. Il est atrocement maniaque, m\u00eame sa m\u00e8re, vue de dos, et Marine Le\u00a0Pen en conviennent.<\/p>\n<p>Sandrine Rousseau, de son c\u00f4t\u00e9, raconte une enfance emp\u00each\u00e9e, pour des raisons m\u00e9dicales terribles, et la fa\u00e7on dont \u00e0 10\u00a0ans elle a tenu t\u00eate aux m\u00e9decins\u00a0: elle vit mieux apr\u00e8s, et cela dessine la femme qu\u2019elle est aujourd\u2019hui. On la voit, g\u00e9n\u00e9reuse, pr\u00e9parer des repas pour de grandes tabl\u00e9es.<\/p>\n<p>Fabien Roussel p\u00e8re protecteur<\/p>\n<p>Fabien Roussel, dans la m\u00eame lign\u00e9e, \u00e9meut lorsqu\u2019il parle de son parcours de papa solo, avec ses jumeaux, puis avec le petit troisi\u00e8me, \u00c9mile, en garde altern\u00e9e, avant sa rencontre avec sa compagne actuelle, Doroth\u00e9e. Ses enfants, mais aussi son p\u00e8re, Daniel, et Michelle Demessine, pour qui il a travaill\u00e9 pendant le gouvernement de gauche plurielle en 1997, compl\u00e8tent son propos. Surtout, sa fille, Nina, atteinte d\u2019un cancer \u00e0 l\u2019\u00e2ge de 8\u00a0ans, d\u00e9chire le c\u0153ur lorsqu\u2019elle raconte \u00ab\u00a0la bulle\u00a0\u00bb que son p\u00e8re a construite, seul, pour la prot\u00e9ger de l\u2019angoisse.<\/p>\n<p>Et la politique dans tout cela\u00a0? Elle affleure. Elle entre presque par effraction chez ceux de droite et d\u2019extr\u00eame droite. Elle est beaucoup plus assum\u00e9e chez Sandrine Rousseau et Fabien Roussel. Du bout des l\u00e8vres, Darmanin reconna\u00eet ainsi s\u2019\u00eatre tromp\u00e9 en votant contre le mariage pour tous, en 2013. Bardella raconte son ascension fulgurante au sein du RN, sous le haut patronage de Marine Le\u00a0Pen. Conc\u00e8de qu\u2019il sacrifie trop de son temps au parti des Le Pen, dents longues obligent\u00a0?<\/p>\n<p>\u00c0 gauche, les convictions sont ancr\u00e9es. La conscience \u00e9cologique de Sandrine Rousseau, qui a grandi pr\u00e8s de la mer, s\u2019est \u00e9veill\u00e9e tr\u00e8s t\u00f4t, racontent son p\u00e8re et son fr\u00e8re. Idem pour le f\u00e9minisme. Alors qu\u2019elle est devenue pr\u00e9sidente d\u2019universit\u00e9, sa conscience sociale la pousse \u00e0 des mesures d\u2019urgence, quasi de survie, pour les \u00e9tudiants. Sensible au sort des exil\u00e9s, elle accueille chez elle l\u2019un d\u2019entre eux, jusqu\u2019\u00e0 ce qu\u2019il soit dot\u00e9 de papiers et d\u2019un travail.<\/p>\n<p>Des portraits bien lisses<\/p>\n<p>Idem pour Fabien Roussel, dont le sens du bien commun affleure en permanence, qu\u2019il se rende \u00e0 un rendez-vous au caf\u00e9 du coin, parle de maroilles ou de reconstruire \u00ab\u00a0des jours heureux\u00a0\u00bb, auxquels il refuse de renoncer. Il explique, comme journaliste reporter d\u2019images, avoir appris le \u00ab\u00a0sens de la punchline\u00a0\u00bb, mais aussi, plus tard, au minist\u00e8re, qu\u2019\u00ab\u00a0un bon discours se prononce en regardant les gens dans les yeux\u00a0\u00bb.<\/p>\n<p>Reste que ces portraits sont bien lisses, sans asp\u00e9rit\u00e9s. On juge une femme ou un homme politique \u00e0 ses actes, \u00e0 ses r\u00e9alisations, \u00e0 son projet politique. Voir Darmanin raconter sa vie dans 23\u00a0m\u00e8tres carr\u00e9s et son amour des pompiers, des gendarmes et de la police, n\u2019efface pas les violences polici\u00e8res.<\/p>\n<p>Cette peopolisation risque surtout de donner un visage presque humain \u00e0 ceux qui pr\u00eachent l\u2019exclusion, le repli sur soi et l\u2019autorit\u00e9. Soit une fa\u00e7on d\u2019entrer en empathie avec des personnages qui n\u2019en ont aucune pour le reste de l\u2019humanit\u00e9.<\/p>\n<p class=\"wp-block-huma-titre-oeuvre\">Une ambition intime, Dimanche, M6, dimanche 1er\u00a0juin \u00e0 21\u00a0h\u00a010<\/p>\n<p>Face \u00e0 l\u2019extr\u00eame droite, ne rien l\u00e2cher\u00a0!<\/p>\n<p>C\u2019est pied \u00e0 pied, argument contre argument qu\u2019il faut combattre l\u2019extr\u00eame droite. Et c\u2019est ce que nous faisons chaque jour dans l\u2019Humanit\u00e9.<\/p>\n<p>Face aux attaques incessantes des racistes et des porteurs de haine\u00a0: soutenez-nous\u00a0! Ensemble, faisons entendre une autre voix dans ce d\u00e9bat public toujours plus naus\u00e9abond.<br \/><a href=\"https:\/\/www.humanite.fr\/lhumanite-cest-vous\" target=\"_blank\" rel=\"noopener\">Je veux en savoir plus.<\/a><\/p>\n","protected":false},"excerpt":{"rendered":"Chaque famille \u00e9crit son propre roman. Tour \u00e0 tour tendre et gai, triste ou conqu\u00e9rant. Karine Le Marchand&hellip;\n","protected":false},"author":2,"featured_media":137087,"comment_status":"","ping_status":"","sticky":false,"template":"","format":"standard","meta":{"footnotes":""},"categories":[1356],"tags":[58,59,24427,1011,27,26339,1077,5413,16646,973,316,6522,252,1364],"class_list":{"0":"post-137086","1":"post","2":"type-post","3":"status-publish","4":"format-standard","5":"has-post-thumbnail","7":"category-television","8":"tag-divertissement","9":"tag-entertainment","10":"tag-fabien-roussel","11":"tag-fr","12":"tag-france","13":"tag-gu00e9rald-darmanin","14":"tag-jordan-bardella","15":"tag-karine-le-marchand","16":"tag-m-6","17":"tag-people","18":"tag-politique","19":"tag-sandrine-rousseau","20":"tag-television","21":"tag-tv"},"share_on_mastodon":{"url":"https:\/\/pubeurope.com\/@fr\/114591786029453039","error":""},"_links":{"self":[{"href":"https:\/\/www.europesays.com\/fr\/wp-json\/wp\/v2\/posts\/137086","targetHints":{"allow":["GET"]}}],"collection":[{"href":"https:\/\/www.europesays.com\/fr\/wp-json\/wp\/v2\/posts"}],"about":[{"href":"https:\/\/www.europesays.com\/fr\/wp-json\/wp\/v2\/types\/post"}],"author":[{"embeddable":true,"href":"https:\/\/www.europesays.com\/fr\/wp-json\/wp\/v2\/users\/2"}],"replies":[{"embeddable":true,"href":"https:\/\/www.europesays.com\/fr\/wp-json\/wp\/v2\/comments?post=137086"}],"version-history":[{"count":0,"href":"https:\/\/www.europesays.com\/fr\/wp-json\/wp\/v2\/posts\/137086\/revisions"}],"wp:featuredmedia":[{"embeddable":true,"href":"https:\/\/www.europesays.com\/fr\/wp-json\/wp\/v2\/media\/137087"}],"wp:attachment":[{"href":"https:\/\/www.europesays.com\/fr\/wp-json\/wp\/v2\/media?parent=137086"}],"wp:term":[{"taxonomy":"category","embeddable":true,"href":"https:\/\/www.europesays.com\/fr\/wp-json\/wp\/v2\/categories?post=137086"},{"taxonomy":"post_tag","embeddable":true,"href":"https:\/\/www.europesays.com\/fr\/wp-json\/wp\/v2\/tags?post=137086"}],"curies":[{"name":"wp","href":"https:\/\/api.w.org\/{rel}","templated":true}]}}