{"id":137108,"date":"2025-05-29T15:27:10","date_gmt":"2025-05-29T15:27:10","guid":{"rendered":"https:\/\/www.europesays.com\/fr\/137108\/"},"modified":"2025-05-29T15:27:10","modified_gmt":"2025-05-29T15:27:10","slug":"etienne-completement-gaga-les-arts-de-rue-sinvitent-en-ville-trois-jours","status":"publish","type":"post","link":"https:\/\/www.europesays.com\/fr\/137108\/","title":{"rendered":"\u00c9tienne | Compl\u00e8tement Gaga. Les arts de rue s\u2019invitent en ville trois jours"},"content":{"rendered":"<p>\u00ab\u00a0Ramener l\u2019art dans la rue, occuper l\u2019espace public\u00a0\u00bb\u00a0: gr\u00e2ce \u00e0 Compl\u00e8tement Gaga, depuis 2019, les arts de rue prennent possession des places et parcs de Saint-\u00c9tienne, le temps d\u2019un week-end, \u00ab\u00a0pour que chacun puisse s\u2019en mettre plein les \u00e9coutilles et plein les mirettes.\u00a0\u00a0\u00bb Avec 20 spectacles sur trois jours, la programmation de cette 7e \u00e9dition sera une nouvelle fois \u00ab\u00a0ambitieuse et accessible \u00e0 tous\u00a0\u00bb, selon les organisateurs. L\u2019\u00e9quipe de b\u00e9n\u00e9voles ne m\u00e9nage pas ses efforts pour&#8230;<\/p>\n","protected":false},"excerpt":{"rendered":"\u00ab\u00a0Ramener l\u2019art dans la rue, occuper l\u2019espace public\u00a0\u00bb\u00a0: gr\u00e2ce \u00e0 Compl\u00e8tement Gaga, depuis 2019, les arts de rue&hellip;\n","protected":false},"author":2,"featured_media":137109,"comment_status":"","ping_status":"","sticky":false,"template":"","format":"standard","meta":{"footnotes":""},"categories":[9653],"tags":[1111,11,2430,1687,7539,1777,674,1011,27,12,25,4001,7538,3140],"class_list":{"0":"post-137108","1":"post","2":"type-post","3":"status-publish","4":"format-standard","5":"has-post-thumbnail","7":"category-saint-etienne","8":"tag-actu","9":"tag-actualites","10":"tag-auvergne-rhone-alpes","11":"tag-culture-loisirs","12":"tag-edition-loire-sud","13":"tag-eu","14":"tag-europe","15":"tag-fr","16":"tag-france","17":"tag-news","18":"tag-republique-francaise","19":"tag-saint-etienne","20":"tag-saint-etienne-ville","21":"tag-spectacle"},"share_on_mastodon":{"url":"https:\/\/pubeurope.com\/@fr\/114591828734486147","error":""},"_links":{"self":[{"href":"https:\/\/www.europesays.com\/fr\/wp-json\/wp\/v2\/posts\/137108","targetHints":{"allow":["GET"]}}],"collection":[{"href":"https:\/\/www.europesays.com\/fr\/wp-json\/wp\/v2\/posts"}],"about":[{"href":"https:\/\/www.europesays.com\/fr\/wp-json\/wp\/v2\/types\/post"}],"author":[{"embeddable":true,"href":"https:\/\/www.europesays.com\/fr\/wp-json\/wp\/v2\/users\/2"}],"replies":[{"embeddable":true,"href":"https:\/\/www.europesays.com\/fr\/wp-json\/wp\/v2\/comments?post=137108"}],"version-history":[{"count":0,"href":"https:\/\/www.europesays.com\/fr\/wp-json\/wp\/v2\/posts\/137108\/revisions"}],"wp:featuredmedia":[{"embeddable":true,"href":"https:\/\/www.europesays.com\/fr\/wp-json\/wp\/v2\/media\/137109"}],"wp:attachment":[{"href":"https:\/\/www.europesays.com\/fr\/wp-json\/wp\/v2\/media?parent=137108"}],"wp:term":[{"taxonomy":"category","embeddable":true,"href":"https:\/\/www.europesays.com\/fr\/wp-json\/wp\/v2\/categories?post=137108"},{"taxonomy":"post_tag","embeddable":true,"href":"https:\/\/www.europesays.com\/fr\/wp-json\/wp\/v2\/tags?post=137108"}],"curies":[{"name":"wp","href":"https:\/\/api.w.org\/{rel}","templated":true}]}}