{"id":137116,"date":"2025-05-29T15:33:10","date_gmt":"2025-05-29T15:33:10","guid":{"rendered":"https:\/\/www.europesays.com\/fr\/137116\/"},"modified":"2025-05-29T15:33:10","modified_gmt":"2025-05-29T15:33:10","slug":"cest-une-tres-bonne-idee-cette-mini-croisiere-la-corsica-ferries-ouvre-une-nouvelle-ligne-depuis-toulon-une-dizaine-descapades-prevues-cette-annee","status":"publish","type":"post","link":"https:\/\/www.europesays.com\/fr\/137116\/","title":{"rendered":"\u00ab\u00a0C&rsquo;est une tr\u00e8s bonne id\u00e9e cette mini-croisi\u00e8re\u00a0\u00bb: la Corsica Ferries ouvre une nouvelle ligne depuis Toulon, une dizaine d&rsquo;escapades pr\u00e9vues cette ann\u00e9e"},"content":{"rendered":"<p>Il est 20h. Le commandant italien Valerio Terramoccia du Mega Express donne l&rsquo;ordre de larguer les amarres. Cap sur le port de Ciutadella. Deux coups de corne de brume tonnent devant la tour royale.<\/p>\n<p>Pendant ce temps-l\u00e0, sur les ponts du navire \u00e0 la t\u00eate de Maure, quelque 600 passagers (pour 90 membres d\u2019\u00e9quipage) qui viennent d\u2019embarquer admirent le coucher de soleil sur la plus belle rade d\u2019Europe.<\/p>\n<p>Le lendemain, ils se r\u00e9veilleront sur l\u2019\u00eele de Minorque, aux Bal\u00e9ares, en Espagne.<\/p>\n<p><strong>Deux nuits en mer<\/strong><\/p>\n<p>Reconnue pour son activit\u00e9 de ferry en M\u00e9diterran\u00e9e, la compagnie corse d\u00e9veloppe les mini-croisi\u00e8res de deux nuits et une journ\u00e9e vers les \u00eeles espagnoles.<\/p>\n<p>\u00c0 bord, pas de machines \u00e0 sous, de discoth\u00e8que, de spectacle, ou d&rsquo;excursion organis\u00e9e comme sur une croisi\u00e8re classique. Simplement des espaces bar et de restauration, une aire de jeux pour les enfants, une boutique de souvenirs et une petite piscine \u00e0 la poupe du bateau.<\/p>\n<p>Chaque week-end, depuis le 10 mai, les Toulonnais peuvent ainsi s\u2019offrir une escapade avec deux nuits en cabine (1) et une journ\u00e9e libre sur l\u2019\u00eele pr\u00e9serv\u00e9e des Bal\u00e9ares.<\/p>\n<p>\u00ab\u00a0Je suis parti en Corse il y a deux ans et j&rsquo;ai re\u00e7u la newsletter Corsica Ferries pour m&rsquo;informer de cette mini-croisi\u00e8re, explique Anthony, 28 ans. C&rsquo;est mon anniversaire aujourd&rsquo;hui donc l\u2019id\u00e9e c\u2019\u00e9tait de partir, avec ma copine, sur un coup de t\u00eate.\u00a0\u00bb <\/p>\n<p>Une \u00ab\u00a0spontan\u00e9it\u00e9\u00a0\u00bb accessible pour le jeune couple de Toulonnais, puisque l\u2019escapade en amoureux leur aura co\u00fbt\u00e9 150 euros, sans v\u00e9hicule.<\/p>\n<p>Pour ceux qui souhaiteraient visiter l\u2019\u00eele, la voiture reste le moyen de transport le plus efficace afin de se rendre dans les villages pittoresques (Binibeca Vell, Es Mercadal, Es Castell), les criques paradisiaques (Cala Macarelleta, Cala Galdana et Cala Mitjana), sans oublier le parc naturel Albufera des Grau.<\/p>\n<p><strong>Le dimanche \u00e0 Ciutadella<\/strong><\/p>\n<p>Dimanche matin, les passagers ont la journ\u00e9e libre \u00e0 Ciutadella, ville portuaire de 32.000 habitants sur la c\u00f4te ouest de Minorque, une \u00eele class\u00e9e r\u00e9serve de biosph\u00e8re par l&rsquo;Unesco.<\/p>\n<p>Le vieux quartier, avec ses rues m\u00e9di\u00e9vales, est situ\u00e9 \u00e0 2km du port commercial (accessible \u00e0 pied en 30 minutes, en bus ou en taxi). Parmi les incontournables: l&rsquo;h\u00f4tel de ville situ\u00e9 sur la pla\u00e7a d\u2019Es Born, entour\u00e9e de somptueux palais. Et la cath\u00e9drale gothique Sainte-Marie de Ciutadella.<\/p>\n<p>Le dimanche, tous les magasins et attractions ne sont pas ouverts \u00e0 Ciutadella, par exemple le march\u00e9 aux poissons. Mais pour les amateurs de shopping, le c\u0153ur historique pi\u00e9ton regorge de boutiques de v\u00eatements hippie chic ou de d\u00e9co boh\u00e8me. Et de nombreux caf\u00e9s sont ouverts.<\/p>\n<p>Plusieurs restaurants proposent de d\u00e9couvrir la gastronomie locale \u00e0 base de produits de la mer. Par exemple la caldereta de langosta (rago\u00fbt de langouste) ou la s\u00e8pia al forn (seiche au four). Pour manger quelques tapas, \u00ab\u00a0El hogar del pollo\u00a0\u00bb (2) sert de bonnes rations de tortilla et de sp\u00e9cialit\u00e9s galiciennes, notamment le poulpe.<\/p>\n<p><strong>\u00ab\u00a0Une tr\u00e8s bonne id\u00e9e\u00a0\u00bb<\/strong><\/p>\n<p>              <img ci-src=\"https:\/\/www.varmatin.com\/belle-histoire\/protec\/DATA_ART_15618332-5o2qExKB.jpg?vh=079604&amp;ci_seal=6f2446feb4\" alt=\"\"\/><br \/>\n         <strong>Photo G. G..<\/strong> <\/p>\n<p>\u00ab\u00a0C&rsquo;est une tr\u00e8s bonne id\u00e9e cette mini-croisi\u00e8re. Nous, ce qu\u2019on aime, c\u2019est la travers\u00e9e d\u2019un point \u00e0 un autre et de pouvoir visiter librement la journ\u00e9e. On n&rsquo;aime pas suivre un guide avec son drapeau, comme on le voit parfois dans les rues de Toulon\u00a0\u00bb, t\u00e9moignent Pierre et Muriel, r\u00e9sidents \u00e0 Hy\u00e8res.<\/p>\n<p>\u00ab\u00a0Vous \u00eates arriv\u00e9 ce matin \u00e0 Minorque et vous repartez d\u00e9j\u00e0 ce soir? Quel dr\u00f4le de voyage\u2026 \u00e7a ne me viendrait pas \u00e0 l&rsquo;id\u00e9e de faire deux nuits de bateau pour une seule journ\u00e9e ici\u00a0\u00bb, remarque une Toulonnaise venue passer une semaine de vacances \u00e0 Minorque avec sa petite-fille.<\/p>\n<p>\u00c0 la diff\u00e9rence des croisi\u00e9ristes, le ferry accepte des passagers munis d\u2019un simple billet d\u2019embarquement, sans cabine. D\u2019o\u00f9 des sc\u00e8nes parfois cocasses o\u00f9 des clients s\u2019endorment sur les banquettes du bar\u2026 au milieu des clients. <\/p>\n<p>\u00ab\u00a0Le navire dispose d\u2019une salle de repos pour les passagers sans cabine, pour une dizaine d\u2019euros, mais on ne peut pas les forcer \u00e0 s\u2019y rendre\u00a0\u00bb, explique Andrea Sturlese, l\u2019h\u00f4tel manager. La travers\u00e9e est aussi dog friendly (intol\u00e9rants aux aboiements s\u2019abstenir) et familiale (idem pour les cris d\u2019enfants).<\/p>\n<p>Si ces escapades ne conviennent pas \u00e0 tout le monde, elles permettent n\u00e9anmoins de voyager au d\u00e9part de Toulon, et \u00e0 moindre co\u00fbt. Cette ann\u00e9e, une dizaine d\u2019escapades pour Minorque, jusqu\u2019au dernier week-end de juillet, sont ainsi programm\u00e9es. Et comme on dit en catalan, la langue parl\u00e9e sur les \u00eeles Bal\u00e9ares, bon viatge. Bon voyage.<\/p>\n<p>1. Pour un voyage Toulon &#8211; Minorque \/ Minorque &#8211; Toulon les prix sont \u00e0 partir de 89 euros sur la base d&rsquo;une cabine interne pour 2 personnes et comprend deux nuits en cabine \u00e0 bord du ferry et une journ\u00e9e libre \u00e0 Minorque. Les consommations \u00e0 bord sont payantes. Tarifs v\u00e9hicules: \u00e0 partir de 55 euros pour une moto, et 60 euros pour une voiture.<\/p>\n<p>2. En fran\u00e7ais \u00ab\u00a0La maison du poulet\u00a0\u00bb (et non, on n\u2019y sert pas que du poulet!) est situ\u00e9e carrer de Sant Pere, dans le centre historique. Attention, paiement en esp\u00e8ces uniquement. Compter environ 20 euros pour trois plats et une bi\u00e8re. Ambiance et service compris.<\/p>\n<p>              <img ci-src=\"https:\/\/www.varmatin.com\/belle-histoire\/protec\/DATA_ART_15618330-8SDb3I5O.jpg?vh=84301b&amp;ci_seal=d1233c4115\" alt=\"\"\/><br \/>\n        La travers\u00e9e \u00e0 bord du ferry. <strong>Photo G. G..<\/strong> <\/p>\n<p>            \u00ab\u00a0Nous ne sommes pas des croisi\u00e9ristes\u00a0\u00bb<\/p>\n<p>Corsica Ferries diversifie son offre commerciale au d\u00e9part de Toulon. Les explications de Jean-Christophe Lucchesi, responsable marketing.<\/p>\n<p><strong>Pourquoi avoir lanc\u00e9 ces mini-croisi\u00e8res au d\u00e9part de Toulon?<\/strong><\/p>\n<p>Nous proposons depuis plusieurs ann\u00e9es ce type d\u2019offre, majoritairement au d\u00e9part de Corse. L\u2019engouement pour ces programmes \u00ab\u00a0cl\u00e9 en main\u00a0\u00bb et la richesse de notre offre de transport nous ont incit\u00e9s \u00e0 proposer des escapades au d\u00e9part de Toulon.<\/p>\n<p><strong>Quelle client\u00e8le attendez-vous avec ces offres \u00ab\u00a0low cost\u00a0\u00bb?<\/strong><\/p>\n<p>Je parlerais d\u2019une offre \u00e0 tarif pr\u00e9f\u00e9rentiel qui peut r\u00e9pondre aux attentes de personnes en couple pour une journ\u00e9e romantique, ou des familles qui en profitent pour visiter cette merveilleuse \u00eele de Minorque qui est moins connue que Majorque mais tout aussi belle \u00e0 d\u00e9couvrir.<\/p>\n<p><strong>Le march\u00e9 de la croisi\u00e8re se d\u00e9veloppe, vous souhaitez profiter de cet essor?<\/strong><\/p>\n<p>Nous ne cherchons pas \u00e0 nous positionner sur le march\u00e9 de la croisi\u00e8re tel qu\u2019il est d\u00e9fini par les compagnies sp\u00e9cialis\u00e9es. Ce sont deux produits compl\u00e8tement diff\u00e9rents. Nous ne nous consid\u00e9rons pas comme des croisi\u00e9ristes et nous ne construisons pas notre offre en r\u00e9action \u00e0 leur d\u00e9veloppement.<\/p>\n<p><strong>Donc pas de concurrence avec les croisi\u00e9ristes?<\/strong><\/p>\n<p>Corsica Ferries reste avant tout une compagnie de transport maritime r\u00e9guli\u00e8re. Lorsque les conditions s\u2019y pr\u00eatent, nous proposons des escapades ou mini-croisi\u00e8res, mais il ne s\u2019agit pas d\u2019une transformation de notre mod\u00e8le. Ce n\u2019est pas comparable. N\u00e9anmoins, ce programme peut en effet plaire \u00e0 des personnes habitu\u00e9es aux croisi\u00e8res.<\/p>\n<p><strong>Est-ce que les navires qui relieront Toulon \u00e0 Minorque seront branch\u00e9s \u00e9lectriquement \u00e0 quai lors des escales?<\/strong><\/p>\n<p>Corsica Ferries est investi dans son impact environnemental et travaille sur son empreinte carbone. Nous avons programm\u00e9 pour 2025 l\u2019\u00e9quipement de six navires pour permettre le branchement \u00e0 quai \u00e0 Toulon lors de nos escales longues. Notre engagement est clair, 100% de notre flotte sera connectable \u00e9lectriquement \u00e0 quai.<\/p>\n","protected":false},"excerpt":{"rendered":"Il est 20h. Le commandant italien Valerio Terramoccia du Mega Express donne l&rsquo;ordre de larguer les amarres. Cap&hellip;\n","protected":false},"author":2,"featured_media":137117,"comment_status":"","ping_status":"","sticky":false,"template":"","format":"standard","meta":{"footnotes":""},"categories":[9619],"tags":[1111,11,11130,33,1777,674,1011,27,12,882,25,2310],"class_list":{"0":"post-137116","1":"post","2":"type-post","3":"status-publish","4":"format-standard","5":"has-post-thumbnail","7":"category-toulon","8":"tag-actu","9":"tag-actualites","10":"tag-belle-histoire","11":"tag-economie","12":"tag-eu","13":"tag-europe","14":"tag-fr","15":"tag-france","16":"tag-news","17":"tag-provence-alpes-cote-dazur","18":"tag-republique-francaise","19":"tag-toulon"},"share_on_mastodon":{"url":"https:\/\/pubeurope.com\/@fr\/114591852404903249","error":""},"_links":{"self":[{"href":"https:\/\/www.europesays.com\/fr\/wp-json\/wp\/v2\/posts\/137116","targetHints":{"allow":["GET"]}}],"collection":[{"href":"https:\/\/www.europesays.com\/fr\/wp-json\/wp\/v2\/posts"}],"about":[{"href":"https:\/\/www.europesays.com\/fr\/wp-json\/wp\/v2\/types\/post"}],"author":[{"embeddable":true,"href":"https:\/\/www.europesays.com\/fr\/wp-json\/wp\/v2\/users\/2"}],"replies":[{"embeddable":true,"href":"https:\/\/www.europesays.com\/fr\/wp-json\/wp\/v2\/comments?post=137116"}],"version-history":[{"count":0,"href":"https:\/\/www.europesays.com\/fr\/wp-json\/wp\/v2\/posts\/137116\/revisions"}],"wp:featuredmedia":[{"embeddable":true,"href":"https:\/\/www.europesays.com\/fr\/wp-json\/wp\/v2\/media\/137117"}],"wp:attachment":[{"href":"https:\/\/www.europesays.com\/fr\/wp-json\/wp\/v2\/media?parent=137116"}],"wp:term":[{"taxonomy":"category","embeddable":true,"href":"https:\/\/www.europesays.com\/fr\/wp-json\/wp\/v2\/categories?post=137116"},{"taxonomy":"post_tag","embeddable":true,"href":"https:\/\/www.europesays.com\/fr\/wp-json\/wp\/v2\/tags?post=137116"}],"curies":[{"name":"wp","href":"https:\/\/api.w.org\/{rel}","templated":true}]}}