{"id":137118,"date":"2025-05-29T15:34:08","date_gmt":"2025-05-29T15:34:08","guid":{"rendered":"https:\/\/www.europesays.com\/fr\/137118\/"},"modified":"2025-05-29T15:34:08","modified_gmt":"2025-05-29T15:34:08","slug":"montpellier-21-jours-de-fermeture-administrative-pour-une-epicerie","status":"publish","type":"post","link":"https:\/\/www.europesays.com\/fr\/137118\/","title":{"rendered":"Montpellier. 21 jours de fermeture administrative pour une \u00e9picerie"},"content":{"rendered":"<p>            Par<br \/>\n        <strong><br \/>\n            <a href=\"https:\/\/actu.fr\/auteur\/metropoop\" title=\"Consulter tous les articles de R\u00e9daction M\u00e9tropolitain\" rel=\"nofollow noopener\" target=\"_blank\">R\u00e9daction M\u00e9tropolitain<\/a><br \/>\n        <\/strong><\/p>\n<p>        Publi\u00e9 le<\/p>\n<p>            29 mai 2025 \u00e0 17h00<br \/>\n        ; mis \u00e0 jour le 29 mai 2025 \u00e0 17h31    <\/p>\n<p>Ce <strong>28 mai<\/strong> au matin, le Pr\u00e9fet de l\u2019H\u00e9rault a ordonn\u00e9 une nouvelle <strong>fermeture administrative<\/strong> \u00e0 Montpellier. L\u2019\u00e9picerie a commis une infraction et s\u2019est donc risqu\u00e9e \u00e0 une fermeture administrative.<\/p>\n<p>    <a href=\"https:\/\/www.google.com\/maps\/embed?pb=!1m18!1m12!1m3!1d5778.431766287582!2d3.882012875092705!3d43.602046455739504!2m3!1f0!2f0!3f0!3m2!1i1024!2i768!4f13.1!3m3!1m2!1s0x12b6afa2ecba60f1%3A0x48d1179c76a8f8e0!2s28%20Av.%20de%20Palavas%2C%2034000%20Montpellier!5e0!3m2!1sfr!2sfr!4v1748505363818!5m2!1sfr!2sfr\" title=\"Ouvrie le lien\" rel=\"nofollow noopener\" target=\"_blank\">Cliquez ici pour visualiser le contenu<\/a><\/p>\n<p class=\" wall-content\">L\u2019\u00e9picerie de nuit <strong>NR Night Shop<\/strong>, install\u00e9e avenue de Palavas, d\u00e9tenait du tabac en vue d\u2019une revente sans autorisation. Pour cette raison, le Pr\u00e9fet a d\u00e9cid\u00e9 d\u2019une fermeture administrative de <strong>21 jours<\/strong>. Ce n\u2019est plus la premi\u00e8re fermeture administrative ordonn\u00e9e par le Pr\u00e9fet pour cette raison pr\u00e9cise, et il semble que ce ne sera pas la derni\u00e8re. Ces mesures sont prises avant tout pour <strong>prot\u00e9ger les consommateurs<\/strong>.<\/p>\n<p class=\" wall-content\">Suivez toute l\u2019actualit\u00e9 de vos villes et m\u00e9dias favoris en vous inscrivant \u00e0 <a href=\"https:\/\/moncompte.actu.fr\" title=\"D\u00e9couvez Mon Actu\" rel=\"nofollow noopener\" data-trk=\"{&quot;cta&quot;:{&quot;action&quot;:&quot;https:\\\/\\\/moncompte.actu.fr&quot;,&quot;category&quot;:&quot;mon compte&quot;,&quot;from&quot;:&quot;article footer&quot;,&quot;name&quot;:&quot;Mon actu&quot;,&quot;type&quot;:&quot;cta&quot;}}\" target=\"_blank\">Mon Actu<\/a>.<\/p>\n","protected":false},"excerpt":{"rendered":"Par R\u00e9daction M\u00e9tropolitain Publi\u00e9 le 29 mai 2025 \u00e0 17h00 ; mis \u00e0 jour le 29 mai 2025&hellip;\n","protected":false},"author":2,"featured_media":137119,"comment_status":"","ping_status":"","sticky":false,"template":"","format":"standard","meta":{"footnotes":""},"categories":[9599],"tags":[1111,11,1777,674,118,1011,27,2208,12,2680,25,6582],"class_list":{"0":"post-137118","1":"post","2":"type-post","3":"status-publish","4":"format-standard","5":"has-post-thumbnail","7":"category-montpellier","8":"tag-actu","9":"tag-actualites","10":"tag-eu","11":"tag-europe","12":"tag-faits-divers","13":"tag-fr","14":"tag-france","15":"tag-montpellier","16":"tag-news","17":"tag-occitanie","18":"tag-republique-francaise","19":"tag-tabac"},"share_on_mastodon":{"url":"https:\/\/pubeurope.com\/@fr\/114591856417333406","error":""},"_links":{"self":[{"href":"https:\/\/www.europesays.com\/fr\/wp-json\/wp\/v2\/posts\/137118","targetHints":{"allow":["GET"]}}],"collection":[{"href":"https:\/\/www.europesays.com\/fr\/wp-json\/wp\/v2\/posts"}],"about":[{"href":"https:\/\/www.europesays.com\/fr\/wp-json\/wp\/v2\/types\/post"}],"author":[{"embeddable":true,"href":"https:\/\/www.europesays.com\/fr\/wp-json\/wp\/v2\/users\/2"}],"replies":[{"embeddable":true,"href":"https:\/\/www.europesays.com\/fr\/wp-json\/wp\/v2\/comments?post=137118"}],"version-history":[{"count":0,"href":"https:\/\/www.europesays.com\/fr\/wp-json\/wp\/v2\/posts\/137118\/revisions"}],"wp:featuredmedia":[{"embeddable":true,"href":"https:\/\/www.europesays.com\/fr\/wp-json\/wp\/v2\/media\/137119"}],"wp:attachment":[{"href":"https:\/\/www.europesays.com\/fr\/wp-json\/wp\/v2\/media?parent=137118"}],"wp:term":[{"taxonomy":"category","embeddable":true,"href":"https:\/\/www.europesays.com\/fr\/wp-json\/wp\/v2\/categories?post=137118"},{"taxonomy":"post_tag","embeddable":true,"href":"https:\/\/www.europesays.com\/fr\/wp-json\/wp\/v2\/tags?post=137118"}],"curies":[{"name":"wp","href":"https:\/\/api.w.org\/{rel}","templated":true}]}}