{"id":137122,"date":"2025-05-29T15:36:15","date_gmt":"2025-05-29T15:36:15","guid":{"rendered":"https:\/\/www.europesays.com\/fr\/137122\/"},"modified":"2025-05-29T15:36:15","modified_gmt":"2025-05-29T15:36:15","slug":"cathedrale-de-lumiere-a-rouen-revient-avec-un-spectacle-presque-inedit","status":"publish","type":"post","link":"https:\/\/www.europesays.com\/fr\/137122\/","title":{"rendered":"Cath\u00e9drale de lumi\u00e8re \u00e0 Rouen revient avec un spectacle (presque) in\u00e9dit"},"content":{"rendered":"<p>            Par<br \/>\n        <strong><br \/>\n            <a href=\"https:\/\/actu.fr\/auteur\/fmass\" title=\"Consulter tous les articles de Fabien Massin\" target=\"_blank\" rel=\"noopener\">Fabien Massin<\/a><br \/>\n        <\/strong><\/p>\n<p>        Publi\u00e9 le<\/p>\n<p>            29 mai 2025 \u00e0 16h26        <\/p>\n<p>Avec les beaux jours revient <strong>Cath\u00e9drale de lumi\u00e8re<\/strong>, le son et lumi\u00e8re projet\u00e9 tout l\u2019\u00e9t\u00e9 sur la fa\u00e7ade de la cath\u00e9drale de <a href=\"https:\/\/actu.fr\/normandie\/rouen_76540\" target=\"_blank\" rel=\"noopener\">Rouen (Seine-Maritime)<\/a>. Deux \u00e9pisodes seront projet\u00e9s \u00e0 la nuit tomb\u00e9e \u00e0 partir de samedi 31 mai 2025 : l\u2019un a d\u00e9j\u00e0 pr\u00e9sent\u00e9, c\u2019est <strong>Vikings<\/strong>, l\u2019autre, intitul\u00e9 <strong>Optic Gothic<\/strong>, est quasi in\u00e9dit, .\u00a0<\/p>\n<p class=\" wall-content\">Optic Gothic est une adaptation de la cr\u00e9ation projet\u00e9e lors de la soir\u00e9e de cl\u00f4ture du <a href=\"https:\/\/actu.fr\/tag\/impressionnisme\" target=\"_blank\" rel=\"noopener\">Festival Normandie Impressionniste<\/a> en septembre 2024. Ce volet a \u00e9t\u00e9 cr\u00e9\u00e9 par Antoine + Manuel (Antoine Audiau et Manuel Warosz), atelier de cr\u00e9ation graphique et de design.\u00a0<\/p>\n<p>Un show tr\u00e8s visuel et graphique<\/p>\n<p class=\" wall-content\">\u00ab\u00a0L\u2019Op Art, ou l\u2019art optique, est un mouvement artistique n\u00e9 dans les ann\u00e9es 1960 avec l\u2019essor des technologies, pr\u00e9sente la M\u00e9tropole Rouen Normandie. Il utilise des formes g\u00e9om\u00e9triques, des lignes, des couleurs et des contrastes pour cr\u00e9er<strong> des effets d\u2019optique ou des illusions visuelles<\/strong> donnant l\u2019impression que l\u2019image bouge, vibre ou se d\u00e9forme. C\u2019est un art qui joue avec notre perception et notre \u0153il.\u00a0\u00bb<\/p>\n<p class=\" wall-content\">L\u2019an dernier, en couverture musicale, l\u2019artiste <strong>Barbara Butch<\/strong>, qui s\u2019\u00e9tait produite lors de la c\u00e9r\u00e9monie d\u2019ouverture des JO, proposait aux spectateurs un DJ set sur le parvis de la cath\u00e9drale. Cette ann\u00e9e, c\u2019est une cr\u00e9ation musicale de <strong>Nikolai Szymanski<\/strong> qui accompagnera le show visuel.\u00a0<\/p>\n<p class=\" wall-content\">\u00ab\u00a0Antoine + Manuel ont retravaill\u00e9 leur cr\u00e9ation pour s\u2019adapter au format de Cath\u00e9drale de lumi\u00e8re, notamment en termes de temps, pr\u00e9cise Laurence Renou, vice-pr\u00e9sidente de la M\u00e9tropole en charge de la culture. C\u2019est une c\u00e9l\u00e9bration de l\u2019impressionnisme vraiment tr\u00e8s visuelle et graphique, <strong>une approche totalement diff\u00e9rente<\/strong> de ce qu\u2019avait fait Bob Wilson de son c\u00f4t\u00e9 l\u2019ann\u00e9e derni\u00e8re.\u00a0\u00bb\u00a0<\/p>\n<p>Vid\u00e9os : en ce moment sur ActuRetour des Vikings, aux sources de la Normandie<\/p>\n<p class=\" wall-content\">L\u2019\u00e9pisode Viking a quant \u00e0 lui \u00e9t\u00e9 <a href=\"https:\/\/actu.fr\/loisirs-culture\/cathedrale-de-lumiere-a-rouen-le-retour-les-vikings-debarquent_552687.html\" target=\"_blank\" rel=\"noopener\">pr\u00e9sent\u00e9 pour la premi\u00e8re fois en 2015<\/a>. Con\u00e7u par la soci\u00e9t\u00e9 Cosmo AV, qui a cr\u00e9\u00e9 tous les spectacles Cath\u00e9drale de lumi\u00e8re \u00e0 l\u2019exception de ceux pr\u00e9sent\u00e9s dans le cadre de Normandie Impressionniste 2024 \u2014 Star and Stone : a kind of love\u2026 some say, <a href=\"https:\/\/actu.fr\/normandie\/rouen_76540\/rouen-cathedrale-de-lumiere-revient-avec-un-spectacle-contemporain-poetique-et-audacieux_61104160.html\" target=\"_blank\" rel=\"noopener\">\u0153uvre audacieuse<\/a> de l\u2019artiste am\u00e9ricain Bob Wilson qui avait d\u00e9rout\u00e9 le public, et Optic Gothic \u2014, il est une \u00e9vocation des <strong>invasions scandinaves en Normandie au IXe si\u00e8cle<\/strong>.<\/p>\n<p>    <img   decoding=\"async\" loading=\"lazy\" src=\"https:\/\/www.europesays.com\/fr\/wp-content\/uploads\/2025\/05\/vikings-rouen-cathedrale-lumiere-960x640.jpg\" alt=\"L'\u00e9pisode Viking pr\u00e9sent\u00e9 une premi\u00e8re fois en 2015 revient cette ann\u00e9e. \" width=\"960\" height=\"640\"\/><br \/>\n    L\u2019\u00e9pisode Viking pr\u00e9sent\u00e9 une premi\u00e8re fois en 2015 revient cette ann\u00e9e. (\u00a9Archives\/FM\/76actu)<\/p>\n<p class=\" wall-content\">Une \u00e9pop\u00e9e qui va de 841, date de la premi\u00e8re incursion viking en vall\u00e9e de Seine (incendie de Rouen et sac de Jumi\u00e8ges), \u00e0 911, ann\u00e9e du <strong>trait\u00e9 de Saint-Clair-sur-Epte<\/strong> entre Rollon et Charles le Simple, date traditionnellement retenue pour marquer la <strong>naissance de la Normandie<\/strong>.\u00a0<\/p>\n<p>Quand voir le spectacle ? <\/p>\n<p>La projection des deux spectacles, Viking puis Optic Gothic, se fait chaque soir en deux boucles cons\u00e9cutives.\u00a0<br \/>\u2022 Du 31 mai au 28 juin : les vendredis et samedis soir, \u00e0 23 heures<br \/>\u2022 Du 1er au 31 juillet : tous les soirs, \u00e0 23 heures<br \/>\u2022 Du 1er au 15 ao\u00fbt : tous les soirs, \u00e0 22h30\u00a0<br \/>\u2022 Du 16 au 31 ao\u00fbt : tous les soirs, \u00e0 22 heures<br \/>\u2022 Du 1er au 27 septembre : les vendredis et samedis soir, \u00e0 21h30<\/p>\n<p>Suivez l\u2019actualit\u00e9 de Rouen sur notre <a href=\"https:\/\/www.whatsapp.com\/channel\/0029VaKfnf99hXF2ddApFB1D\" target=\"_blank\" rel=\"noopener\">cha\u00eene WhatsApp<\/a> et sur notre <a href=\"https:\/\/www.tiktok.com\/@76actu.fr?lang=fr\" target=\"_blank\" rel=\"noopener\">compte TikTok<\/a><\/p>\n<p class=\" wall-content\">Suivez toute l\u2019actualit\u00e9 de vos villes et m\u00e9dias favoris en vous inscrivant \u00e0 <a href=\"https:\/\/moncompte.actu.fr\" title=\"D\u00e9couvez Mon Actu\" rel=\"nofollow noopener\" data-trk=\"{&quot;cta&quot;:{&quot;action&quot;:&quot;https:\\\/\\\/moncompte.actu.fr&quot;,&quot;category&quot;:&quot;mon compte&quot;,&quot;from&quot;:&quot;article footer&quot;,&quot;name&quot;:&quot;Mon actu&quot;,&quot;type&quot;:&quot;cta&quot;}}\" target=\"_blank\">Mon Actu<\/a>.<\/p>\n<p>                    <script async src=\"\/\/www.tiktok.com\/embed.js\"><\/script><\/p>\n","protected":false},"excerpt":{"rendered":"Par Fabien Massin Publi\u00e9 le 29 mai 2025 \u00e0 16h26 Avec les beaux jours revient Cath\u00e9drale de lumi\u00e8re,&hellip;\n","protected":false},"author":2,"featured_media":137123,"comment_status":"","ping_status":"","sticky":false,"template":"","format":"standard","meta":{"footnotes":""},"categories":[9587],"tags":[1111,11,9086,12726,1777,674,1011,27,1652,12,5161,25,9590,853],"class_list":{"0":"post-137122","1":"post","2":"type-post","3":"status-publish","4":"format-standard","5":"has-post-thumbnail","7":"category-rouen","8":"tag-actu","9":"tag-actualites","10":"tag-bon-plan-a-rouen","11":"tag-cathedrale-de-rouen","12":"tag-eu","13":"tag-europe","14":"tag-fr","15":"tag-france","16":"tag-loisirs-culture","17":"tag-news","18":"tag-normandie","19":"tag-republique-francaise","20":"tag-rouen","21":"tag-spectacles"},"share_on_mastodon":{"url":"https:\/\/pubeurope.com\/@fr\/114591864153660908","error":""},"_links":{"self":[{"href":"https:\/\/www.europesays.com\/fr\/wp-json\/wp\/v2\/posts\/137122","targetHints":{"allow":["GET"]}}],"collection":[{"href":"https:\/\/www.europesays.com\/fr\/wp-json\/wp\/v2\/posts"}],"about":[{"href":"https:\/\/www.europesays.com\/fr\/wp-json\/wp\/v2\/types\/post"}],"author":[{"embeddable":true,"href":"https:\/\/www.europesays.com\/fr\/wp-json\/wp\/v2\/users\/2"}],"replies":[{"embeddable":true,"href":"https:\/\/www.europesays.com\/fr\/wp-json\/wp\/v2\/comments?post=137122"}],"version-history":[{"count":0,"href":"https:\/\/www.europesays.com\/fr\/wp-json\/wp\/v2\/posts\/137122\/revisions"}],"wp:featuredmedia":[{"embeddable":true,"href":"https:\/\/www.europesays.com\/fr\/wp-json\/wp\/v2\/media\/137123"}],"wp:attachment":[{"href":"https:\/\/www.europesays.com\/fr\/wp-json\/wp\/v2\/media?parent=137122"}],"wp:term":[{"taxonomy":"category","embeddable":true,"href":"https:\/\/www.europesays.com\/fr\/wp-json\/wp\/v2\/categories?post=137122"},{"taxonomy":"post_tag","embeddable":true,"href":"https:\/\/www.europesays.com\/fr\/wp-json\/wp\/v2\/tags?post=137122"}],"curies":[{"name":"wp","href":"https:\/\/api.w.org\/{rel}","templated":true}]}}