{"id":137128,"date":"2025-05-29T15:41:09","date_gmt":"2025-05-29T15:41:09","guid":{"rendered":"https:\/\/www.europesays.com\/fr\/137128\/"},"modified":"2025-05-29T15:41:09","modified_gmt":"2025-05-29T15:41:09","slug":"a-rennes-comment-des-dealers-utilisaient-une-residence-etudiante-pour-leur-business","status":"publish","type":"post","link":"https:\/\/www.europesays.com\/fr\/137128\/","title":{"rendered":"\u00c0 Rennes, comment des dealers utilisaient une r\u00e9sidence \u00e9tudiante pour leur business"},"content":{"rendered":"<p>\u00ab On n\u2019est pas tranquilles \u00bb, constate Hugo, un \u00e9tudiant qui vit dans la r\u00e9sidence de La Touche, rue L\u00e9on-Ricottier \u00e0 Rennes. \u00ab Moi, \u00e7a va encore\u2026 Mais ma copine, elle, elle a carr\u00e9ment peur quand elle rentre le soir. Il y a d\u00e9j\u00e0 eu plusieurs agressions. \u00bb Entre la halte SNCF du CHU de Rennes et le boulevard de Verdun, au 33 rue L\u00e9on-Ricottier, la crainte de voir la r\u00e9sidence \u00e9tudiante de nouveau squatt\u00e9e par des dealers est pr\u00e9gnante. \u00ab C\u2019est dommage que les vigiles soient partis, ajoute Paul, un autre r\u00e9sident. On se sentait plus en s\u00e9curit\u00e9 quand ils \u00e9taient pr\u00e9sents. Je ferme toujours ma porte \u00e0 double tour. En sortant de mon appart, je regarde dans le couloir pour voir si je ne vois rien de bizarre. \u00bb Situ\u00e9e juste \u00e0 c\u00f4t\u00e9 d\u2019un point de deal, la r\u00e9sidence a \u00e9t\u00e9 squatt\u00e9e pendant des mois par des dealers qui vendaient de la drogue devant la pharmacie Anatole-France, sur la place Marie-Marvingt. Le samedi 2 novembre, quasiment au m\u00eame endroit, <a href=\"https:\/\/www.letelegramme.fr\/ille-et-vilaine\/rennes-35000\/a-rennes-un-jeune-homme-de-19-ans-meurt-des-suites-de-coups-de-couteau-6694428.php\" target=\"_blank\" rel=\"nofollow noopener\">un jeune homme de 19 ans avait \u00e9t\u00e9 poignard\u00e9 \u00e0 mort sur la passerelle qui donne sur le point de deal<\/a>. \u00c0 la suite de ce fait divers, une action coordonn\u00e9e avait \u00e9t\u00e9 mise en place entre le Crous, la Police nationale et la police municipale.<\/p>\n<p>Surveillance ponctuelle<\/p>\n<p>En avril, le Crous a fait appel \u00e0 une entreprise de s\u00e9curit\u00e9 priv\u00e9e. Cette \u00ab mesure ponctuelle \u00bb avait \u00e9t\u00e9 annonc\u00e9e comme telle par le Crous aux \u00e9tudiants, fait savoir la communication du Crous. L\u2019\u00e9tablissement public avait donc engag\u00e9 trois agents. Ces derniers restaient dans l\u2019entr\u00e9e de la r\u00e9sidence universitaire pour s\u2019assurer de l\u2019identit\u00e9 des personnes entrantes. De plus, une patrouille de deux agents mobiles tournait sur l\u2019ensemble des r\u00e9sidences rennaises. \u00c0 cela, s\u2019ajoutait des patrouilles r\u00e9guli\u00e8res, plusieurs fois par jour, de la police municipale et de la Police nationale. Des chiens antidrogue \u00e9taient intervenus aussi pour identifier des nourrices et planques dans le b\u00e2timent.<\/p>\n<p>L\u2019action avait port\u00e9 ses fruits. Les dealers avaient quitt\u00e9 la r\u00e9sidence. Et l\u2019activit\u00e9 du point de deal avait \u00e9t\u00e9 beaucoup ralentie du fait des interpellations. Oui mais, depuis quelques semaines, l\u2019activit\u00e9 du point de deal reprend petit \u00e0 petit. \u00ab Certes moins puissant et \u00e0 l\u2019ext\u00e9rieur du b\u00e2timent\u2026 t\u00e9moigne un employ\u00e9. Mais les dealers regagnent les lieux tranquillement. Ils sont l\u00e0 de 11 h 30 \u00e0 22 h 30. \u00bb En cons\u00e9quence, chez les r\u00e9sidents de la Touche, l\u2019inqui\u00e9tude grandit.<\/p>\n<p>Fermeture en 2026 ?<\/p>\n<p>Dans la r\u00e9sidence qui compte 130 appartements, les stigmates des occupations de dealers sont encore visibles. Les sous-plafonds portent des \u00e9critures. Certaines plaques ont \u00e9t\u00e9 chang\u00e9es. Un peu partout des autocollants rappellent que l\u2019\u00e9tablissement est plac\u00e9 sous vid\u00e9oprotection. \u00ab La nouvelle directrice par int\u00e9rim a remerci\u00e9 les agents de s\u00e9curit\u00e9 au bout d\u2019un mois \u00bb, souffle un employ\u00e9 qui pr\u00e9f\u00e8re garder l\u2019anonymat. \u00ab On n\u2019est pas du tout d\u2019accord. Dans une pure logique financi\u00e8re, elle a d\u00e9cid\u00e9 d\u2019abandonner la s\u00e9curit\u00e9. C\u2019est une politique de l\u00e2chet\u00e9 et d\u2019abandon des \u00e9tudiants boursiers, qui sont les plus d\u00e9favoris\u00e9s. Ils n\u2019ont pas le droit d\u2019\u00eatre assur\u00e9s d\u2019une tranquillit\u00e9 publique qui est pourtant essentielle pour \u00e9tudier. \u00bb Toujours selon certains employ\u00e9s du Crous, l\u2019\u00e9tablissement public envisagerait m\u00eame de ne plus exploiter cette r\u00e9sidence en 2026. Une information que la communication du Crous n\u2019a pas souhait\u00e9 confirmer, ni infirmer. \u00ab Donc, on envisage de se priver de 130 logements alors qu\u2019\u00e0 Rennes il y a une \u00e9norme demande d\u2019\u00e9tudiants boursiers. \u00bb<\/p>\n","protected":false},"excerpt":{"rendered":"\u00ab On n\u2019est pas tranquilles \u00bb, constate Hugo, un \u00e9tudiant qui vit dans la r\u00e9sidence de La Touche,&hellip;\n","protected":false},"author":2,"featured_media":137129,"comment_status":"","ping_status":"","sticky":false,"template":"","format":"standard","meta":{"footnotes":""},"categories":[2821],"tags":[1111,11,829,765,1777,674,118,3383,1011,27,12,584,25,18089],"class_list":{"0":"post-137128","1":"post","2":"type-post","3":"status-publish","4":"format-standard","5":"has-post-thumbnail","7":"category-rennes","8":"tag-actu","9":"tag-actualites","10":"tag-bretagne","11":"tag-en-continu","12":"tag-eu","13":"tag-europe","14":"tag-faits-divers","15":"tag-faits-divers-a-rennes","16":"tag-fr","17":"tag-france","18":"tag-news","19":"tag-rennes","20":"tag-republique-francaise","21":"tag-selection-showcase"},"share_on_mastodon":{"url":"https:\/\/pubeurope.com\/@fr\/114591883790013161","error":""},"_links":{"self":[{"href":"https:\/\/www.europesays.com\/fr\/wp-json\/wp\/v2\/posts\/137128","targetHints":{"allow":["GET"]}}],"collection":[{"href":"https:\/\/www.europesays.com\/fr\/wp-json\/wp\/v2\/posts"}],"about":[{"href":"https:\/\/www.europesays.com\/fr\/wp-json\/wp\/v2\/types\/post"}],"author":[{"embeddable":true,"href":"https:\/\/www.europesays.com\/fr\/wp-json\/wp\/v2\/users\/2"}],"replies":[{"embeddable":true,"href":"https:\/\/www.europesays.com\/fr\/wp-json\/wp\/v2\/comments?post=137128"}],"version-history":[{"count":0,"href":"https:\/\/www.europesays.com\/fr\/wp-json\/wp\/v2\/posts\/137128\/revisions"}],"wp:featuredmedia":[{"embeddable":true,"href":"https:\/\/www.europesays.com\/fr\/wp-json\/wp\/v2\/media\/137129"}],"wp:attachment":[{"href":"https:\/\/www.europesays.com\/fr\/wp-json\/wp\/v2\/media?parent=137128"}],"wp:term":[{"taxonomy":"category","embeddable":true,"href":"https:\/\/www.europesays.com\/fr\/wp-json\/wp\/v2\/categories?post=137128"},{"taxonomy":"post_tag","embeddable":true,"href":"https:\/\/www.europesays.com\/fr\/wp-json\/wp\/v2\/tags?post=137128"}],"curies":[{"name":"wp","href":"https:\/\/api.w.org\/{rel}","templated":true}]}}