{"id":137134,"date":"2025-05-29T15:44:09","date_gmt":"2025-05-29T15:44:09","guid":{"rendered":"https:\/\/www.europesays.com\/fr\/137134\/"},"modified":"2025-05-29T15:44:09","modified_gmt":"2025-05-29T15:44:09","slug":"strasbourg-200-cavaliers-et-un-public-nombreux-pour-la-dixieme-edition-des-galops-du-coeur-2","status":"publish","type":"post","link":"https:\/\/www.europesays.com\/fr\/137134\/","title":{"rendered":"Strasbourg. 200 cavaliers et un public nombreux pour la dixi\u00e8me \u00e9dition des Galops du c\u0153ur"},"content":{"rendered":"<p>\u00ab\u00a0Allez Maya\u00a0!\u00a0\u00bb Au centre \u00e9questre des Deux-Rives, les cavaliers endimanch\u00e9s se succ\u00e8dent, galvanis\u00e9s par les cris de la foule install\u00e9e aux abords de la carri\u00e8re. C\u2019est d\u00e9sormais une tradition\u00a0: ce jeudi de l\u2019Ascension se sont tenus <a href=\"https:\/\/www.dna.fr\/societe\/2025\/05\/26\/les-galops-du-coeur-reviennent-pour-leur-10e-edition\" target=\"_blank\" rel=\"nofollow noopener\">les Galops du c\u0153ur<\/a> , une comp\u00e9tition d\u2019\u00e9quitation caritative organis\u00e9e par les Rotary club Strasbourg-Sud et Droits de l\u2019Homme, dont les recettes sont revers\u00e9es aux Restos du c\u0153ur du Bas-Rhin. L\u2019an pass\u00e9, <a href=\"https:\/\/prsnet-sp.media.local\/GBIM_PDOC_B\/DetailArticle.aspx?key=fd18d112-66b2-409b-825b-e73cdf34c3b1\" target=\"_blank\" rel=\"nofollow noopener\">le ch\u00e8que remis \u00e0 l\u2019association<\/a> s\u2019\u00e9levait \u00e0 15\u00a0000\u00a0euros.<\/p>\n<p>Une d\u00e9cennie de partenariat entre les deux associations, \u00ab\u00a0ce n\u2019est pas anodin\u00a0\u00bb, observe Patrick Gr\u00fcber, pr\u00e9sident de la section d\u00e9partementale <a href=\"https:\/\/www.dna.fr\/social\/2024\/12\/13\/restos-du-coeur-trois-fois-plus-de-beneficiaires-en-six-ans\" target=\"_blank\" rel=\"nofollow noopener\">des Restos<\/a>. \u00ab\u00a0Avoir des partenaires qui s\u2019engagent sur la dur\u00e9e, cela nous permet de s\u00e9curiser des ressources pour d\u00e9velopper des projets.\u00a0\u00bb\u00a0L\u2019argent r\u00e9colt\u00e9 ce jeudi 29 mai sera affect\u00e9 \u00e0 \u00ab\u00a0toutes les missions sociales\u00a0\u00bb de l\u2019association, indique-t-il.<\/p>\n<p>Ce contenu est bloqu\u00e9 car vous n&rsquo;avez pas accept\u00e9 les cookies et autres traceurs.<\/p>\n<p>En cliquant sur \u00ab J\u2019accepte \u00bb, les cookies et autres traceurs seront d\u00e9pos\u00e9s et vous pourrez visualiser les contenus  (<a href=\"\" class=\"consentModule_policy\" target=\"_blank\" title=\"Consulter la politique de protection des donn\u00e9es du fournisseur\">plus d&rsquo;informations<\/a>).<\/p>\n<p>En cliquant sur \u00ab J\u2019accepte tous les cookies \u00bb, vous autorisez des d\u00e9p\u00f4ts de cookies et autres traceurs pour le stockage de vos donn\u00e9es sur nos sites et applications \u00e0 des fins de personnalisation et de ciblage publicitaire.<\/p>\n<p class=\"consentModule_secondaryText\">Vous gardez la possibilit\u00e9 de retirer votre consentement \u00e0 tout moment en consultant notre <a href=\"https:\/\/www.dna.fr\/protection-des-donnees\" target=\"_blank\" title=\"Consulter notre politique de protection des donn\u00e9es\" rel=\"nofollow noopener\">politique de protection des donn\u00e9es<\/a>. <br \/>&#13;<br \/>\n            <a href=\"https:\/\/www.dna.fr\/social\/2025\/05\/29\/javascript:Didomi.notice.show()\" class=\"consentModule_cmp\" rel=\"nofollow noopener\" target=\"_blank\">G\u00e9rer mes choix<\/a>&#13;\n        <\/p>\n<p>&#13;<br \/>\n                        J&rsquo;accepte&#13;<br \/>\n            J&rsquo;accepte tous les cookies&#13;\n        <\/p>\n<p>  200 participants aux comp\u00e9titions<\/p>\n<p>Pour mobiliser des fonds, l\u2019\u00e9v\u00e9nement s\u2019appuie sur une cagnotte en ligne, accessible via QR Code ainsi que sur la participation d\u2019une flop\u00e9e de sponsors priv\u00e9s. Et des t\u00eates d\u2019affiche\u00a0: pour pr\u00e9senter les diff\u00e9rents passages au micro, on retrouve une voix bien connue, non pas de l\u2019hippisme, mais des cabarets alsaciens\u00a0: Daniel Chambet-Ithier. Le metteur en sc\u00e8ne gouailleur de <a href=\"https:\/\/www.dna.fr\/culture-loisirs\/2025\/01\/17\/avec-a-star-is-burnes-la-revue-scoute-exorcise-un-monde-a-la-derive\" target=\"_blank\" rel=\"nofollow noopener\">la Revue scoute<\/a> s\u2019est propos\u00e9 pour animer gracieusement la journ\u00e9e.<\/p>\n<p>  Tir \u00e0 l\u2019arc, tombola, ch\u00e2teau gonflable<\/p>\n<p>Du \u00ab\u00a0mini-dressage\u00a0\u00bb en famille pour les 3-4 ans aux sauts d\u2019obstacles \u00e0 hauteur de 1,15 m\u00e8tre, pas le temps de s\u2019ennuyer pour ce speaker d\u2019un jour et le public, venu en nombre. Au total, quelque 200 participants d\u2019\u00e9curies de la r\u00e9gion sont venus se frotter au parcours de onze obstacles du centre \u00e9questre. Si bien que l\u2019organisation a d\u00fb limiter les inscriptions. \u00ab\u00a0On a \u00e9t\u00e9 victime de notre succ\u00e8s\u00a0\u00bb, commente H\u00e9l\u00e8ne Kuttruf, b\u00e9n\u00e9vole aux manettes de l\u2019\u00e9v\u00e9nement.<\/p>\n<p>  S\u2019ouvrir sur le quartier<\/p>\n<p>La comp\u00e9tition, inscrite au calendrier officiel de la saison, est accompagn\u00e9e d\u2019un village d\u2019enfants, aux abords de la carri\u00e8re\u00a0: tombola, tir \u00e0 l\u2019arc, ch\u00e2teau gonflable et promenade \u00e0 dos de poneys dans le jardin des Deux-Rives. Car, pour l\u2019occasion, les deux acc\u00e8s du centre sont ouverts au public. Une mani\u00e8re, aussi, d\u2019ouvrir les lieux sur le quartier, appr\u00e9cie Yasmina Chadli, conseill\u00e8re municipale en charge du Port-du-Rhin, qui loue un \u00ab\u00a0\u00e9v\u00e9nement populaire, ludique et familial\u00a0\u00bb.<\/p>\n<p>D\u00e9j\u00e0 pr\u00e9sent l\u2019an dernier, des b\u00e9n\u00e9voles d\u2019 <a href=\"https:\/\/www.dna.fr\/sante\/2024\/12\/05\/toby-500e-chien-d-assistance-issu-du-centre-handi-chiens\" target=\"_blank\" rel=\"nofollow noopener\">Handi\u2019chiens<\/a> , association charg\u00e9e de la formation gratuite des chiens d\u2019assistance, ont \u00e9galement tenu un stand. Entre chiens et chevaux, le courant passe plut\u00f4t bien.<\/p>\n<p> \u00ab\u00a0Et puis, il faut l\u2019habituer \u00e0 fr\u00e9quenter des endroits o\u00f9 il y a du monde\u00a0\u00bb, expliquent Emma et J\u00e9r\u00e9mie, qui accueillent Velcro, un golden retriever au pelage roux, pour le former. Avant qu\u2019il ne rejoigne un ma\u00eetre dans le besoin. Entre une mobilisation \u00ab\u00a0H24\u00a0\u00bb et des entra\u00eenements hebdomadaires pour lui apprendre des commandes, leur engagement est intense.<\/p>\n<p>Mais ils en sont convaincus\u00a0: le jeu en vaut la chandelle. \u00ab\u00a0J\u2019avais une amie d\u2019enfance atteinte de trisomie, raconte Emma. Un chien, \u00e7a lui a chang\u00e9 sa vie.\u00a0\u00bb Du c\u0153ur, encore et toujours.<\/p>\n","protected":false},"excerpt":{"rendered":"\u00ab\u00a0Allez Maya\u00a0!\u00a0\u00bb Au centre \u00e9questre des Deux-Rives, les cavaliers endimanch\u00e9s se succ\u00e8dent, galvanis\u00e9s par les cris de la&hellip;\n","protected":false},"author":2,"featured_media":137133,"comment_status":"","ping_status":"","sticky":false,"template":"","format":"standard","meta":{"footnotes":""},"categories":[2820],"tags":[1111,11,2880,10869,1777,674,107,1011,27,775,12,25,801,104,517,640,2879,1631],"class_list":{"0":"post-137134","1":"post","2":"type-post","3":"status-publish","4":"format-standard","5":"has-post-thumbnail","7":"category-strasbourg","8":"tag-actu","9":"tag-actualites","10":"tag-edition-strasbourg","11":"tag-equitation","12":"tag-eu","13":"tag-europe","14":"tag-fil-info","15":"tag-fr","16":"tag-france","17":"tag-grand-est","18":"tag-news","19":"tag-republique-francaise","20":"tag-social","21":"tag-societe","22":"tag-sport","23":"tag-strasbourg","24":"tag-strasbourg-ville","25":"tag-vie-associative"},"share_on_mastodon":{"url":"https:\/\/pubeurope.com\/@fr\/114591895536652884","error":""},"_links":{"self":[{"href":"https:\/\/www.europesays.com\/fr\/wp-json\/wp\/v2\/posts\/137134","targetHints":{"allow":["GET"]}}],"collection":[{"href":"https:\/\/www.europesays.com\/fr\/wp-json\/wp\/v2\/posts"}],"about":[{"href":"https:\/\/www.europesays.com\/fr\/wp-json\/wp\/v2\/types\/post"}],"author":[{"embeddable":true,"href":"https:\/\/www.europesays.com\/fr\/wp-json\/wp\/v2\/users\/2"}],"replies":[{"embeddable":true,"href":"https:\/\/www.europesays.com\/fr\/wp-json\/wp\/v2\/comments?post=137134"}],"version-history":[{"count":0,"href":"https:\/\/www.europesays.com\/fr\/wp-json\/wp\/v2\/posts\/137134\/revisions"}],"wp:featuredmedia":[{"embeddable":true,"href":"https:\/\/www.europesays.com\/fr\/wp-json\/wp\/v2\/media\/137133"}],"wp:attachment":[{"href":"https:\/\/www.europesays.com\/fr\/wp-json\/wp\/v2\/media?parent=137134"}],"wp:term":[{"taxonomy":"category","embeddable":true,"href":"https:\/\/www.europesays.com\/fr\/wp-json\/wp\/v2\/categories?post=137134"},{"taxonomy":"post_tag","embeddable":true,"href":"https:\/\/www.europesays.com\/fr\/wp-json\/wp\/v2\/tags?post=137134"}],"curies":[{"name":"wp","href":"https:\/\/api.w.org\/{rel}","templated":true}]}}