{"id":137137,"date":"2025-05-29T15:46:08","date_gmt":"2025-05-29T15:46:08","guid":{"rendered":"https:\/\/www.europesays.com\/fr\/137137\/"},"modified":"2025-05-29T15:46:08","modified_gmt":"2025-05-29T15:46:08","slug":"de-versailles-aux-vosges-dangers-a-nice-les-festivals-de-theatre-foisonnent-cet-ete-en-france","status":"publish","type":"post","link":"https:\/\/www.europesays.com\/fr\/137137\/","title":{"rendered":"De Versailles aux Vosges, d\u2019Angers \u00e0 Nice, les festivals de th\u00e9\u00e2tre foisonnent cet \u00e9t\u00e9 en France"},"content":{"rendered":"<p>Com\u00e9dies, drames, pi\u00e8ces contemporaines ou classiques, cr\u00e9ations ou reprises, de juin \u00e0 septembre, en dehors du grand rassemblement d\u2019Avignon, il y en a pour tous les publics et tous les go\u00fbts.<\/p>\n<p>Mois Moli\u00e8re, \u00e0 Versailles<\/p>\n<p class=\"fig-paragraph\">Versailles propose un avant-go\u00fbt du festival Avignon Off avec plus de 330\u00a0spectacles, dans 62\u00a0lieux et entend bien attirer le plus grand nombre, dont des familles, notamment dans la cour de la Grande-\u00c9curie, \u00e0 Versailles. Le maire, Fran\u00e7ois de\u00a0Mazi\u00e8res, souhaite \u00ab\u00a0garder l\u2019esprit des premi\u00e8res ann\u00e9es d\u2019Avignon\u00a0\u00bb et consid\u00e8re sa manifestation comme une \u00ab\u00a0p\u00e9pini\u00e8re de talents\u00a0\u00bb. La programmation est \u00e9clectique, avec \u0153uvres du r\u00e9pertoire, spectacles musicaux ou seuls-en-sc\u00e8ne. Un m\u00e9lange de cr\u00e9ations, comme le prochain spectacle d\u2019<a href=\"https:\/\/www.lefigaro.fr\/theatre\/eric-bouvron-le-grand-aventurier-du-theatre-20220131\" target=\"_blank\" data-fig-type=\"Article\" rel=\"noopener\" data-gtm-custom-categorie=\"navigation\" data-gtm-custom-action=\"crossclick\" data-gtm-custom-label=\"Contextuel\" data-gtm-event=\"customEventSPE\" data-fig-domain=\"LEFIGARO\">\u00c9ric Bouvron<\/a>, Cl\u00e9op\u00e2tre, la reine louve, ou le Cabaret mythique d\u2019\u00c9lisa Benizio, la\u00a0<a href=\"https:\/\/www.lefigaro.fr\/theatre\/elisa-benizio-le-theatre-en-heritage-20230212\" target=\"_blank\" data-fig-type=\"Article\" rel=\"noopener\" data-gtm-custom-categorie=\"navigation\" data-gtm-custom-action=\"crossclick\" data-gtm-custom-label=\"Contextuel\" data-gtm-event=\"customEventSPE\" data-fig-domain=\"LEFIGARO\">fille de Shirley et Dino<\/a>, et de reprises (Les F\u00e2cheux, Le Dindon, Le Travailleur de la mer, La Valise de Sophie Forte\u2026). \u00c0 ceux qui l\u2019auraient manqu\u00e9, nous conseillons la remarquable adaptation du Village allemand ou le Journal des fr\u00e8res Schiller, de\u00a0<a href=\"http:\/\/www.lefigaro.fr\/politique\/en-algerie-le-sort-de-boualem-sansal-plus-flou-que-jamais-20250416\" target=\"_blank\" data-fig-type=\"Article\" rel=\"noopener\" data-gtm-custom-categorie=\"navigation\" data-gtm-custom-action=\"crossclick\" data-gtm-custom-label=\"Contextuel\" data-gtm-event=\"customEventSPE\" data-fig-domain=\"LEFIGARO\">Boualem Sansal<\/a>, actuellement en d\u00e9tention en Alg\u00e9rie. \u00ab\u00a0Les jeunes sont \u00e9tonn\u00e9s quand on leur apprend que l\u2019auteur est en\u2026<\/p>\n<p class=\"fig-premium-paywall__infos\">\n        Cet article est r\u00e9serv\u00e9 aux abonn\u00e9s.        Il vous reste 94% \u00e0 d\u00e9couvrir.\n    <\/p>\n<p>                <img  data- alt=\"Le Figaro\" class=\"fig-img--complete fig-img\"\/><\/p>\n<p class=\"fig-premium-paywall__title\">Vente Flash<\/p>\n<p class=\"fig-premium-paywall__subtitle\">4,99\u20ac par mois pendant 12 mois. Sans engagement.<\/p>\n<p class=\"fig-premium-paywall__connect\">\n                D\u00e9j\u00e0 abonn\u00e9\u00a0?                <a class=\"fig-premium-paywall__connect-link\" href=\"https:\/\/connect.lefigaro.fr\/login?client=horizon_web&amp;type=main&amp;redirect_uri=https%3A%2F%2Fwww.lefigaro.fr%2Ftheatre%2Fde-versailles-aux-vosges-d-angers-a-nice-les-festivals-de-theatre-foisonnent-cet-ete-en-france-20250529\" data-js-gtm=\"{&quot;customCategorie&quot;: &quot;conversion&quot;, &quot;customAction&quot;: &quot;before_Landing_Connexion_paywall_auto&quot;, &quot;customLabel&quot;: &quot;bGVmaWdhcm8uZnJfXzFmMDNhMWFhLTRkODctNmI1Yy04NWVhLWRkNWZkMjA1NDFjMF9fQXJ0aWNsZQ==_De Versailles aux Vosges, d\u2019Angers \u00e0 Nice, les festivals de th\u00e9\u00e2tre foisonnent cet \u00e9t\u00e9 en France_1000&quot;, &quot;customIDSPE&quot;: &quot;bGVmaWdhcm8uZnJfXzFmMDNhMWFhLTRkODctNmI1Yy04NWVhLWRkNWZkMjA1NDFjMF9fQXJ0aWNsZQ==&quot;, &quot;event&quot;: &quot;customEventSPE&quot;}\" target=\"_blank\" rel=\"noopener\"><br \/>\n                    Connectez-vous<br \/>\n                <\/a>\n            <\/p>\n","protected":false},"excerpt":{"rendered":"Com\u00e9dies, drames, pi\u00e8ces contemporaines ou classiques, cr\u00e9ations ou reprises, de juin \u00e0 septembre, en dehors du grand rassemblement&hellip;\n","protected":false},"author":2,"featured_media":137138,"comment_status":"","ping_status":"","sticky":false,"template":"","format":"standard","meta":{"footnotes":""},"categories":[2819],"tags":[1111,11,15078,1777,674,16572,1011,27,12,2401,15080,15079,882,25,1347,20423],"class_list":{"0":"post-137137","1":"post","2":"type-post","3":"status-publish","4":"format-standard","5":"has-post-thumbnail","7":"category-nice","8":"tag-actu","9":"tag-actualites","10":"tag-ceremonie-des-molieres","11":"tag-eu","12":"tag-europe","13":"tag-festival-davignon","14":"tag-fr","15":"tag-france","16":"tag-news","17":"tag-nice","18":"tag-pieces","19":"tag-pieces-de-theatre","20":"tag-provence-alpes-cote-dazur","21":"tag-republique-francaise","22":"tag-theatre","23":"tag-versailles"},"share_on_mastodon":{"url":"https:\/\/pubeurope.com\/@fr\/114591903608372136","error":""},"_links":{"self":[{"href":"https:\/\/www.europesays.com\/fr\/wp-json\/wp\/v2\/posts\/137137","targetHints":{"allow":["GET"]}}],"collection":[{"href":"https:\/\/www.europesays.com\/fr\/wp-json\/wp\/v2\/posts"}],"about":[{"href":"https:\/\/www.europesays.com\/fr\/wp-json\/wp\/v2\/types\/post"}],"author":[{"embeddable":true,"href":"https:\/\/www.europesays.com\/fr\/wp-json\/wp\/v2\/users\/2"}],"replies":[{"embeddable":true,"href":"https:\/\/www.europesays.com\/fr\/wp-json\/wp\/v2\/comments?post=137137"}],"version-history":[{"count":0,"href":"https:\/\/www.europesays.com\/fr\/wp-json\/wp\/v2\/posts\/137137\/revisions"}],"wp:featuredmedia":[{"embeddable":true,"href":"https:\/\/www.europesays.com\/fr\/wp-json\/wp\/v2\/media\/137138"}],"wp:attachment":[{"href":"https:\/\/www.europesays.com\/fr\/wp-json\/wp\/v2\/media?parent=137137"}],"wp:term":[{"taxonomy":"category","embeddable":true,"href":"https:\/\/www.europesays.com\/fr\/wp-json\/wp\/v2\/categories?post=137137"},{"taxonomy":"post_tag","embeddable":true,"href":"https:\/\/www.europesays.com\/fr\/wp-json\/wp\/v2\/tags?post=137137"}],"curies":[{"name":"wp","href":"https:\/\/api.w.org\/{rel}","templated":true}]}}