{"id":137139,"date":"2025-05-29T15:47:24","date_gmt":"2025-05-29T15:47:24","guid":{"rendered":"https:\/\/www.europesays.com\/fr\/137139\/"},"modified":"2025-05-29T15:47:24","modified_gmt":"2025-05-29T15:47:24","slug":"le-festival-printemps-coreen-bat-son-plein-a-nantes","status":"publish","type":"post","link":"https:\/\/www.europesays.com\/fr\/137139\/","title":{"rendered":"Le festival Printemps cor\u00e9en bat son plein \u00e0 Nantes"},"content":{"rendered":"<p><a href=\"https:\/\/nantes.maville.com\/actu\/actudet_-nantes-fete-son-dixieme-printemps-coreen-pendant-un-mois-_52716-5762712_actu.Htm\" rel=\"nofollow noopener\" target=\"_blank\">Le festival d\u00e9di\u00e9 \u00e0 la culture cor\u00e9enne<\/a>\u00a0sur le th\u00e8me \u00ab\u00a0Harmonie et grandeur de la nature\u00a0\u00bb se termine ce week-end, \u00e0 Nantes (Loire-Atlantique).\u00a0L\u2019exposition pr\u00e9sente plusieurs s\u00e9ries photographiques de Kim Hyung-sun et Joung Sanggi, une installation vid\u00e9o de Jean-Julien Pous et des outils de travail utilis\u00e9s par <a href=\"https:\/\/www.google.com\/search?q=haenyeo+ouest+france&amp;rlz=1C1GCEA_enFR1127FR1127&amp;oq=haenyeo+ouest+france&amp;gs_lcrp=EgZjaHJvbWUyCQgAEEUYORigATIHCAEQIRigAdIBCTEwNzM1ajBqNKgCALACAA&amp;sourceid=chrome&amp;ie=UTF-8\" rel=\"nofollow noopener\" target=\"_blank\">les haenyeo<\/a>.<\/p>\n<p>Ces femmes plongeuses incarnent une culture maritime unique au monde. Elles plongent\u00a0jusqu\u2019\u00e0 vingt m\u00e8tres de profondeur, sans bouteille d\u2019oxyg\u00e8ne, pour r\u00e9colter des ormeaux, des coquillages et divers fruits de mer. L\u2019exposition met en lumi\u00e8re la nature pr\u00e9serv\u00e9e de l\u2019\u00eele de Jeju, la plus grande \u00eele de Cor\u00e9e du Sud reconnue par l\u2019Unesco, ainsi que son patrimoine culturel singulier, notamment la culture des haenyeo.<\/p>\n<p>Concert, soir\u00e9e festive, film\u2026<\/p>\n<p>Une s\u00e9rie photographique de Kim Ok Lyoul, \u0153uvres en nacre de Choi Jin Kyung et peintures de Jeon Ha Eun s\u2019attarde sur la montagne embl\u00e9matique Mudeungsan, situ\u00e9e dans le sud de la p\u00e9ninsule cor\u00e9enne, pr\u00e8s de la ville de Gwangju, connue pour la beaut\u00e9 de ses paysages en toute saison.<\/p>\n<p>La troisi\u00e8me exposition met en lumi\u00e8re Naju, ville historique du sud-ouest de la Cor\u00e9e qui est reconnue depuis l\u2019Antiquit\u00e9 pour son savoir-faire unique en mati\u00e8re de teinture naturelle.<\/p>\n<p>D\u2019autres animations se d\u00e9rouleront jusqu\u2019\u00e0 dimanche 1er\u00a0juin, en lien avec la culture cor\u00e9enne\u00a0: concert de jazz (jeudi 29\u00a0mai, \u00e0 20\u00a0h), soir\u00e9e Noraebang, l\u2019\u00e9quivalent cor\u00e9en du karaok\u00e9 japonais (vendredi 30\u00a0mai, \u00e0 16\u00a0h), ou encore diffusion d\u2019un film racontant le mouvement de r\u00e9sistance des plongeuses de Jeju en 1932 contre l\u2019exploitation japonaise (samedi 31\u00a0mai, \u00e0 16\u00a0h).<\/p>\n<p><strong>Jusqu\u2019au dimanche 1er\u00a0juin,<\/strong> \u00e0 Cosmopolis ou salle Paul-Fort. Programme d\u00e9taill\u00e9\u00a0: <a href=\"https:\/\/www.printempscoreen.com\/page-d-exemple\/\" rel=\"nofollow noopener\" target=\"_blank\">printempscoreen.com<\/a>.<\/p>\n<p>\u00a0<\/p>\n","protected":false},"excerpt":{"rendered":"Le festival d\u00e9di\u00e9 \u00e0 la culture cor\u00e9enne\u00a0sur le th\u00e8me \u00ab\u00a0Harmonie et grandeur de la nature\u00a0\u00bb se termine ce&hellip;\n","protected":false},"author":2,"featured_media":137140,"comment_status":"","ping_status":"","sticky":false,"template":"","format":"standard","meta":{"footnotes":""},"categories":[2818],"tags":[1111,11,17264,23156,1777,674,849,1011,27,766,12,2636,4767,25],"class_list":{"0":"post-137139","1":"post","2":"type-post","3":"status-publish","4":"format-standard","5":"has-post-thumbnail","7":"category-nantes","8":"tag-actu","9":"tag-actualites","10":"tag-bat","11":"tag-coreen","12":"tag-eu","13":"tag-europe","14":"tag-festival","15":"tag-fr","16":"tag-france","17":"tag-nantes","18":"tag-news","19":"tag-pays-de-la-loire","20":"tag-printemps","21":"tag-republique-francaise"},"share_on_mastodon":{"url":"https:\/\/pubeurope.com\/@fr\/114591907486740040","error":""},"_links":{"self":[{"href":"https:\/\/www.europesays.com\/fr\/wp-json\/wp\/v2\/posts\/137139","targetHints":{"allow":["GET"]}}],"collection":[{"href":"https:\/\/www.europesays.com\/fr\/wp-json\/wp\/v2\/posts"}],"about":[{"href":"https:\/\/www.europesays.com\/fr\/wp-json\/wp\/v2\/types\/post"}],"author":[{"embeddable":true,"href":"https:\/\/www.europesays.com\/fr\/wp-json\/wp\/v2\/users\/2"}],"replies":[{"embeddable":true,"href":"https:\/\/www.europesays.com\/fr\/wp-json\/wp\/v2\/comments?post=137139"}],"version-history":[{"count":0,"href":"https:\/\/www.europesays.com\/fr\/wp-json\/wp\/v2\/posts\/137139\/revisions"}],"wp:featuredmedia":[{"embeddable":true,"href":"https:\/\/www.europesays.com\/fr\/wp-json\/wp\/v2\/media\/137140"}],"wp:attachment":[{"href":"https:\/\/www.europesays.com\/fr\/wp-json\/wp\/v2\/media?parent=137139"}],"wp:term":[{"taxonomy":"category","embeddable":true,"href":"https:\/\/www.europesays.com\/fr\/wp-json\/wp\/v2\/categories?post=137139"},{"taxonomy":"post_tag","embeddable":true,"href":"https:\/\/www.europesays.com\/fr\/wp-json\/wp\/v2\/tags?post=137139"}],"curies":[{"name":"wp","href":"https:\/\/api.w.org\/{rel}","templated":true}]}}