{"id":13714,"date":"2025-04-09T22:52:13","date_gmt":"2025-04-09T22:52:13","guid":{"rendered":"https:\/\/www.europesays.com\/fr\/13714\/"},"modified":"2025-04-09T22:52:13","modified_gmt":"2025-04-09T22:52:13","slug":"lyon-des-restaurants-enragent-contre-les-controles-et-les-fermetures-trop-severes","status":"publish","type":"post","link":"https:\/\/www.europesays.com\/fr\/13714\/","title":{"rendered":"Lyon. Des restaurants enragent contre les contr\u00f4les et les fermetures trop s\u00e9v\u00e8res"},"content":{"rendered":"<p>            Par<br \/>\n        <strong><br \/>\n            <a href=\"https:\/\/actu.fr\/auteur\/julien-damboise\" title=\"Consulter tous les articles de Julien Damboise\" rel=\"nofollow noopener\" target=\"_blank\">Julien Damboise<\/a><br \/>\n        <\/strong><\/p>\n<p>        Publi\u00e9 le<\/p>\n<p>            8 avr. 2025 \u00e0 16h54        <\/p>\n<p>Depuis les mois qui ont pr\u00e9c\u00e9d\u00e9 les <a href=\"https:\/\/actu.fr\/lyon\/jeux-olympiques\" rel=\"nofollow noopener\" target=\"_blank\">Jeux Olympiques de Paris 2024<\/a>, une <strong>vague de contr\u00f4les d\u2019hygi\u00e8ne<\/strong> s\u2019est abattue sur les restaurants de <a href=\"https:\/\/actu.fr\/auvergne-rhone-alpes\/lyon_69123\" rel=\"nofollow noopener\" target=\"_blank\">Lyon<\/a> et sa r\u00e9gion.<\/p>\n<p class=\" wall-content\">Les autorit\u00e9s voulaient faire place nette chez les restaurateurs avant l\u2019arriv\u00e9e des touristes, tandis qu\u2019une<strong> d\u00e9l\u00e9gation de service publique<\/strong> a permis \u00e0 l\u2019\u00c9tat de multiplier les inspections.<\/p>\n<p class=\" wall-content\">Un choix qui est <strong>loin de faire l\u2019unanimit\u00e9<\/strong> chez les patrons d\u2019\u00e9tablissements, et notamment parmi les <a href=\"https:\/\/actu.fr\/tag\/bouchons-lyonnais\" rel=\"nofollow noopener\" target=\"_blank\">bouchons lyonnais<\/a>.<\/p>\n<p>Des contr\u00f4les d\u00e9multipli\u00e9s<\/p>\n<p class=\" wall-content\">La Direction D\u00e9partementale de la Protection des Populations (DDPP) du d\u00e9partement du Rh\u00f4ne compter d\u00e9sormais sur l\u2019appui d\u2019une <strong>entreprise priv\u00e9e<\/strong>, le Bureau Veritas Exploitation, qui avait \u00e9t\u00e9 choisi \u00ab pour la r\u00e9alisation des inspections dans le secteur de la remise directe au consommateur, ainsi que pour les contr\u00f4les de l\u2019effectivit\u00e9 des retraits et rappels suite \u00e0 alerte sanitaire \u00bb.<\/p>\n<p class=\" wall-content\">Et depuis ce choix, les<strong> sanctions s\u2019encha\u00eenent<\/strong> notamment avec des fermetures administratives comme pour la <a href=\"https:\/\/actu.fr\/auvergne-rhone-alpes\/lyon_69123\/lyon-fermeture-du-traiteur-vessiere-apres-un-controle-d-hygiene-les-clients-trahis_60909979.html\" rel=\"nofollow noopener\" target=\"_blank\">Maison Vessi\u00e8re<\/a> \u00e0 Monplaisir, un buffet \u00e0 volont\u00e9 de l\u2019<a href=\"https:\/\/actu.fr\/tag\/olympique-lyonnais-ol\" rel=\"nofollow noopener\" target=\"_blank\">OL<\/a> Vall\u00e9e ou encore une boulangerie Paul et de nombreux tacos.<\/p>\n<p>Vid\u00e9os : en ce moment sur Actu<\/p>\n<p class=\" wall-content\">Pour certains restaurateurs bien connus \u00e0 Lyon, <strong>la coupe est pleine<\/strong>.<\/p>\n<p>\u00ab\u00a0Des contr\u00f4les comme pour l\u2019agroalimentaire\u00a0\u00bb<\/p>\n<p class=\" wall-content\">Claude Barbet, du restaurant Les Fr\u00e8res Barbet \u00e0 <a href=\"https:\/\/actu.fr\/auvergne-rhone-alpes\/oullins-pierre-benite_69149\" rel=\"nofollow noopener\" target=\"_blank\">Oullins-Pierre-B\u00e9nite<\/a>, d\u00e9plore cette privatisation du service : \u00ab\u00a0Ils imposent un syst\u00e8me avec une <strong>moyenne b\u00eate et m\u00e9chante<\/strong> de notes sur des process qui sont normalement pour l\u2019agroalimentaire\u00a0\u00bb.<\/p>\n<p class=\" wall-content\">Il assure que lors de la derni\u00e8re descente, l\u2019inspectrice lui a ainsi assur\u00e9 : \u00ab\u00a0Vous avez un probl\u00e8me, <strong>vous faites tout trop fait maison<\/strong>, donc vous augmentez les process \u00e0 risques\u00a0\u00bb. \u00ab\u00a0La mayonnaise faite nous-m\u00eame, \u00e7a les rend fous\u00a0\u00bb, explique le patron qui a d\u00e9cid\u00e9, \u00e0 contrec\u0153ur, d\u2019acheter de la sauce en pot.\u00a0<\/p>\n<blockquote class=\"ac-article-quote wall-content\">\n<p>C\u2019est la fin d&rsquo;une mani\u00e8re de faire, d&rsquo;une certaine identit\u00e9 fran\u00e7aise, et plus encore lyonnaise. Il y a un c\u00f4t\u00e9 intransigeant, mais ce n&rsquo;est pas possible de contr\u00f4ler un bouchon comme une entreprise de viande.<\/p>\n<p>    <strong>Claude Barbet<\/strong><br \/>\n        Restaurant Les Fr\u00e8res Barbet\u00a0    <\/p><\/blockquote>\n<p>Un manque de p\u00e9dagogie ?<\/p>\n<p class=\" wall-content\">\u00c0 la t\u00eate du <a href=\"https:\/\/actu.fr\/auvergne-rhone-alpes\/lyon_69123\/lyon-ce-temple-de-la-viande-au-coeur-de-la-presqu-ile-est-tenu-par-une-star-de-kaamelott_61592770.html\" rel=\"nofollow noopener\" target=\"_blank\">Delicatessen\u00a0<\/a>dans le 1\u1d49\u02b3 arrondissement de Lyon, son patron ajoute :<\/p>\n<blockquote class=\"ac-article-quote wall-content\">\n<p>\u00c7a fait trente ans que nous avons des contr\u00f4les. Je constate aujourd&rsquo;hui que l\u2019administration se d\u00e9robe de sa vocation p\u00e9dagogique. Ce sont d\u00e9sormais des cases \u00e0 cocher, et plus ils ferment des \u00e9tablissements, plus ils font de l&rsquo;argent.<\/p>\n<p>    <strong>Brice Fournier<\/strong><br \/>\n        Patron du restaurant Delicatessen    <\/p><\/blockquote>\n<p class=\" wall-content\">Le Bureau Veritas Exploitation a r\u00e9alis\u00e9 569 millions d\u2019euros de chiffre d\u2019affaires en 2023, selon le site sp\u00e9cialis\u00e9 <a href=\"https:\/\/www.pappers.fr\/\" rel=\"nofollow noopener\" target=\"_blank\">Pappers.fr<\/a>.<\/p>\n<p>\u00ab\u00a0D\u2019accord d\u2019\u00eatre contr\u00f4l\u00e9s\u00a0\u00bb<\/p>\n<p class=\" wall-content\">Au c\u0153ur de la <a href=\"https:\/\/actu.fr\/tag\/presqu-ile\" rel=\"nofollow noopener\" target=\"_blank\">Presqu\u2019\u00eele<\/a> de Lyon, au restaurant La Meuni\u00e8re de la rue Neuve, le pr\u00e9sident de l\u2019association Les Bouchons Lyonnais Olivier Canal trouve juste certaines sanctions \u00ab\u00a0comme quand on trouve de la viande p\u00e9rim\u00e9e\u00a0\u00bb, mais regrette dans le m\u00eame temps des normes \u00ab\u00a0lunaires\u00a0\u00bb, comme \u00ab\u00a0le nombre d\u2019\u00e9valuations de risques\u00a0\u00bb.<\/p>\n<blockquote class=\"ac-article-quote wall-content\">\n<p>Nous sommes d\u2019accord d\u2019\u00eatre contr\u00f4l\u00e9s, m\u00eame une fois par an, \u00e7a ne nous d\u00e9range pas. Mais je veux que ce soit intelligent et que les inspecteurs sachent de quoi ils parlent.<\/p>\n<p>    <strong>Olivier Canal<\/strong><br \/>\n        Restaurant La Meuni\u00e8re    <\/p><\/blockquote>\n<p class=\" wall-content\">Il d\u00e9nonce enfin le name and shame (nommer et couvrir de honte, ndlr) : \u00ab\u00a0En quel honneur un corps de m\u00e9tier est d\u00e9nonc\u00e9 et pas un autre ? Si un inspecteur trouve deux crottes de souris, et pour le peu que ce soit un chef connu, <strong>son nom est affich\u00e9 partout<\/strong>, y compris dans la presse. Il y a deux poids deux mesures\u00a0\u00bb.<\/p>\n<p class=\" wall-content\">Suivez toute l\u2019actualit\u00e9 de vos villes et m\u00e9dias favoris en vous inscrivant \u00e0 <a href=\"https:\/\/moncompte.actu.fr\" title=\"D\u00e9couvez Mon Actu\" rel=\"nofollow noopener\" data-trk=\"{&quot;cta&quot;:{&quot;action&quot;:&quot;https:\\\/\\\/moncompte.actu.fr&quot;,&quot;category&quot;:&quot;mon compte&quot;,&quot;from&quot;:&quot;article footer&quot;,&quot;name&quot;:&quot;Mon actu&quot;,&quot;type&quot;:&quot;cta&quot;}}\" target=\"_blank\">Mon Actu<\/a>.<\/p>\n","protected":false},"excerpt":{"rendered":"Par Julien Damboise Publi\u00e9 le 8 avr. 2025 \u00e0 16h54 Depuis les mois qui ont pr\u00e9c\u00e9d\u00e9 les Jeux&hellip;\n","protected":false},"author":2,"featured_media":13715,"comment_status":"","ping_status":"","sticky":false,"template":"","format":"standard","meta":{"footnotes":""},"categories":[1889],"tags":[1111,11,2430,6082,1777,674,1011,27,1661,2428,12,25,1340,104],"class_list":{"0":"post-13714","1":"post","2":"type-post","3":"status-publish","4":"format-standard","5":"has-post-thumbnail","7":"category-lyon","8":"tag-actu","9":"tag-actualites","10":"tag-auvergne-rhone-alpes","11":"tag-bouchons-lyonnais","12":"tag-eu","13":"tag-europe","14":"tag-fr","15":"tag-france","16":"tag-gastronomie","17":"tag-lyon","18":"tag-news","19":"tag-republique-francaise","20":"tag-restaurant","21":"tag-societe"},"share_on_mastodon":{"url":"https:\/\/pubeurope.com\/@fr\/114310463176874014","error":""},"_links":{"self":[{"href":"https:\/\/www.europesays.com\/fr\/wp-json\/wp\/v2\/posts\/13714","targetHints":{"allow":["GET"]}}],"collection":[{"href":"https:\/\/www.europesays.com\/fr\/wp-json\/wp\/v2\/posts"}],"about":[{"href":"https:\/\/www.europesays.com\/fr\/wp-json\/wp\/v2\/types\/post"}],"author":[{"embeddable":true,"href":"https:\/\/www.europesays.com\/fr\/wp-json\/wp\/v2\/users\/2"}],"replies":[{"embeddable":true,"href":"https:\/\/www.europesays.com\/fr\/wp-json\/wp\/v2\/comments?post=13714"}],"version-history":[{"count":0,"href":"https:\/\/www.europesays.com\/fr\/wp-json\/wp\/v2\/posts\/13714\/revisions"}],"wp:featuredmedia":[{"embeddable":true,"href":"https:\/\/www.europesays.com\/fr\/wp-json\/wp\/v2\/media\/13715"}],"wp:attachment":[{"href":"https:\/\/www.europesays.com\/fr\/wp-json\/wp\/v2\/media?parent=13714"}],"wp:term":[{"taxonomy":"category","embeddable":true,"href":"https:\/\/www.europesays.com\/fr\/wp-json\/wp\/v2\/categories?post=13714"},{"taxonomy":"post_tag","embeddable":true,"href":"https:\/\/www.europesays.com\/fr\/wp-json\/wp\/v2\/tags?post=13714"}],"curies":[{"name":"wp","href":"https:\/\/api.w.org\/{rel}","templated":true}]}}