{"id":137157,"date":"2025-05-29T15:56:12","date_gmt":"2025-05-29T15:56:12","guid":{"rendered":"https:\/\/www.europesays.com\/fr\/137157\/"},"modified":"2025-05-29T15:56:12","modified_gmt":"2025-05-29T15:56:12","slug":"fusillade-a-marseille-un-homme-blesse-par-balle-dans-le-quartier-de-belsunce","status":"publish","type":"post","link":"https:\/\/www.europesays.com\/fr\/137157\/","title":{"rendered":"Fusillade \u00e0 Marseille\u00a0: un homme bless\u00e9 par balle dans le quartier de Belsunce"},"content":{"rendered":"<p>Une fusillade a \u00e9clat\u00e9, mercredi 28\u00a0mai 2025 au soir, dans le Ier\u00a0arrondissement de la cit\u00e9 phoc\u00e9enne (<a href=\"https:\/\/rennes.maville.com\/actu\/actudet_-proces-du-reseau-de-blanchiment-de-la-bande-du-petit-bar-de-tres-lourdes-peines-prononcees-_53546-6829175_actu.Htm\" target=\"_self\" rel=\"nofollow noopener\">Bouches-du-Rh\u00f4ne<\/a>), a appris  <a href=\"https:\/\/www.bfmtv.com\/marseille\/marseille-un-homme-blesse-par-balle-dans-le-quartier-de-belsunce_AN-202505290416.html\" target=\"_self\" rel=\"nofollow noopener\">BFM Marseille Provence<\/a> , aupr\u00e8s du procureur de la R\u00e9publique, confirmant une information de  <a href=\"https:\/\/www.laprovence.com\/article\/faits-divers-justice\/60312966925723\/marseille-une-fusillade-a-fait-un-blesse-mercredi-soir-a-belsunce\" target=\"_self\" rel=\"nofollow noopener\">La Provence<\/a> . Les tirs ont touch\u00e9 un homme au niveau des membres inf\u00e9rieurs.<\/p>\n<p>Selon nos confr\u00e8res, les faits ont eu lieu peu avant minuit, \u00e0 l\u2019angle de la rue des Petites Maries et de la rue Fare, dans le quartier paup\u00e9ris\u00e9 de Belsunce, connu pour abriter plusieurs trafics. Plusieurs tirs ont touch\u00e9 un homme de 38\u00a0ans au niveau des jambes. Transport\u00e9 \u00e0 l\u2019h\u00f4pital par les marins-pompiers de <a href=\"https:\/\/marseille.maville.com\/actu\/actudet_-marseille-il-facturait-de-faux-transports-sanitaires-un-ambulancier-condamne-a-de-la-prison-ferme-_53546-6829589_actu.Htm\" target=\"_self\" rel=\"nofollow noopener\">Marseille<\/a>, son pronostic vital n\u2019est pas engag\u00e9.<\/p>\n<p><strong>Lire aussi\u00a0:<\/strong> <a href=\"https:\/\/marseille.maville.com\/actu\/actudet_-marseille-30-ans-de-prison-pour-les-trois-auteurs-de-l-everest-meurtrier-du-narcotrafic-en-2016-_53546-6825993_actu.Htm?utm_source=fluxpublicactu&amp;utm_medium=fluxrss&amp;utm_campaign=banquedecontenu\" target=\"_self\" rel=\"nofollow noopener\">Marseille\u00a0: 30\u00a0ans de prison pour les trois auteurs de l\u2019\u00ab\u00a0Everest\u00a0\u00bb meurtrier du narcotrafic en 2016<\/a><\/p>\n<p>Quatre individus recherch\u00e9s<\/p>\n<p>Sur place, les forces de l\u2019ordre ont retrouv\u00e9 plusieurs \u00e9tuis de 7,65, indiquant que les tireurs ont utilis\u00e9 une arme de guerre de type kalachnikov.\u00a0Quatre personnes suspect\u00e9es d\u2019\u00eatre les auteurs des tirs sont activement recherch\u00e9es par les forces de l\u2019ordre.<\/p>\n<p>Cette nouvelle fusillade survient \u00e0 proximit\u00e9 de la rue Nationale o\u00f9 <a href=\"https:\/\/rennes.maville.com\/actu\/actudet_-un-homme-a-ete-tue-par-balles-dans-le-centre-de-marseille-un-suspect-a-ete-arrete-_53546-6819512_actu.Htm\" target=\"_self\" rel=\"nofollow noopener\">un jeune homme de 25\u00a0ans a \u00e9t\u00e9 tu\u00e9 par balle en pleine nuit<\/a> la semaine derni\u00e8re, apr\u00e8s une rixe qui avait \u00e9clat\u00e9 place Louise Michel.<\/p>\n<p>\u00a0<\/p>\n","protected":false},"excerpt":{"rendered":"Une fusillade a \u00e9clat\u00e9, mercredi 28\u00a0mai 2025 au soir, dans le Ier\u00a0arrondissement de la cit\u00e9 phoc\u00e9enne (Bouches-du-Rh\u00f4ne), a&hellip;\n","protected":false},"author":2,"featured_media":137158,"comment_status":"","ping_status":"","sticky":false,"template":"","format":"standard","meta":{"footnotes":""},"categories":[2814],"tags":[1111,11,6195,17039,3916,1777,674,1011,27,3832,4933,1781,884,12,882,5775,25],"class_list":{"0":"post-137157","1":"post","2":"type-post","3":"status-publish","4":"format-standard","5":"has-post-thumbnail","7":"category-marseille","8":"tag-actu","9":"tag-actualites","10":"tag-balle","11":"tag-belsunce","12":"tag-blesse","13":"tag-eu","14":"tag-europe","15":"tag-fr","16":"tag-france","17":"tag-fusillade","18":"tag-homme","19":"tag-lorient","20":"tag-marseille","21":"tag-news","22":"tag-provence-alpes-cote-dazur","23":"tag-quartier","24":"tag-republique-francaise"},"share_on_mastodon":{"url":"https:\/\/pubeurope.com\/@fr\/114591942773758084","error":""},"_links":{"self":[{"href":"https:\/\/www.europesays.com\/fr\/wp-json\/wp\/v2\/posts\/137157","targetHints":{"allow":["GET"]}}],"collection":[{"href":"https:\/\/www.europesays.com\/fr\/wp-json\/wp\/v2\/posts"}],"about":[{"href":"https:\/\/www.europesays.com\/fr\/wp-json\/wp\/v2\/types\/post"}],"author":[{"embeddable":true,"href":"https:\/\/www.europesays.com\/fr\/wp-json\/wp\/v2\/users\/2"}],"replies":[{"embeddable":true,"href":"https:\/\/www.europesays.com\/fr\/wp-json\/wp\/v2\/comments?post=137157"}],"version-history":[{"count":0,"href":"https:\/\/www.europesays.com\/fr\/wp-json\/wp\/v2\/posts\/137157\/revisions"}],"wp:featuredmedia":[{"embeddable":true,"href":"https:\/\/www.europesays.com\/fr\/wp-json\/wp\/v2\/media\/137158"}],"wp:attachment":[{"href":"https:\/\/www.europesays.com\/fr\/wp-json\/wp\/v2\/media?parent=137157"}],"wp:term":[{"taxonomy":"category","embeddable":true,"href":"https:\/\/www.europesays.com\/fr\/wp-json\/wp\/v2\/categories?post=137157"},{"taxonomy":"post_tag","embeddable":true,"href":"https:\/\/www.europesays.com\/fr\/wp-json\/wp\/v2\/tags?post=137157"}],"curies":[{"name":"wp","href":"https:\/\/api.w.org\/{rel}","templated":true}]}}