{"id":137163,"date":"2025-05-29T16:00:11","date_gmt":"2025-05-29T16:00:11","guid":{"rendered":"https:\/\/www.europesays.com\/fr\/137163\/"},"modified":"2025-05-29T16:00:11","modified_gmt":"2025-05-29T16:00:11","slug":"orages-forts-et-violents-avec-grele-samedi-et-dimanche-lile-de-france-concernee","status":"publish","type":"post","link":"https:\/\/www.europesays.com\/fr\/137163\/","title":{"rendered":"Orages \u00ab\u00a0forts\u00a0\u00bb et \u00ab\u00a0violents\u00a0\u00bb avec gr\u00eale samedi et dimanche, l\u2019\u00cele-de-France concern\u00e9e"},"content":{"rendered":"<p class=\"paragraph text_align_left\">La m\u00e9t\u00e9o du <a href=\"https:\/\/www.leparisien.fr\/economie\/jours-feries-et-ponts-en-2025-comment-poser-vos-conges-pour-profiter-de-plus-longues-vacances-31-12-2024-FUMRFNF4CRFVVNJSELSMBX75SU.php\" target=\"_blank\" rel=\"nofollow noopener\">week-end prolong\u00e9<\/a> de l\u2019Ascension a deux aspects. C\u00f4t\u00e9 pile, pour les journ\u00e9es de ce jeudi et de vendredi avec de fortes, voire <a href=\"https:\/\/www.leparisien.fr\/meteo\/30c-dans-le-sud-ce-jeudi-pic-de-chaleur-jusqua-35c-vendredi-de-fortes-chaleurs-dans-presque-tout-le-pays-29-05-2025-BUFOFGMSJZDQHIJPTRXTECR7UE.php\" target=\"_blank\" rel=\"noreferrer nofollow noopener\">tr\u00e8s fortes chaleurs<\/a>. C\u00f4t\u00e9 face, des <a href=\"https:\/\/www.leparisien.fr\/meteo\/orages-tout-savoir-sur-ce-phenomene-meteorologique-15-02-2024-SD2OPBTS5RGFPEKGDK2743323U.php\" target=\"_blank\" rel=\"noreferrer nofollow noopener\">orages<\/a> concerneront une large partie du pays samedi et dimanche. L\u2019air de provenance oc\u00e9anique entrera en collision avec celui nettement plus chaud qui trouve son origine au sud de l\u2019Europe et en Afrique du Nord.<\/p>\n<p class=\"paragraph text_align_left\">M\u00e9t\u00e9o France met ainsi en garde ce jeudi, dans le cadre de sa <a href=\"https:\/\/rpcache-aa.meteofrance.com\/internet2018client\/2.0\/report?domain=france&amp;report_type=vigilance&amp;report_subtype=jours%20suivants&amp;token=eyJ0eXAiOiJKV1QiLCJhbGciOiJIUzI1NiIsImV4cCI6MTc0ODUyODEwMn0.eyJqdGkiOiI5djBOQUpEeDgiLCJpYXQiOjE3NDg1MjgxMDJ9.s4F1wIDhEBxsJwE5ZN62v5_8gdKCXjXDdcLYZmd8uJg\" target=\"_blank\" rel=\"noreferrer nofollow noopener\">pr\u00e9vision des ph\u00e9nom\u00e8nes dangereux<\/a>, contre les intemp\u00e9ries qui vont toucher le pays pendant le week-end. Des orages \u00ab forts \u00bb et \u00ab violents \u00bb sont susceptibles de se produire.<\/p>\n<p class=\"paragraph text_align_left\">L\u2019organisme m\u00e9t\u00e9orologique pr\u00e9vient qu\u2019une \u00ab d\u00e9gradation orageuse s\u2019op\u00e8re du Massif central en direction du quart nord-est \u00bb samedi. \u00ab Les orages concernent essentiellement le relief, mais peuvent gagner la plaine, notamment entre le Bassin parisien et les fronti\u00e8res du Nord \u00bb. Ils risquent alors d\u2019\u00eatre \u00ab plus forts \u00bb qu\u2019en montagne, \u00ab avec de la gr\u00eale \u00bb. Ils pourraient alors constituer \u00ab un ph\u00e9nom\u00e8ne dangereux \u00bb. Cette carte montre la probabilit\u00e9 que le ph\u00e9nom\u00e8ne survienne. Elle augmente en allant vers les Hauts-de-France.<\/p>\n<p><img decoding=\"async\" class=\"image \" loading=\"lazy\" src=\"https:\/\/www.europesays.com\/fr\/wp-content\/uploads\/2025\/05\/2YGGFSLLOVHPPCA4ANOUFAOSQE.JPG\" alt=\"M\u00e9t\u00e9o France\" align=\"\" data-rubrique-principale=\"\" data-article-type=\"\" fetchpriority=\"auto\"\/>M\u00e9t\u00e9o France<\/p>\n<p class=\"paragraph text_align_left\"><a href=\"https:\/\/www.keraunos.org\/previsions\/prevision-orage-grele-vent-demain-apres-demain-france-risque-meteo\" target=\"_blank\" rel=\"noreferrer nofollow noopener\">Keraunos<\/a>, l\u2019observatoire fran\u00e7ais des tornades et orages violents, pr\u00e9cise que la chaleur accumul\u00e9e dans les jours pr\u00e9c\u00e9dents jouera un r\u00f4le. \u00ab Les forts apports en humidit\u00e9 et en chaleur dans les basses couches accentueront l\u2019instabilit\u00e9. \u00bb<\/p>\n<p class=\"paragraph text_align_left\">Dimanche, les orages devraient se d\u00e9caler un peu vers l\u2019est du pays. M\u00e9t\u00e9o France anticipe des cellules orageuses \u00ab plus organis\u00e9es \u00bb que la veille. Du Sud-Ouest au Nord-Est, \u00ab des orages parfois violents se produiront \u00bb. Keraunos estime pour sa part que l\u2019apport en \u00e9nergie sera \u00ab orient\u00e9 \u00e0 la hausse \u00bb par rapport \u00e0 samedi.<\/p>\n<p><img decoding=\"async\" class=\"image \" loading=\"lazy\" src=\"https:\/\/www.europesays.com\/fr\/wp-content\/uploads\/2025\/05\/556JNIR73BEE7ERACA3ALF6HGA.JPG\" alt=\"M\u00e9t\u00e9o France\" align=\"\" data-rubrique-principale=\"\" data-article-type=\"\" fetchpriority=\"auto\"\/>M\u00e9t\u00e9o France<\/p>\n<p class=\"paragraph text_align_left\">Alors que vendredi des temp\u00e9ratures tr\u00e8s largement au-dessus des <a href=\"https:\/\/meteofrance.com\/climat\/normales\/france\" target=\"_blank\" rel=\"noreferrer nofollow noopener\">normales de saison<\/a> sont attendues dans une vaste partie du pays, avec des records de chaleur possibles dans le Sud-Ouest pour une fin mai, la s\u00e9quence orageuse va faire chuter le thermom\u00e8tre. Les maximales perdront une dizaine de degr\u00e9s, localement un peu plus entre vendredi et dimanche. Elles retrouveront alors leur niveau de saison.<\/p>\n","protected":false},"excerpt":{"rendered":"La m\u00e9t\u00e9o du week-end prolong\u00e9 de l\u2019Ascension a deux aspects. C\u00f4t\u00e9 pile, pour les journ\u00e9es de ce jeudi&hellip;\n","protected":false},"author":2,"featured_media":72086,"comment_status":"","ping_status":"","sticky":false,"template":"","format":"standard","meta":{"footnotes":""},"categories":[1592],"tags":[1111,11,1777,674,1011,27,662,2487,12,626,25],"class_list":{"0":"post-137163","1":"post","2":"type-post","3":"status-publish","4":"format-standard","5":"has-post-thumbnail","7":"category-ile-de-france","8":"tag-actu","9":"tag-actualites","10":"tag-eu","11":"tag-europe","12":"tag-fr","13":"tag-france","14":"tag-ile-de-france","15":"tag-meteo","16":"tag-news","17":"tag-paris","18":"tag-republique-francaise"},"share_on_mastodon":{"url":"https:\/\/pubeurope.com\/@fr\/114591958620111255","error":""},"_links":{"self":[{"href":"https:\/\/www.europesays.com\/fr\/wp-json\/wp\/v2\/posts\/137163","targetHints":{"allow":["GET"]}}],"collection":[{"href":"https:\/\/www.europesays.com\/fr\/wp-json\/wp\/v2\/posts"}],"about":[{"href":"https:\/\/www.europesays.com\/fr\/wp-json\/wp\/v2\/types\/post"}],"author":[{"embeddable":true,"href":"https:\/\/www.europesays.com\/fr\/wp-json\/wp\/v2\/users\/2"}],"replies":[{"embeddable":true,"href":"https:\/\/www.europesays.com\/fr\/wp-json\/wp\/v2\/comments?post=137163"}],"version-history":[{"count":0,"href":"https:\/\/www.europesays.com\/fr\/wp-json\/wp\/v2\/posts\/137163\/revisions"}],"wp:featuredmedia":[{"embeddable":true,"href":"https:\/\/www.europesays.com\/fr\/wp-json\/wp\/v2\/media\/72086"}],"wp:attachment":[{"href":"https:\/\/www.europesays.com\/fr\/wp-json\/wp\/v2\/media?parent=137163"}],"wp:term":[{"taxonomy":"category","embeddable":true,"href":"https:\/\/www.europesays.com\/fr\/wp-json\/wp\/v2\/categories?post=137163"},{"taxonomy":"post_tag","embeddable":true,"href":"https:\/\/www.europesays.com\/fr\/wp-json\/wp\/v2\/tags?post=137163"}],"curies":[{"name":"wp","href":"https:\/\/api.w.org\/{rel}","templated":true}]}}