{"id":137164,"date":"2025-05-29T16:01:09","date_gmt":"2025-05-29T16:01:09","guid":{"rendered":"https:\/\/www.europesays.com\/fr\/137164\/"},"modified":"2025-05-29T16:01:09","modified_gmt":"2025-05-29T16:01:09","slug":"des-mesures-demandees-pour-preserver-ce-petit-patrimoine","status":"publish","type":"post","link":"https:\/\/www.europesays.com\/fr\/137164\/","title":{"rendered":"des mesures demand\u00e9es pour pr\u00e9server ce \u00ab\u00a0petit patrimoine\u00a0\u00bb"},"content":{"rendered":"<p>            Par<br \/>\n        <strong><br \/>\n            <a href=\"https:\/\/actu.fr\/auteur\/emilie-salabelle\" title=\"Consulter tous les articles de Emilie Salabelle\" rel=\"nofollow noopener\" target=\"_blank\">Emilie Salabelle<\/a><br \/>\n        <\/strong><\/p>\n<p>        Publi\u00e9 le<\/p>\n<p>            29 mai 2025 \u00e0 16h56        <\/p>\n<p>Le constat avait encore \u00e9t\u00e9 <a href=\"https:\/\/actu.fr\/ile-de-france\/paris_75056\/paris-ca-montre-l-ampleur-du-probleme-des-plaques-de-rue-volatilisees-revendues-a-prix-d-or-sur-leboncoin_62633454.html\" rel=\"nofollow noopener\" target=\"_blank\">fait r\u00e9cemment par un Parisien z\u00e9l\u00e9<\/a>\u2009: les fameuses <strong>plaques<\/strong> bleues bord\u00e9es d\u2019un liser\u00e9 vert qui indiquent le <a href=\"https:\/\/actu.fr\/ile-de-france\/paris_75056\/insolite-ces-rues-de-paris-qui-n-ont-pas-de-nom_51818830.html\" rel=\"nofollow noopener\" target=\"_blank\">nom des rues<\/a> ont une f\u00e2cheuse <strong>tendance \u00e0<\/strong> <strong>dispara\u00eetre<\/strong> dans la capitale. Pris\u00e9es pour leur design iconique, on en retrouve m\u00eame r\u00e9guli\u00e8rement en vente sur des plateformes de revente en ligne comme <a href=\"https:\/\/actu.fr\/tag\/le-bon-coin\" rel=\"nofollow noopener\" target=\"_blank\">Leboncoin<\/a>, \u00e0 des tarifs parfois exorbitants. Si la municipalit\u00e9 <a href=\"https:\/\/actu.fr\/ile-de-france\/paris_75056\/paris-lance-un-concours-pour-recenser-les-plaques-de-rues-abimees-ou-manquantes_60485827.html\" rel=\"nofollow noopener\" target=\"_blank\">s\u2019\u00e9tait attaqu\u00e9e au probl\u00e8me<\/a> en amont des JO, les efforts ne sont pas suffisants, estime Maud Gatel, pr\u00e9sidente du groupe Modem et ind\u00e9pendants. Elle a d\u00e9pos\u00e9 un v\u0153u pour demander de nouvelles mesures de protection de \u00ab\u2009ce <a href=\"https:\/\/actu.fr\/ile-de-france\/paris_75056\/deterioree-par-le-passage-des-livreurs-une-mosaique-historique-a-l-entree-d-un-franprix-de-paris-en-peril_62465620.html\" rel=\"nofollow noopener\" target=\"_blank\">petit patrimoine parisien<\/a>\u2009\u00bb au prochain Conseil de Paris, qui se tiendra du mardi\u00a03 au vendredi 6\u00a0juin 2025.<\/p>\n<p>Lutter contre la vente en ligne de plaques vol\u00e9es<\/p>\n<p class=\" wall-content\">En d\u00e9cembre\u00a02023, la Mairie avait lanc\u00e9, sous la forme d\u2019un concours, un <strong>recensement participatif<\/strong> pour localiser les fa\u00e7ades parisiennes d\u00e9pourvues de leurs plaques. L\u2019op\u00e9ration avait permis de recueillir<strong> 1\u2009821 signalements<\/strong>, dont 1\u2009200 jug\u00e9s recevables, et avait nettement acc\u00e9l\u00e9r\u00e9 les d\u00e9marches de remplacement\u2009: 900 \u00e9criteaux avaient \u00e9t\u00e9 remplac\u00e9s, soit bien plus que les 200 plaques habituellement r\u00e9install\u00e9es chaque ann\u00e9e par la Ville.<\/p>\n<p class=\" wall-content\">Mais les efforts restent insuffisants, souligne la conseill\u00e8re Modem de Paris, qui note que pr\u00e8s de 300 plaques sont encore \u00e0 poser. L\u2019\u00e9lue centriste demande donc \u00e0 la Ville de s\u2019engager \u00e0 \u00ab\u2009remplacer les plaques de rue manquante dans les plus brefs d\u00e9lais\u2009\u00bb, mais aussi \u00e0 \u00ab\u2009d\u00e9poser plainte syst\u00e9matiquement lorsqu\u2019un vol de plaque de rue est constat\u00e9\u2009\u00bb.<\/p>\n<p class=\" wall-content\">\u00ab\u2009On demande \u00e9galement la mise en place d\u2019un <strong>num\u00e9ro d\u2019identification unique<\/strong> sur chaque nouvelle plaque, puisqu\u2019on constate que certaines font l\u2019objet de commerce en ligne\u2009\u00bb, rappelle l\u2019\u00e9lue lors d\u2019un point avec la presse mercredi 28\u00a0mai 2025. Ce syst\u00e8me pourrait ensuite permettre un meilleur contr\u00f4le des ventes sur les plateformes en ligne type Leboncoin, eBay, Rakuten, Vinted.<\/p>\n<p class=\" wall-content\">Sur le volet de la pr\u00e9vention, la chef de file Modem propose de \u00ab\u2009lancer une<strong> campagne de communication<\/strong> sur les panneaux municipaux sensibilisant les Parisiens aux achats de plaques de rues vol\u00e9es sur les sites de revente\u2009\u00bb.<\/p>\n<p>Vid\u00e9os : en ce moment sur Actu<\/p>\n<p class=\" wall-content\">Suivez toute l\u2019actualit\u00e9 de vos villes et m\u00e9dias favoris en vous inscrivant \u00e0 <a href=\"https:\/\/moncompte.actu.fr\" title=\"D\u00e9couvez Mon Actu\" rel=\"nofollow noopener\" data-trk=\"{&quot;cta&quot;:{&quot;action&quot;:&quot;https:\\\/\\\/moncompte.actu.fr&quot;,&quot;category&quot;:&quot;mon compte&quot;,&quot;from&quot;:&quot;article footer&quot;,&quot;name&quot;:&quot;Mon actu&quot;,&quot;type&quot;:&quot;cta&quot;}}\" target=\"_blank\">Mon Actu<\/a>.<\/p>\n","protected":false},"excerpt":{"rendered":"Par Emilie Salabelle Publi\u00e9 le 29 mai 2025 \u00e0 16h56 Le constat avait encore \u00e9t\u00e9 fait r\u00e9cemment par&hellip;\n","protected":false},"author":2,"featured_media":137165,"comment_status":"","ping_status":"","sticky":false,"template":"","format":"standard","meta":{"footnotes":""},"categories":[1888],"tags":[1111,1928,11,1927,2617,1777,674,1011,27,2381,12,1926,626,1925,2551,25,104],"class_list":{"0":"post-137164","1":"post","2":"type-post","3":"status-publish","4":"format-standard","5":"has-post-thumbnail","7":"category-paris","8":"tag-actu","9":"tag-actu-paris","10":"tag-actualites","11":"tag-actualites-paris","12":"tag-conseil-de-paris","13":"tag-eu","14":"tag-europe","15":"tag-fr","16":"tag-france","17":"tag-mairie-de-paris","18":"tag-news","19":"tag-news-paris","20":"tag-paris","21":"tag-paris-news","22":"tag-patrimoine","23":"tag-republique-francaise","24":"tag-societe"},"share_on_mastodon":{"url":"https:\/\/pubeurope.com\/@fr\/114591962512544831","error":""},"_links":{"self":[{"href":"https:\/\/www.europesays.com\/fr\/wp-json\/wp\/v2\/posts\/137164","targetHints":{"allow":["GET"]}}],"collection":[{"href":"https:\/\/www.europesays.com\/fr\/wp-json\/wp\/v2\/posts"}],"about":[{"href":"https:\/\/www.europesays.com\/fr\/wp-json\/wp\/v2\/types\/post"}],"author":[{"embeddable":true,"href":"https:\/\/www.europesays.com\/fr\/wp-json\/wp\/v2\/users\/2"}],"replies":[{"embeddable":true,"href":"https:\/\/www.europesays.com\/fr\/wp-json\/wp\/v2\/comments?post=137164"}],"version-history":[{"count":0,"href":"https:\/\/www.europesays.com\/fr\/wp-json\/wp\/v2\/posts\/137164\/revisions"}],"wp:featuredmedia":[{"embeddable":true,"href":"https:\/\/www.europesays.com\/fr\/wp-json\/wp\/v2\/media\/137165"}],"wp:attachment":[{"href":"https:\/\/www.europesays.com\/fr\/wp-json\/wp\/v2\/media?parent=137164"}],"wp:term":[{"taxonomy":"category","embeddable":true,"href":"https:\/\/www.europesays.com\/fr\/wp-json\/wp\/v2\/categories?post=137164"},{"taxonomy":"post_tag","embeddable":true,"href":"https:\/\/www.europesays.com\/fr\/wp-json\/wp\/v2\/tags?post=137164"}],"curies":[{"name":"wp","href":"https:\/\/api.w.org\/{rel}","templated":true}]}}