{"id":137202,"date":"2025-05-29T16:24:09","date_gmt":"2025-05-29T16:24:09","guid":{"rendered":"https:\/\/www.europesays.com\/fr\/137202\/"},"modified":"2025-05-29T16:24:09","modified_gmt":"2025-05-29T16:24:09","slug":"naissance-de-la-fille-dune-star-de-la-chaine-annoncee-en","status":"publish","type":"post","link":"https:\/\/www.europesays.com\/fr\/137202\/","title":{"rendered":"naissance de la fille d\u2019une star de la cha\u00eene annonc\u00e9e en &#8230;"},"content":{"rendered":"<p class=\"tls__ed-content__exc\">Un c\u00e9l\u00e8bre journaliste de BFMTV est<br \/>\ndevneu papa our la premi\u00e8re fois. Le 28 mai, ses coll\u00e8gues ont<br \/>\npartag\u00e9 l\u00a0\u00bbannonce en direct. Une s\u00e9quence touchante qui a fait<br \/>\nfondre les t\u00e9l\u00e9spectateurs<\/p>\n<p>EN BREF<\/p>\n<ul class=\"bloc_resume_post_list\">\n<li>Le pr\u00e9sentateur m\u00e9t\u00e9o de BFMTV Marc Hay est devenu papa<br \/>\npour la premi\u00e8re fois le 26 mai<\/li>\n<li>La nouvelle a \u00e9t\u00e9 annonc\u00e9e en direct \u00e0 l\u2019antenne dans<br \/>\nl\u2019\u00e9mission Premi\u00e8re \u00e9dition par ses coll\u00e8gues<\/li>\n<li>Tr\u00e8s \u00e9mu, Marc Hay a partag\u00e9 la naissance de sa fille<br \/>\nGiulia sur ses r\u00e9seaux sociaux avec une photo pleine de<br \/>\ntendresse<\/li>\n<\/ul>\n<p>Pour beaucoup de parents, la naissance de leur enfant fait<br \/>\npartie des plus beaux jours de leurs vies. Pour annoncer l\u2019heureuse<br \/>\nnouvelle, certains ont des m\u00e9thodes assez originales. Mais la<br \/>\nplupart du temps, ils se contentent d\u2019envoyer une photo de leur<br \/>\nb\u00e9b\u00e9 \u00e0 leurs proches, accompagn\u00e9e d\u2019un petit message.<\/p>\n<p>Lorsque l\u2019on est une personnalit\u00e9 publique, cette annonce peut<br \/>\nprendre une autre dimension. Certains choisissent de faire part de<br \/>\nla nouvelle et d&rsquo;autres de la garder priv\u00e9e. Et mercredi 28 mai,<br \/>\nles t\u00e9l\u00e9spectateurs <a href=\"https:\/\/www.telestar.fr\/actu_tv\/bfmtv-bonne-pioche-pour-la-chaine-elle-recrute-un-ex-proche-dapolline-de-malherbe-et-de-david-pujadas-1720813\" rel=\"nofollow noopener\" target=\"_blank\"><br \/>\nde BFMTV<\/a> ont eu u<strong>ne tr\u00e8s bonne surprise<\/strong><br \/>\nconcernant une des stars de la cha\u00eene.<\/p>\n<p>Un journaliste de BFMTV est devenu papa<\/p>\n<p>Carnet rose ! Apr\u00e8s avoir annonc\u00e9 qu\u2019il allait \u00eatre papa en<br \/>\nd\u00e9cembre, <a href=\"https:\/\/www.telestar.fr\/actu-tv\/canicule-en-france-marc-hay-journaliste-meteo-de-bfmtv-pousse-un-etonnant-coup-de-gueule-en-direct-video-750694\" rel=\"nofollow noopener\" target=\"_blank\"><br \/>\nle journaliste m\u00e9t\u00e9o Marc Hay<\/a> peut maintenant serrer son enfant<br \/>\ndans ses bras. Il disait avoir \u201ch\u00e2te d\u2019\u00eatre en juin\u201d. C\u2019est donc<br \/>\navec quelques jours d\u2019avance que sa petite fille a vu le jour. Et<br \/>\nses coll\u00e8gues de BFMTV ont annonc\u00e9 la nouvelle en direct le 28 mai,<br \/>\naux alentours de 6h du matin : \u201cVous savez que \u2018Premi\u00e8re<br \/>\n\u00e9dition\u2019 est une petite famille. <strong>Et notre petite famille<br \/>\ns\u2019est agrandie de 52 cm hier et 3,3 kilos<br \/>\nexactement<\/strong>\u201d, a commenc\u00e9 <a href=\"https:\/\/www.telestar.fr\/actu_tv\/bonjour-bientot-un-duo-a-la-tete-de-lemission-de-tf1-bruce-toussaint-dit-tout-1703474\" rel=\"nofollow noopener\" target=\"_blank\"><br \/>\nAdeline Fran\u00e7ois.<\/a><\/p>\n<p>Elle a aussi d\u00e9voil\u00e9 le pr\u00e9nom de la petite fille de son<br \/>\ncoll\u00e8gue et visiblement, elle \u00e9tait assez \u00e9mue : \u201cOn souhaite<br \/>\nla bienvenue dans ce monde \u00e0 <strong>Giulia Hay<\/strong>, qui est<br \/>\nn\u00e9e il y a plus de 24h et qui fait d\u00e9j\u00e0 la pluie et le beau temps<br \/>\ndans la vie de <strong>Marc Hay.<\/strong> On est tous devenus<br \/>\ntonton et tata hier, et on est tr\u00e8s heureux pour lui. On a h\u00e2te de<br \/>\nla voir la petite Giulia\u201d, conclut l\u2019animatrice. Ses coll\u00e8gues<br \/>\nlui ont \u00e9galement tous adress\u00e9 un petit message au pr\u00e9sentateur<br \/>\nm\u00e9t\u00e9o.<\/p>\n<p>Marc Hay \u00e9mu face au message de ses<br \/>\ncoll\u00e8gues sur BFMTV<\/p>\n<p>Visiblement, le jeune p\u00e8re de famille a \u00e9t\u00e9 tr\u00e8s touch\u00e9 par ces<br \/>\nmessages. Il a d\u2019ailleurs partag\u00e9 la s\u00e9quence vid\u00e9o sur son compte<br \/>\nX en \u00e9crivant : \u201cMerci pour cette si belle attention !<br \/>\n<strong>La petite Giulia est n\u00e9e il y a deux jours, le 26 mai \u00e0<br \/>\n4h57 et son papa est plus qu\u2019heureux,<\/strong> malgr\u00e9 des nuits<br \/>\nd\u00e9j\u00e0 tr\u00e8s courtes. Je serai de retour sur BFMTV dans quelques<br \/>\nsemaines. Je vous embrasse.\u201d<\/p>\n<p>Il a aussi publi\u00e9 une photo sur son compte Instagram. Il s\u2019agit<br \/>\nd\u2019un clich\u00e9 en noir et blanc, sur lequel il fait un bisou sur la<br \/>\nt\u00eate de sa petite fille. Le journaliste semble plus heureux que<br \/>\njamais.<\/p>\n","protected":false},"excerpt":{"rendered":"Un c\u00e9l\u00e8bre journaliste de BFMTV est devneu papa our la premi\u00e8re fois. Le 28 mai, ses coll\u00e8gues ont&hellip;\n","protected":false},"author":2,"featured_media":137203,"comment_status":"","ping_status":"","sticky":false,"template":"","format":"standard","meta":{"footnotes":""},"categories":[1359],"tags":[548,10943,58,59,1011,27,198,973],"class_list":{"0":"post-137202","1":"post","2":"type-post","3":"status-publish","4":"format-standard","5":"has-post-thumbnail","7":"category-people","8":"tag-article-simple","9":"tag-bfm-tv","10":"tag-divertissement","11":"tag-entertainment","12":"tag-fr","13":"tag-france","14":"tag-naissance","15":"tag-people"},"share_on_mastodon":{"url":"https:\/\/pubeurope.com\/@fr\/114592053057835291","error":""},"_links":{"self":[{"href":"https:\/\/www.europesays.com\/fr\/wp-json\/wp\/v2\/posts\/137202","targetHints":{"allow":["GET"]}}],"collection":[{"href":"https:\/\/www.europesays.com\/fr\/wp-json\/wp\/v2\/posts"}],"about":[{"href":"https:\/\/www.europesays.com\/fr\/wp-json\/wp\/v2\/types\/post"}],"author":[{"embeddable":true,"href":"https:\/\/www.europesays.com\/fr\/wp-json\/wp\/v2\/users\/2"}],"replies":[{"embeddable":true,"href":"https:\/\/www.europesays.com\/fr\/wp-json\/wp\/v2\/comments?post=137202"}],"version-history":[{"count":0,"href":"https:\/\/www.europesays.com\/fr\/wp-json\/wp\/v2\/posts\/137202\/revisions"}],"wp:featuredmedia":[{"embeddable":true,"href":"https:\/\/www.europesays.com\/fr\/wp-json\/wp\/v2\/media\/137203"}],"wp:attachment":[{"href":"https:\/\/www.europesays.com\/fr\/wp-json\/wp\/v2\/media?parent=137202"}],"wp:term":[{"taxonomy":"category","embeddable":true,"href":"https:\/\/www.europesays.com\/fr\/wp-json\/wp\/v2\/categories?post=137202"},{"taxonomy":"post_tag","embeddable":true,"href":"https:\/\/www.europesays.com\/fr\/wp-json\/wp\/v2\/tags?post=137202"}],"curies":[{"name":"wp","href":"https:\/\/api.w.org\/{rel}","templated":true}]}}