{"id":137204,"date":"2025-05-29T16:25:13","date_gmt":"2025-05-29T16:25:13","guid":{"rendered":"https:\/\/www.europesays.com\/fr\/137204\/"},"modified":"2025-05-29T16:25:13","modified_gmt":"2025-05-29T16:25:13","slug":"la-villa-araba-un-exemple-extraordinaire-darchitecture-moderniste-est-a-vendre-en-italie","status":"publish","type":"post","link":"https:\/\/www.europesays.com\/fr\/137204\/","title":{"rendered":"La Villa Araba, un exemple extraordinaire d&rsquo;architecture moderniste, est \u00e0 vendre en Italie"},"content":{"rendered":"<p><strong>La Villa Araba est un exemple d&rsquo;architecture moderniste \u00e0 Varazze, une r\u00e9sidence con\u00e7ue par Barry Dierks en 1925.<\/strong><\/p>\n<p>La Villa Araba \u00e0 Varazze est plus qu\u2019une simple demeure, c&rsquo;est un symbole d&rsquo;architecture et de beaut\u00e9 reconnu par la communaut\u00e9 locale et par <a href=\"https:\/\/www.admagazine.fr\/article\/nouveaux-sites-patrimoine-mondial-unesco\" target=\"_blank\" rel=\"noopener\">l&rsquo;UNESCO<\/a>, car elle est situ\u00e9e au c\u0153ur du G\u00e9oparc de Beigua, le plus grand parc naturel de Ligurie. Cette luxueuse r\u00e9sidence, dont la vente est organis\u00e9e par Italy Sotheby&rsquo;s International Realty, a \u00e9t\u00e9 con\u00e7ue en 1925 par Barry Dierks, un architecte am\u00e9ricain r\u00e9put\u00e9 pour ses projets modernistes, notamment sur la <a href=\"https:\/\/www.admagazine.fr\/article\/maisons-a-vendre-cote-dazur\" target=\"_blank\" rel=\"noopener\">C\u00f4te d&rsquo;Azur<\/a>. La villa a ensuite \u00e9t\u00e9 construite en 1927 sur la Punta della Mola, un promontoire rocheux situ\u00e9 au d\u00e9but du Lungomare Europa \u00e0 Varazze. En 1150, la R\u00e9publique de G\u00eanes construisait la Torre della Mola sur la pointe de ce rocher.<\/p>\n<p>La Villa Araba a \u00e9t\u00e9 con\u00e7ue en 1925 par Barry Dierks, architecte am\u00e9ricain r\u00e9put\u00e9 pour ses projets modernistes, notamment sur la C\u00f4te d&rsquo;Azur, puis construite en 1927 sur la Punta della Mola, promontoire rocheux de Varazze.<\/p>\n<p>Italy Sotheby&rsquo;s International RealtyUn parfait d\u00e9cor de cin\u00e9ma<\/p>\n<p>La tour s&rsquo;est ensuite effondr\u00e9e au XIXe si\u00e8cle et a \u00e9t\u00e9 remplac\u00e9e en 1927 par cet extraordinaire domaine priv\u00e9 qui a h\u00e9rit\u00e9 de la m\u00eame vue panoramique. Pendant la Seconde Guerre mondiale, la <a href=\"https:\/\/www.admagazine.fr\/article\/maison-flanc-de-falaise-au-dessus-pacifique\" target=\"_blank\" rel=\"noopener\">falaise<\/a> fut \u00e0 nouveau utilis\u00e9e comme poste de guet, comme en t\u00e9moigne aujourd&rsquo;hui la pr\u00e9sence d&rsquo;un blockhaus camoufl\u00e9 dans la pierre. Situ\u00e9e entre les rochers et entour\u00e9e d&rsquo;un parc priv\u00e9 de 3 400 m\u00e8tres carr\u00e9s, la Villa Araba a \u00e9galement servi de d\u00e9cor au film Cosimo e Nicole (2012), r\u00e9alis\u00e9 par Francesco Amato et interpr\u00e9t\u00e9 par Riccardo Scamarcio et Clara Ponsot. Le tournage a eu lieu en 2011, et la plage pittoresque au pied de la villa a \u00e9t\u00e9 l&rsquo;un des principaux d\u00e9cors du film.<\/p>\n<p>Vue du haut de la Villa Araba, o\u00f9 a \u00e9t\u00e9 tourn\u00e9 le film Cosimo e Nicole (2012), r\u00e9alis\u00e9 par Francesco Amato et interpr\u00e9t\u00e9 par Riccardo Scamarcio et Clara Ponsot.<\/p>\n<p>Italy Sotheby&rsquo;s International RealtyLa Villa Araba, toute en arcs et en courbes<\/p>\n<p>La Villa Araba compte trois \u00e9tages et est compl\u00e9t\u00e9e par deux annexes et un studio, pour un total de 750 m\u00e8tres carr\u00e9s. \u00c0 l&rsquo;ext\u00e9rieur, on trouve trois incroyables piscines panoramiques, creus\u00e9es dans la roche naturelle et aliment\u00e9es par l&rsquo;eau de mer. En traversant le jardin, on acc\u00e8de \u00e0 la falaise par un pont en bois, o\u00f9 se trouvent le fort et une baie priv\u00e9e avec entrep\u00f4t pour les bateaux. La propri\u00e9t\u00e9 priv\u00e9e de la falaise et du terrain face \u00e0 la mer n&rsquo;est pas en concession d&rsquo;\u00c9tat, ce qui rend la vente encore plus exclusive. Caract\u00e9ris\u00e9e par de hautes arches blanches et une grande loggia, cette splendide villa a un style architectural qui s&rsquo;exprime dans l&rsquo;\u00e9quilibre entre essentialit\u00e9 et grandeur, avec des plans clairs, des lignes droites qui s&rsquo;\u00e9tendent \u00e0 l&rsquo;infini, et une savante combinaison d&rsquo;arches et de courbes. Sa sinuosit\u00e9 architecturale s&rsquo;int\u00e8gre harmonieusement dans son environnement, comme si elle \u00e9tait naturellement pos\u00e9e entre rochers et promontoire.<\/p>\n","protected":false},"excerpt":{"rendered":"La Villa Araba est un exemple d&rsquo;architecture moderniste \u00e0 Varazze, une r\u00e9sidence con\u00e7ue par Barry Dierks en 1925.&hellip;\n","protected":false},"author":2,"featured_media":137205,"comment_status":"","ping_status":"","sticky":false,"template":"","format":"standard","meta":{"footnotes":""},"categories":[1358],"tags":[1348,1384,1385,1386,58,59,1011,27,452,1965],"class_list":{"0":"post-137204","1":"post","2":"type-post","3":"status-publish","4":"format-standard","5":"has-post-thumbnail","7":"category-arts-et-design","8":"tag-arts","9":"tag-arts-and-design","10":"tag-arts-et-design","11":"tag-design","12":"tag-divertissement","13":"tag-entertainment","14":"tag-fr","15":"tag-france","16":"tag-italie","17":"tag-maisons-a-vendre"},"share_on_mastodon":{"url":"https:\/\/pubeurope.com\/@fr\/114592056945893777","error":""},"_links":{"self":[{"href":"https:\/\/www.europesays.com\/fr\/wp-json\/wp\/v2\/posts\/137204","targetHints":{"allow":["GET"]}}],"collection":[{"href":"https:\/\/www.europesays.com\/fr\/wp-json\/wp\/v2\/posts"}],"about":[{"href":"https:\/\/www.europesays.com\/fr\/wp-json\/wp\/v2\/types\/post"}],"author":[{"embeddable":true,"href":"https:\/\/www.europesays.com\/fr\/wp-json\/wp\/v2\/users\/2"}],"replies":[{"embeddable":true,"href":"https:\/\/www.europesays.com\/fr\/wp-json\/wp\/v2\/comments?post=137204"}],"version-history":[{"count":0,"href":"https:\/\/www.europesays.com\/fr\/wp-json\/wp\/v2\/posts\/137204\/revisions"}],"wp:featuredmedia":[{"embeddable":true,"href":"https:\/\/www.europesays.com\/fr\/wp-json\/wp\/v2\/media\/137205"}],"wp:attachment":[{"href":"https:\/\/www.europesays.com\/fr\/wp-json\/wp\/v2\/media?parent=137204"}],"wp:term":[{"taxonomy":"category","embeddable":true,"href":"https:\/\/www.europesays.com\/fr\/wp-json\/wp\/v2\/categories?post=137204"},{"taxonomy":"post_tag","embeddable":true,"href":"https:\/\/www.europesays.com\/fr\/wp-json\/wp\/v2\/tags?post=137204"}],"curies":[{"name":"wp","href":"https:\/\/api.w.org\/{rel}","templated":true}]}}