{"id":137234,"date":"2025-05-29T16:41:16","date_gmt":"2025-05-29T16:41:16","guid":{"rendered":"https:\/\/www.europesays.com\/fr\/137234\/"},"modified":"2025-05-29T16:41:16","modified_gmt":"2025-05-29T16:41:16","slug":"les-pompiers-la-repechent-et-la-reaniment","status":"publish","type":"post","link":"https:\/\/www.europesays.com\/fr\/137234\/","title":{"rendered":"les pompiers la rep\u00eachent et la r\u00e9animent"},"content":{"rendered":"<p>\u00ab\u00a0Elle a risqu\u00e9 sa vie pour 300\u00a0\u20ac, le prix d\u2019une trottinette\u00a0\u00bb, constatent, sid\u00e9r\u00e9s, Micka\u00ebl Pique et Alexandre Bastianelli. Ces deux p\u00eacheurs nanc\u00e9iens ont encore du mal \u00e0 croire \u00e0 la sc\u00e8ne \u00e0 laquelle ils ont assist\u00e9 ce jeudi 29 mai, en d\u00e9but d\u2019apr\u00e8s-midi.<\/p>\n<p>Les deux amis avaient plant\u00e9 leurs cannes \u00e0 p\u00eache le long du canal, au pied d\u2019un pont, tout pr\u00e8s du boulevard Lobau. Ils ont vu un couple passer sur le chemin derri\u00e8re eux, chacun sur une trottinette. La femme est pass\u00e9e d\u2019un c\u00f4t\u00e9 d\u2019un pilier du pont qui enjambe le canal et l\u2019homme de l\u2019autre. Mais ce dernier a rat\u00e9 une sorte de virage<\/p>\n<p>\u00ab\u00a0Il est tomb\u00e9 dans l\u2019eau avec sa <a href=\"https:\/\/www.estrepublicain.fr\/transport\/2024\/03\/31\/trottinettes-electriques-a-nancy-le-port-du-casque-est-il-obligatoire\" target=\"_blank\" rel=\"noopener\">trottinette<\/a>. Il a r\u00e9ussi \u00e0 sortir gr\u00e2ce \u00e0 un passant qui l\u2019a aid\u00e9 \u00e0 se hisser sur la berge\u00a0\u00bb, raconte l\u2019un des p\u00eacheurs. La compagne de l\u2019homme tomb\u00e9 dans le canal s\u2019est vite rendu compte qu\u2019il ne la suivait plus et elle est revenue sur ses pas.<\/p>\n<p>  En arr\u00eat cardio-respiratoire<\/p>\n<p>\u00ab\u00a0Lorsqu\u2019elle est arriv\u00e9e, elle s\u2019est d\u00e9shabill\u00e9e puis s\u2019est jet\u00e9e \u00e0 l\u2019eau pour r\u00e9cup\u00e9rer la trottinette. Elle a plong\u00e9 et elle est remont\u00e9e \u00e0 la surface \u00e0 plusieurs reprises. \u00c0 un moment donn\u00e9, nous avons vu un morceau de trottinette \u00e9merg\u00e9 de l\u2019eau. Puis elle a coul\u00e9 et la dame n\u2019est jamais remont\u00e9e\u00a0\u00bb, t\u00e9moigne Micka\u00ebl Pique qui a aussit\u00f4t alert\u00e9 les pompiers.<\/p>\n<p>Des plongeurs du centre de Nancy-Gentilly sont arriv\u00e9s sur place quelques minutes plus tard. Ils se sont mis \u00e0 l\u2019eau et, apr\u00e8s quelques instants de recherche, ils ont retrouv\u00e9 la femme inerte au fond du canal. Celle-ci, \u00e2g\u00e9e d\u2019une quarantaine d\u2019ann\u00e9es, serait rest\u00e9e environ un quart d\u2019heure dans une eau froide.<\/p>\n<p>Elle \u00e9tait en arr\u00eat cardio-respiratoire lorsque les plongeurs l\u2019ont ramen\u00e9 sur la rive. Apr\u00e8s un bon quart d\u2019heure de r\u00e9animation, les pompiers et une \u00e9quipe m\u00e9dicale du<a href=\"https:\/\/www.estrepublicain.fr\/sante\/2025\/05\/27\/les-pilotes-d-helicopteres-du-samu-bientot-en-greve\" target=\"_blank\" rel=\"noopener\"> Samu <\/a>ont toutefois r\u00e9ussi \u00e0 faire repartir son pouls.<\/p>\n<p>La quadrag\u00e9naire a ensuite \u00e9t\u00e9 conduite \u00e0 l\u2019h\u00f4pital, tout comme son compagnon qui n\u2019est, lui, que choqu\u00e9.<\/p>\n","protected":false},"excerpt":{"rendered":"\u00ab\u00a0Elle a risqu\u00e9 sa vie pour 300\u00a0\u20ac, le prix d\u2019une trottinette\u00a0\u00bb, constatent, sid\u00e9r\u00e9s, Micka\u00ebl Pique et Alexandre Bastianelli.&hellip;\n","protected":false},"author":2,"featured_media":137235,"comment_status":"","ping_status":"","sticky":false,"template":"","format":"standard","meta":{"footnotes":""},"categories":[9635],"tags":[1111,11,1704,1777,674,274,1011,27,775,3457,1702,1703,12,25],"class_list":{"0":"post-137234","1":"post","2":"type-post","3":"status-publish","4":"format-standard","5":"has-post-thumbnail","7":"category-nancy","8":"tag-actu","9":"tag-actualites","10":"tag-edition-nancy-et-agglomeration","11":"tag-eu","12":"tag-europe","13":"tag-faits-divers-justice","14":"tag-fr","15":"tag-france","16":"tag-grand-est","17":"tag-meurthe-et-moselle","18":"tag-nancy","19":"tag-nancy-ville-54b","20":"tag-news","21":"tag-republique-francaise"},"share_on_mastodon":{"url":"https:\/\/pubeurope.com\/@fr\/114592119937627657","error":""},"_links":{"self":[{"href":"https:\/\/www.europesays.com\/fr\/wp-json\/wp\/v2\/posts\/137234","targetHints":{"allow":["GET"]}}],"collection":[{"href":"https:\/\/www.europesays.com\/fr\/wp-json\/wp\/v2\/posts"}],"about":[{"href":"https:\/\/www.europesays.com\/fr\/wp-json\/wp\/v2\/types\/post"}],"author":[{"embeddable":true,"href":"https:\/\/www.europesays.com\/fr\/wp-json\/wp\/v2\/users\/2"}],"replies":[{"embeddable":true,"href":"https:\/\/www.europesays.com\/fr\/wp-json\/wp\/v2\/comments?post=137234"}],"version-history":[{"count":0,"href":"https:\/\/www.europesays.com\/fr\/wp-json\/wp\/v2\/posts\/137234\/revisions"}],"wp:featuredmedia":[{"embeddable":true,"href":"https:\/\/www.europesays.com\/fr\/wp-json\/wp\/v2\/media\/137235"}],"wp:attachment":[{"href":"https:\/\/www.europesays.com\/fr\/wp-json\/wp\/v2\/media?parent=137234"}],"wp:term":[{"taxonomy":"category","embeddable":true,"href":"https:\/\/www.europesays.com\/fr\/wp-json\/wp\/v2\/categories?post=137234"},{"taxonomy":"post_tag","embeddable":true,"href":"https:\/\/www.europesays.com\/fr\/wp-json\/wp\/v2\/tags?post=137234"}],"curies":[{"name":"wp","href":"https:\/\/api.w.org\/{rel}","templated":true}]}}