{"id":137245,"date":"2025-05-29T16:47:12","date_gmt":"2025-05-29T16:47:12","guid":{"rendered":"https:\/\/www.europesays.com\/fr\/137245\/"},"modified":"2025-05-29T16:47:12","modified_gmt":"2025-05-29T16:47:12","slug":"yasmin-mambo-rouen-lance-le-recrutement-de-lada-blois","status":"publish","type":"post","link":"https:\/\/www.europesays.com\/fr\/137245\/","title":{"rendered":"Yasmin Mambo (Rouen) lance le recrutement de l&rsquo;ADA Blois"},"content":{"rendered":"<p>Fraichement \u00e9limin\u00e9 <a href=\"https:\/\/www.basketeurope.com\/david-morabito-blois-on-na-absolument-rien-respecte\/\" rel=\"nofollow noopener\" target=\"_blank\">en quart de finale des playoffs<\/a>, l\u2019ADA Blois s\u2019active en coulisses pour construire son effectif de la saison prochaine. A cet \u00e9gard, la formation du Loir-et-Cher, r\u00e9put\u00e9e pour lancer et faire confiance aux jeunes, a mis la main sur le pivot Yasmin Mambo (2,05 m, 22 ans) pour les trois prochaines saisons.<\/p>\n<p>Pass\u00e9 par le centre de formation du Limoges CSP avant de lancer sa carri\u00e8re professionnelle \u00e0 Pont-de-Ch\u00e9ruy, en NM1, le pivot suisse disposant du statut de JFL a r\u00e9ussi une deuxi\u00e8me saison en Pro B int\u00e9ressante (8,1 points \u00e0 47,3 % de r\u00e9ussite aux tirs, 4 rebonds et 1,6 passe en 22 minutes) avec le Rouen M\u00e9tropole Basket (RMB), sans toutefois permettre aux hommes de Sylvain Delorme de se qualifier pour les playoffs (13es, 18 victoires &#8211; 20 d\u00e9faites).<\/p>\n<p>\u00ab Je suis Yasmin depuis ses ann\u00e9es Espoirs \u00e0 Limoges. C\u2019est un joueur tr\u00e8s dense, puissant et dot\u00e9 de bonnes mains. Il poss\u00e8de une grosse marge de progression et je suis ravi de le compter parmi nous pour la prochaine saison \u00bb, se f\u00e9licite le coach David Morabito <a href=\"https:\/\/ada-basket.com\/2025\/05\/yasmin-mambo-premiere-recrue-de-lada\/?ref=basketeurope.com\" rel=\"nofollow noopener\" target=\"_blank\">sur le site officiel<\/a>.<\/p>\n<blockquote class=\"twitter-tweet\">\n<p lang=\"fr\" dir=\"ltr\">\ud835\uddec\ud835\uddee\ud835\ude00\ud835\uddfa\ud835\uddf6\ud835\uddfb \ud835\udde0\ud835\uddd4\ud835\udde0\ud835\uddd5\ud835\udde2 \ud83d\udc9a\u270d\ud83c\udffb<\/p>\n<p>Premi\u00e8re recrue de la saison 2025\/2026, Yasmin MAMBO rejoint les rangs de l&rsquo;ADA ! \ud83c\udfc0<\/p>\n<p>Yasmin, nous te souhaitons la bienvenue \u00e0 Blois ! \ud83d\udc9a<\/p>\n<p>+ \ud835\uddf1&rsquo;\ud835\uddf6\ud835\uddfb\ud835\uddf3\ud835\uddfc\ud835\ude00 \ud83d\udc49 <a href=\"https:\/\/t.co\/sKufLCI0CQ?ref=basketeurope.com\" rel=\"nofollow\">https:\/\/t.co\/sKufLCI0CQ<\/a><a href=\"https:\/\/twitter.com\/hashtag\/ADABlois?src=hash&amp;ref_src=twsrc%5Etfw&amp;ref=basketeurope.com\" rel=\"nofollow noopener\" target=\"_blank\">#ADABlois<\/a> <a href=\"https:\/\/twitter.com\/hashtag\/ProB?src=hash&amp;ref_src=twsrc%5Etfw&amp;ref=basketeurope.com\" rel=\"nofollow noopener\" target=\"_blank\">#ProB<\/a> <a href=\"https:\/\/t.co\/LRzTsNi0hm?ref=basketeurope.com\" rel=\"nofollow\">pic.twitter.com\/LRzTsNi0hm<\/a><\/p>\n<p>\u2014 \ud83d\udc1d ADA Blois Basket 41 \ud83d\udc1d (@ADABloisBasket) <a href=\"https:\/\/twitter.com\/ADABloisBasket\/status\/1928119630742126941?ref_src=twsrc%5Etfw&amp;ref=basketeurope.com\" rel=\"nofollow noopener\" target=\"_blank\">May 29, 2025<\/a><\/p><\/blockquote>\n<p><strong>La r\u00e9action du manager g\u00e9n\u00e9ral Julien Monclar <\/strong>: \u00ab Nous sommes tr\u00e8s heureux d\u2019accueillir Yasmin, il faisait clairement figure de priorit\u00e9 sur cette position. C\u2019est un joueur qui a toujours r\u00e9pondu aux d\u00e9fis propos\u00e9s depuis sa sortie Espoirs et qui allie \u00e9tat d\u2019esprit, performance et marge de progression, ce qui nous correspond parfaitement. \u00bb<\/p>\n<p>    <script async src=\"https:\/\/platform.twitter.com\/widgets.js\" charset=\"utf-8\"><\/script><\/p>\n","protected":false},"excerpt":{"rendered":"Fraichement \u00e9limin\u00e9 en quart de finale des playoffs, l\u2019ADA Blois s\u2019active en coulisses pour construire son effectif de&hellip;\n","protected":false},"author":2,"featured_media":137246,"comment_status":"","ping_status":"","sticky":false,"template":"","format":"standard","meta":{"footnotes":""},"categories":[9587],"tags":[1111,11,1777,674,1011,27,12,5161,25,9590],"class_list":{"0":"post-137245","1":"post","2":"type-post","3":"status-publish","4":"format-standard","5":"has-post-thumbnail","7":"category-rouen","8":"tag-actu","9":"tag-actualites","10":"tag-eu","11":"tag-europe","12":"tag-fr","13":"tag-france","14":"tag-news","15":"tag-normandie","16":"tag-republique-francaise","17":"tag-rouen"},"share_on_mastodon":{"url":"https:\/\/pubeurope.com\/@fr\/114592143327719366","error":""},"_links":{"self":[{"href":"https:\/\/www.europesays.com\/fr\/wp-json\/wp\/v2\/posts\/137245","targetHints":{"allow":["GET"]}}],"collection":[{"href":"https:\/\/www.europesays.com\/fr\/wp-json\/wp\/v2\/posts"}],"about":[{"href":"https:\/\/www.europesays.com\/fr\/wp-json\/wp\/v2\/types\/post"}],"author":[{"embeddable":true,"href":"https:\/\/www.europesays.com\/fr\/wp-json\/wp\/v2\/users\/2"}],"replies":[{"embeddable":true,"href":"https:\/\/www.europesays.com\/fr\/wp-json\/wp\/v2\/comments?post=137245"}],"version-history":[{"count":0,"href":"https:\/\/www.europesays.com\/fr\/wp-json\/wp\/v2\/posts\/137245\/revisions"}],"wp:featuredmedia":[{"embeddable":true,"href":"https:\/\/www.europesays.com\/fr\/wp-json\/wp\/v2\/media\/137246"}],"wp:attachment":[{"href":"https:\/\/www.europesays.com\/fr\/wp-json\/wp\/v2\/media?parent=137245"}],"wp:term":[{"taxonomy":"category","embeddable":true,"href":"https:\/\/www.europesays.com\/fr\/wp-json\/wp\/v2\/categories?post=137245"},{"taxonomy":"post_tag","embeddable":true,"href":"https:\/\/www.europesays.com\/fr\/wp-json\/wp\/v2\/tags?post=137245"}],"curies":[{"name":"wp","href":"https:\/\/api.w.org\/{rel}","templated":true}]}}