{"id":137278,"date":"2025-05-29T17:05:10","date_gmt":"2025-05-29T17:05:10","guid":{"rendered":"https:\/\/www.europesays.com\/fr\/137278\/"},"modified":"2025-05-29T17:05:10","modified_gmt":"2025-05-29T17:05:10","slug":"trois-nouvelles-expos-a-decouvrir-cette-annee-au-mucem-a-marseille-2","status":"publish","type":"post","link":"https:\/\/www.europesays.com\/fr\/137278\/","title":{"rendered":"Trois nouvelles expos \u00e0 d\u00e9couvrir cette ann\u00e9e au Mucem \u00e0 Marseille"},"content":{"rendered":"<p>\u00ab\u00a0Naviguer dans diff\u00e9rentes formes d\u2019arts et de cultures, et s\u2019adresser \u00e0 un public large. Ce mus\u00e9e est un lieu de brassage.\u00a0\u00bb Avant de pr\u00e9senter les prochains grands rendez-vous de son \u00e9tablissement, Pierre-Olivier Costa, pr\u00e9sident du Mucem \u00e0 Marseille, r\u00e9affirmait le positionnement de son mus\u00e9e. Un lieu de culture qui attire toujours plus de monde avec, en avril, un nombre record de visiteurs sur un mois depuis l\u2019ouverture en 2013.<\/p>\n<p>Pour garder cette dynamique, le Mucem propose trois expositions temporaires d\u2019ici la fin de l\u2019ann\u00e9e civile, en plus de sa collection permanente, avec autant d\u2019univers diff\u00e9rents.<\/p>\n<p>L\u2019histoire de l\u2019astronomie sur les rives de la M\u00e9diterran\u00e9e<\/p>\n<p>Premier rendez-vous, d\u00e8s le 9 juillet et jusqu\u2019au 5 janvier, avec Lire le ciel, sous les \u00e9toiles en M\u00e9diterran\u00e9e. Pour l\u2019accrochage, le mus\u00e9e marseillais a pu compter sur des pr\u00eats d\u2019exception, dont L\u2019Astronome de Vermeer, par le mus\u00e9e du Louvre. Un tableau qui, \u00e0 lui seul, r\u00e9sume le propos de l\u2019exposition. Sur la toile, on retrouve cet astronome observant un globe, avec sur son bureau un compas ainsi qu\u2019un astrolabe. Il a devant lui un livre \u00e9voquant les observations du ciel dans l\u2019Antiquit\u00e9. De quoi nourrir la narration du co-commissaire de l\u2019exposition, Enguerrand Lascols.<\/p>\n<p>\u00ab\u00a0L\u2019id\u00e9e \u00e9tait de tisser l\u2019histoire du rapport au ciel pour mettre en perspective des sujets contemporains comme l\u2019environnement, notre rapport \u00e0 la Terre, \u00e0 la pollution lumineuse, celle de l\u2019espace&#8230;\u00a0\u00bb, explique-t-il. Enguerrand Lascols s\u2019est attel\u00e9 \u00e0 diss\u00e9quer le dialogue entre les rives de la M\u00e9diterran\u00e9e, depuis les premiers relev\u00e9s du ciel en M\u00e9sopotamie, en passant par l\u2019astronomie m\u00e9di\u00e9vale, jusqu\u2019\u00e0 aujourd\u2019hui.<\/p>\n<p>On y \u00e9voque aussi les croyances qui en d\u00e9coulent et cette culture commune du ciel, tout cela \u00e0 travers une correspondance entre les arts et la science, retranscrite par des objets \u00ab\u00a0t\u00e9moins de cette histoire\u00a0\u00bb, ainsi que des \u0153uvres d\u2019art contemporain et une approche transdisciplinaire.<\/p>\n<p>Don Quichotte, l\u2019art de rire<\/p>\n<p>Cela devient une habitude sur les murs du Mucem. Apr\u00e8s Genet, Giono et Flaubert, le mus\u00e9e se penche cette fois sur l\u2019\u0153uvre litt\u00e9raire du h\u00e9ros de Cervant\u00e8s: Don Quichotte, qui reste aujourd\u2019hui le quatri\u00e8me livre le plus vendu au monde. \u00ab\u00a0Il \u00e9crit ce livre en 1605, en pleine Inquisition, et invente ce personnage loufoque sans se prendre au s\u00e9rieux, afin de repr\u00e9senter le monde autrement. C\u2019est un personnage attachant, on entre dans son imaginaire pour d\u00e9tailler la complexit\u00e9 du rire\u00a0\u00bb, souligne Aude Fanio, commissaire de cette exposition qui d\u00e9butera le 15 octobre (jusqu\u2019au 30 mars).<\/p>\n<p>Sa co-commissaire, H\u00e9lia Paukner, compl\u00e8te: \u00ab\u00a0Nous avons souhait\u00e9 une exposition anticonformiste avec une dimension anachronique. Ce n\u2019est pas un parcours chronologique, mais th\u00e9matique et bas\u00e9 sur la narration. Le but est aussi d\u2019int\u00e9resser ceux qui ont lu le livre, mais aussi tous les autres.\u00a0\u00bb Don Quichotte a inspir\u00e9 des artistes comme Goya, Picasso ou encore Dali. Il continue d\u2019inspirer les artistes contemporains, que ce soit en peinture, photographie, musique ou th\u00e9\u00e2tre. Don Quichotte, personnage intemporel, parle de notre pass\u00e9, de notre pr\u00e9sent et, certainement, de notre futur.<\/p>\n<p>Anatomie d\u2019une \u00eele \u00e9ph\u00e9m\u00e8re<\/p>\n<p>Le troisi\u00e8me (et dernier) rendez-vous de l\u2019ann\u00e9e (du 10 d\u00e9cembre au 24 mai 2026) s\u2019int\u00e9resse au travail de Cl\u00e9ment Cogitore, sous l\u2019intitul\u00e9 Ferdinandea, l\u2019\u00eele \u00e9ph\u00e9m\u00e8re.<\/p>\n<p>\u00c0 la crois\u00e9e de l\u2019art contemporain et du cin\u00e9ma, Cl\u00e9ment Cogitore s\u2019est int\u00e9ress\u00e9 \u00e0 cette \u00eele qui a surgi des eaux de la M\u00e9diterran\u00e9e, au large de la Sicile, entre juin et juillet 1831, avant de sombrer \u00e0 nouveau six mois plus tard. Le fruit d\u2019une activit\u00e9 volcanique qui a boulevers\u00e9 l\u2019\u00e9quilibre local. Le temps de son \u00e9closion, cette \u00eele fut revendiqu\u00e9e par la France, le royaume des Deux-Siciles et la Grande-Bretagne.<\/p>\n<p>Elle a \u00e9galement suscit\u00e9 les craintes des populations locales, redoutant l\u2019\u00e9mergence d\u2019un monstre marin. Cet \u00e9ph\u00e9m\u00e8re territoire est entr\u00e9 dans la l\u00e9gende: il est document\u00e9 sur les plans scientifique, politique et litt\u00e9raire. \u00c0 travers des films, des vid\u00e9os et des photos, Cl\u00e9ment Cogitore \u00ab\u00a0sp\u00e9cule sur l\u2019\u00e9mergence, la chute et la possible r\u00e9\u00e9mergence du volcan, entre documentaire et fiction\u00a0\u00bb, assure la commissaire Kathryn Weir.<\/p>\n<p>              <img ci-src=\"https:\/\/www.varmatin.com\/expos\/protec\/DATA_ART_15612478-YXBfSmEU.jpg?vh=e8942f&amp;ci_seal=f88990baf9\" alt=\"\"\/><br \/>\n        \u00ab\u00a0Don Quichotte\u00a0\u00bb. Photo DR <strong>Fabrice Michelier.<\/strong> <\/p>\n","protected":false},"excerpt":{"rendered":"\u00ab\u00a0Naviguer dans diff\u00e9rentes formes d\u2019arts et de cultures, et s\u2019adresser \u00e0 un public large. Ce mus\u00e9e est un&hellip;\n","protected":false},"author":2,"featured_media":137038,"comment_status":"","ping_status":"","sticky":false,"template":"","format":"standard","meta":{"footnotes":""},"categories":[2814],"tags":[1111,11,251,1777,674,8202,1011,27,884,12,882,25],"class_list":{"0":"post-137278","1":"post","2":"type-post","3":"status-publish","4":"format-standard","5":"has-post-thumbnail","7":"category-marseille","8":"tag-actu","9":"tag-actualites","10":"tag-culture","11":"tag-eu","12":"tag-europe","13":"tag-expos","14":"tag-fr","15":"tag-france","16":"tag-marseille","17":"tag-news","18":"tag-provence-alpes-cote-dazur","19":"tag-republique-francaise"},"share_on_mastodon":{"url":"https:\/\/pubeurope.com\/@fr\/114592214077069344","error":""},"_links":{"self":[{"href":"https:\/\/www.europesays.com\/fr\/wp-json\/wp\/v2\/posts\/137278","targetHints":{"allow":["GET"]}}],"collection":[{"href":"https:\/\/www.europesays.com\/fr\/wp-json\/wp\/v2\/posts"}],"about":[{"href":"https:\/\/www.europesays.com\/fr\/wp-json\/wp\/v2\/types\/post"}],"author":[{"embeddable":true,"href":"https:\/\/www.europesays.com\/fr\/wp-json\/wp\/v2\/users\/2"}],"replies":[{"embeddable":true,"href":"https:\/\/www.europesays.com\/fr\/wp-json\/wp\/v2\/comments?post=137278"}],"version-history":[{"count":0,"href":"https:\/\/www.europesays.com\/fr\/wp-json\/wp\/v2\/posts\/137278\/revisions"}],"wp:featuredmedia":[{"embeddable":true,"href":"https:\/\/www.europesays.com\/fr\/wp-json\/wp\/v2\/media\/137038"}],"wp:attachment":[{"href":"https:\/\/www.europesays.com\/fr\/wp-json\/wp\/v2\/media?parent=137278"}],"wp:term":[{"taxonomy":"category","embeddable":true,"href":"https:\/\/www.europesays.com\/fr\/wp-json\/wp\/v2\/categories?post=137278"},{"taxonomy":"post_tag","embeddable":true,"href":"https:\/\/www.europesays.com\/fr\/wp-json\/wp\/v2\/tags?post=137278"}],"curies":[{"name":"wp","href":"https:\/\/api.w.org\/{rel}","templated":true}]}}