{"id":137286,"date":"2025-05-29T17:11:08","date_gmt":"2025-05-29T17:11:08","guid":{"rendered":"https:\/\/www.europesays.com\/fr\/137286\/"},"modified":"2025-05-29T17:11:08","modified_gmt":"2025-05-29T17:11:08","slug":"tous-ces-endroits-ou-il-sera-interdit-de-fumer-dans-la-capitale-des-le-1er-juillet-2025","status":"publish","type":"post","link":"https:\/\/www.europesays.com\/fr\/137286\/","title":{"rendered":"tous ces endroits o\u00f9 il sera interdit de fumer dans la capitale d\u00e8s le 1er juillet 2025"},"content":{"rendered":"<p>            Par<br \/>\n        <strong><br \/>\n            <a href=\"https:\/\/actu.fr\/auteur\/thomas-martin\" title=\"Consulter tous les articles de Thomas Martin\" rel=\"nofollow noopener\" target=\"_blank\">Thomas Martin<\/a><br \/>\n        <\/strong><\/p>\n<p>        Publi\u00e9 le<\/p>\n<p>            29 mai 2025 \u00e0 18h49        <\/p>\n<p>Le gouvernement va interdire de <a href=\"https:\/\/actu.fr\/societe\/plages-parcs-pres-des-ecoles-la-cigarette-sera-tres-bientot-interdite-dans-de-nombreux-lieux-publics_62705444.html\" rel=\"nofollow noopener\" target=\"_blank\">fumer dans les lieux publics ext\u00e9rieurs<\/a> o\u00f9 peuvent se trouver des enfants, comme \u00ab\u00a0les plages, parcs et jardins publics, abords des \u00e9coles, abris de bus, \u00e9quipements sportifs\u00a0\u00bb, indique la ministre Catherine Vautrin dans une interview publi\u00e9e par <a href=\"https:\/\/www.ouest-france.fr\/sante\/addictions\/tabac\/exclusif-fumer-sera-interdit-sur-les-plages-au-parc-pres-des-ecoles-annonce-la-ministre-4e4d7df2-3bb7-11f0-b71a-e87c40f434be\" rel=\"nofollow noopener\" target=\"_blank\">Ouest-France<\/a> sur son site internet. Les coll\u00e8ges et les lyc\u00e9es sont aussi concern\u00e9s par l\u2019interdiction, pour \u00e9viter notamment que \u00ab\u00a0coll\u00e9giens et lyc\u00e9ens ne fument devant leur \u00e9tablissement\u00a0\u00bb. En revanche, l\u2019interdiction ne concerne pas les <a href=\"https:\/\/actu.fr\/ile-de-france\/paris_75056\/reouverture-des-terrasses-estivales-a-paris-on-arrive-a-maturite-du-dispositif-juge-la-ville_62451751.html\" rel=\"nofollow noopener\" target=\"_blank\">terrasses<\/a> des caf\u00e9s, ni les cigarettes \u00e9lectroniques.<\/p>\n<p>D\u00e9j\u00e0 de nombreux \u00ab\u00a0Espaces sans tabac\u00a0\u00bb \u00e0 Paris<\/p>\n<p class=\" wall-content\">\u00ab\u00a0L\u00e0 o\u00f9 il y a des enfants, le tabac doit dispara\u00eetre\u00a0\u00bb, indique jeudi la ministre du Travail, de la\u00a0 Sant\u00e9, des Solidarit\u00e9s et des Familles, en pr\u00e9cisant que l\u2019interdiction entrera en vigueur le 1er juillet 2025.<\/p>\n<p class=\" wall-content\">A Paris, de nombreux lieux, outre ceux concern\u00e9s par la loi Evin, sont interdits \u00e0 la cigarette. Initi\u00e9s en 2018 par la Ligue contre le Cancer en collaboration avec la Ville et les mairies d\u2019arrondissement, les espaces sans tabac continuent au fil des ans de se d\u00e9ployer dans la capitale.\u00a0<\/p>\n<p class=\" wall-content\">Ce sont des lieux ext\u00e9rieurs d\u00e9limit\u00e9s et\/ou identifi\u00e9s, o\u00f9 la consommation de tabac est interdite. Ces espaces font l\u2019objet d\u2019un arr\u00eat\u00e9 municipal et sont signal\u00e9s par un panneau \u00ab Espaces sans tabac \u00bb et un marquage au sol de couleur peut d\u00e9limiter l\u2019espace. Leur but est de pr\u00e9server les jeunes des dangers du tabagisme en r\u00e9duisant leur exposition au tabac.<\/p>\n<p class=\" wall-content\">Au 31 ao\u00fbt 2023, 387 \u00ab Espaces sans tabac \u00bb avaient \u00e9t\u00e9 mis en place \u00e0 Paris, en grande partie aux abords d\u2019\u00e9coles et d\u2019\u00e9quipements sportifs mais aussi dans de nombreux squares et jardins. Les parcs seront d\u00e8s cet \u00e9t\u00e9 \u00e9galement concern\u00e9s.\u00a0<\/p>\n<p>Vid\u00e9os : en ce moment sur Actu<\/p>\n<p class=\" wall-content\">Les arr\u00eats de bus seront donc la vraie nouveaut\u00e9 avec les mesures prises par le gouvernement. A Paris, on en compte quelque 5 500.\u00a0<\/p>\n<p class=\" wall-content\">Le non-respect de l\u2019interdiction \u00a0\u00ab\u00a0pourra engendrer une contravention de 4\u00e8me classe, soit 135 euros\u00a0\u00bb, pr\u00e9cise Mme Vautrin.\u00a0<\/p>\n<p class=\" wall-content\"><strong>Avec AFP<\/strong><\/p>\n<p class=\" wall-content\">Suivez toute l\u2019actualit\u00e9 de vos villes et m\u00e9dias favoris en vous inscrivant \u00e0 <a href=\"https:\/\/moncompte.actu.fr\" title=\"D\u00e9couvez Mon Actu\" rel=\"nofollow noopener\" data-trk=\"{&quot;cta&quot;:{&quot;action&quot;:&quot;https:\\\/\\\/moncompte.actu.fr&quot;,&quot;category&quot;:&quot;mon compte&quot;,&quot;from&quot;:&quot;article footer&quot;,&quot;name&quot;:&quot;Mon actu&quot;,&quot;type&quot;:&quot;cta&quot;}}\" target=\"_blank\">Mon Actu<\/a>.<\/p>\n","protected":false},"excerpt":{"rendered":"Par Thomas Martin Publi\u00e9 le 29 mai 2025 \u00e0 18h49 Le gouvernement va interdire de fumer dans les&hellip;\n","protected":false},"author":2,"featured_media":137287,"comment_status":"","ping_status":"","sticky":false,"template":"","format":"standard","meta":{"footnotes":""},"categories":[1888],"tags":[1111,1928,11,1927,1777,674,1011,27,12,1926,626,1925,25,71,104,6582],"class_list":{"0":"post-137286","1":"post","2":"type-post","3":"status-publish","4":"format-standard","5":"has-post-thumbnail","7":"category-paris","8":"tag-actu","9":"tag-actu-paris","10":"tag-actualites","11":"tag-actualites-paris","12":"tag-eu","13":"tag-europe","14":"tag-fr","15":"tag-france","16":"tag-news","17":"tag-news-paris","18":"tag-paris","19":"tag-paris-news","20":"tag-republique-francaise","21":"tag-sante","22":"tag-societe","23":"tag-tabac"},"share_on_mastodon":{"url":"https:\/\/pubeurope.com\/@fr\/114592237653107489","error":""},"_links":{"self":[{"href":"https:\/\/www.europesays.com\/fr\/wp-json\/wp\/v2\/posts\/137286","targetHints":{"allow":["GET"]}}],"collection":[{"href":"https:\/\/www.europesays.com\/fr\/wp-json\/wp\/v2\/posts"}],"about":[{"href":"https:\/\/www.europesays.com\/fr\/wp-json\/wp\/v2\/types\/post"}],"author":[{"embeddable":true,"href":"https:\/\/www.europesays.com\/fr\/wp-json\/wp\/v2\/users\/2"}],"replies":[{"embeddable":true,"href":"https:\/\/www.europesays.com\/fr\/wp-json\/wp\/v2\/comments?post=137286"}],"version-history":[{"count":0,"href":"https:\/\/www.europesays.com\/fr\/wp-json\/wp\/v2\/posts\/137286\/revisions"}],"wp:featuredmedia":[{"embeddable":true,"href":"https:\/\/www.europesays.com\/fr\/wp-json\/wp\/v2\/media\/137287"}],"wp:attachment":[{"href":"https:\/\/www.europesays.com\/fr\/wp-json\/wp\/v2\/media?parent=137286"}],"wp:term":[{"taxonomy":"category","embeddable":true,"href":"https:\/\/www.europesays.com\/fr\/wp-json\/wp\/v2\/categories?post=137286"},{"taxonomy":"post_tag","embeddable":true,"href":"https:\/\/www.europesays.com\/fr\/wp-json\/wp\/v2\/tags?post=137286"}],"curies":[{"name":"wp","href":"https:\/\/api.w.org\/{rel}","templated":true}]}}