{"id":137298,"date":"2025-05-29T17:17:19","date_gmt":"2025-05-29T17:17:19","guid":{"rendered":"https:\/\/www.europesays.com\/fr\/137298\/"},"modified":"2025-05-29T17:17:19","modified_gmt":"2025-05-29T17:17:19","slug":"lex-ceo-de-bpost-jean-paul-van-avermaet-condamne-aux-etats-unis","status":"publish","type":"post","link":"https:\/\/www.europesays.com\/fr\/137298\/","title":{"rendered":"L&rsquo;ex-CEO de bpost Jean-Paul Van Avermaet condamn\u00e9 aux \u00c9tats-Unis"},"content":{"rendered":"<p><a href=\"https:\/\/www.lalibre.be\/economie\/2023\/04\/07\/jean-paul-van-avermaet-lancien-patron-de-bpost-prend-la-tete-de-la-chaine-de-restaurants-colmar-GFQSNUEHZRCEHOLHX4FPZU5VU4\/\" target=\"_blank\" rel=\"noopener noreferrer\" class=\"ap-StoryInterstitialLink ap-StoryElement ap-StoryElement--mb\">Jean-Paul Van Avermaet, l&rsquo;ancien patron de Bpost, prend la t\u00eate de la cha\u00eene de restaurants Colmar<\/a><\/p>\n<p class=\"ap-StoryElement ap-StoryElement--mb ap-StoryText\">Selon des documents judiciaires consult\u00e9s par Belga, Van Avermaet a admis avoir \u00e9t\u00e9 impliqu\u00e9 dans un \u00ab\u00a0complot\u00a0\u00bb au cours de la p\u00e9riode 2019-2020. \u00ab\u00a0L&rsquo;accus\u00e9 a assist\u00e9 \u00e0 une r\u00e9union avec des repr\u00e9sentants d&rsquo;autres grandes entreprises de s\u00e9curit\u00e9, au cours de laquelle il a particip\u00e9 \u00e0 des discussions et o\u00f9 il a \u00e9t\u00e9 convenu de ne pas laisser la concurrence jouer un r\u00f4le dans certains contrats pour des missions de s\u00e9curit\u00e9 des \u00c9tats-Unis et de l&rsquo;OTAN\u00a0\u00bb, peut-on lire dans l&rsquo;accord.<\/p>\n<p class=\"ap-StoryElement ap-StoryElement--mb ap-StoryText\">Si M. Van Avermaet ne respecte pas ses engagements, il risque d&rsquo;\u00eatre \u00ab\u00a0poursuivi pour tout d\u00e9lit f\u00e9d\u00e9ral dont les \u00c9tats-Unis ont connaissance, y compris &#8211; mais pas seulement &#8211; les d\u00e9lits substantiels de l&rsquo;enqu\u00eate qui a conduit \u00e0 ce r\u00e8glement\u00a0\u00bb, pr\u00e9cise le texte. Les faits qui lui sont reproch\u00e9s sont passibles d&rsquo;une peine maximale de 10 ans de prison et d&rsquo;une amende d&rsquo;un million de dollars. M. Van Avermaet avait pr\u00e9c\u00e9demment plaid\u00e9 non coupable.<\/p>\n<p><a href=\"https:\/\/www.lalibre.be\/economie\/entreprises-startup\/2021\/03\/15\/les-coulisses-de-leviction-du-ceo-de-bpost-jean-paul-van-avermaet-TJ6D6PZ4O5FX7DJUBCBRNCDOOU\/\" target=\"_blank\" rel=\"noopener noreferrer\" class=\"ap-StoryInterstitialLink ap-StoryElement ap-StoryElement--mb\">Les coulisses de l&rsquo;\u00e9viction du CEO de bpost Jean-Paul Van Avermaet<\/a><\/p>\n<p class=\"ap-StoryElement ap-StoryElement--mb ap-StoryText\">En juillet de l&rsquo;ann\u00e9e derni\u00e8re, l&rsquo;Autorit\u00e9 belge de la concurrence (BMA) a impos\u00e9 plus de 47 millions d&rsquo;euros d&rsquo;amendes pour des activit\u00e9s de cartel dans le secteur de la s\u00e9curit\u00e9 priv\u00e9e. \u00c0 l&rsquo;\u00e9poque, l&rsquo;enqu\u00eate avait conduit \u00e0 la d\u00e9mission de M. Van Avermaet de bpost.<\/p>\n<p class=\"ap-StoryElement ap-StoryElement--mb ap-StoryText\">Les inculpations prononc\u00e9es aux \u00c9tats-Unis en juin 2021 concernaient \u00e9galement le groupe de s\u00e9curit\u00e9 fran\u00e7ais Seris et deux anciens cadres de Seris en Belgique. La branche belge de G4S avait alors conclu un accord de 15 millions de dollars avec le minist\u00e8re am\u00e9ricain de la justice, et deux anciens employ\u00e9s de G4S ont \u00e9galement plaid\u00e9 coupable par la suite.<\/p>\n","protected":false},"excerpt":{"rendered":"Jean-Paul Van Avermaet, l&rsquo;ancien patron de Bpost, prend la t\u00eate de la cha\u00eene de restaurants Colmar Selon des&hellip;\n","protected":false},"author":2,"featured_media":137299,"comment_status":"","ping_status":"","sticky":false,"template":"","format":"standard","meta":{"footnotes":""},"categories":[1589],"tags":[11,313,73,1866,8639,12,1864,1865,1863,308],"class_list":{"0":"post-137298","1":"post","2":"type-post","3":"status-publish","4":"format-standard","5":"has-post-thumbnail","7":"category-etats-unis","8":"tag-actualites","9":"tag-entreprises","10":"tag-etats-unis","11":"tag-etats-unis-damerique","12":"tag-judiciaire","13":"tag-news","14":"tag-united-states","15":"tag-united-states-of-america","16":"tag-us","17":"tag-usa"},"share_on_mastodon":{"url":"https:\/\/pubeurope.com\/@fr\/114592261283358499","error":""},"_links":{"self":[{"href":"https:\/\/www.europesays.com\/fr\/wp-json\/wp\/v2\/posts\/137298","targetHints":{"allow":["GET"]}}],"collection":[{"href":"https:\/\/www.europesays.com\/fr\/wp-json\/wp\/v2\/posts"}],"about":[{"href":"https:\/\/www.europesays.com\/fr\/wp-json\/wp\/v2\/types\/post"}],"author":[{"embeddable":true,"href":"https:\/\/www.europesays.com\/fr\/wp-json\/wp\/v2\/users\/2"}],"replies":[{"embeddable":true,"href":"https:\/\/www.europesays.com\/fr\/wp-json\/wp\/v2\/comments?post=137298"}],"version-history":[{"count":0,"href":"https:\/\/www.europesays.com\/fr\/wp-json\/wp\/v2\/posts\/137298\/revisions"}],"wp:featuredmedia":[{"embeddable":true,"href":"https:\/\/www.europesays.com\/fr\/wp-json\/wp\/v2\/media\/137299"}],"wp:attachment":[{"href":"https:\/\/www.europesays.com\/fr\/wp-json\/wp\/v2\/media?parent=137298"}],"wp:term":[{"taxonomy":"category","embeddable":true,"href":"https:\/\/www.europesays.com\/fr\/wp-json\/wp\/v2\/categories?post=137298"},{"taxonomy":"post_tag","embeddable":true,"href":"https:\/\/www.europesays.com\/fr\/wp-json\/wp\/v2\/tags?post=137298"}],"curies":[{"name":"wp","href":"https:\/\/api.w.org\/{rel}","templated":true}]}}