{"id":137316,"date":"2025-05-29T17:26:15","date_gmt":"2025-05-29T17:26:15","guid":{"rendered":"https:\/\/www.europesays.com\/fr\/137316\/"},"modified":"2025-05-29T17:26:15","modified_gmt":"2025-05-29T17:26:15","slug":"volley-ball-spikeligue-il-est-tres-physique-a-une-grosse-detente-un-jeune-pointu-autrichien-signe-aux-centurions-narbonne-en-provenance-ditalie","status":"publish","type":"post","link":"https:\/\/www.europesays.com\/fr\/137316\/","title":{"rendered":"Volley-ball \u2013 SpikeLigue\u00a0: \u00ab\u00a0Il est tr\u00e8s physique, a une grosse d\u00e9tente\u00a0\u00bb, un jeune pointu autrichien signe aux Centurions Narbonne en provenance d\u2019Italie"},"content":{"rendered":"<p>\n                                                                Michael Czerwinski (2\u00a0m 07, 21 ans, droitier) arrive \u00e0 Narbonne pour les deux prochaines saisons, en provenance de l\u2019Italie o\u00f9 il a \u00e9volu\u00e9 deux saisons \u00e0 Cisterna, sous les ordres de l\u2019ex-coach des Centurions Guillermo Falasca.\n                            <\/p>\n<p>Il s\u2019appelle Michael Czerwinski (2\u00a0m 07, 21 ans, droitier) et sera le nouveau pointu titulaire des Centurions la saison prochaine et jusqu\u2019en 2027. C\u2019est un joueur autrichien qui \u00e9voluait depuis deux ans en Italie \u00e0 Cisterna au sein de l\u2019\u00e9quipe dirig\u00e9e par Guillermo Falasca, l\u2019ex-coach des Centurions Narbonne qui est rest\u00e9 en tr\u00e8s bons termes avec le manager g\u00e9n\u00e9ral des Audois, Michel Mandrou. Ceci expliquant peut-\u00eatre cela. Car\u00a0Michael Czerwinski est le second joueur de Cisterna en ce printemps a sign\u00e9 dans l\u2019Aude, apr\u00e8s Willner Rivas (r\u00e9ceptionneur-attaquant v\u00e9n\u00e9zu\u00e9lien de 30 ans, 1\u00a0m 94), qui lui avait d\u00e9j\u00e0 \u00e9volu\u00e9 \u00e0 Narbonne en 2022-2023.<\/p>\n<p>Un joueur prometteur<\/p>\n<p>\u00ab\u00a0Michael Czerwinski est un jeune pointu que l\u2019on suit depuis deux ans en r\u00e9alit\u00e9. L\u2019an dernier, on avait d\u00e9j\u00e0 \u00e9t\u00e9 proche de le prendre\u00a0\u00bb, r\u00e9v\u00e8le Michel Mandrou. \u00ab\u00a0Guillermo Falasca a pu nous donner pas mal d\u2019informations le concernant. Il est tr\u00e8s physique, a une grosse d\u00e9tente avec un tr\u00e8s bon bras. Il est tr\u00e8s puissant, il joue tr\u00e8s vite. Seulement, il est tr\u00e8s jeune et manque donc d\u2019exp\u00e9rience.\u00a0\u00bb<\/p>\n<blockquote>\n<p>Il peut devenir la r\u00e9v\u00e9lation de la saison \u00e0 son poste<\/p>\n<\/blockquote>\n<p>\u00c0 Cisterna, Michael Czerwinski \u00e9tait le rempla\u00e7ant du pointu fran\u00e7ais Th\u00e9o Faure. \u00ab\u00a0Il a pu bien travailler sous la houlette de Guillermo Falasca. Il l\u2019a bien d\u00e9velopp\u00e9 et ne m\u2019en a dit que du bien.\u00a0\u00bb Michel Mandrou s\u2019est d\u00e9plac\u00e9 en Italie pour superviser l\u2019Autrichien. \u00ab\u00a0S\u2019il trouve de bons rep\u00e8res dans le championnat fran\u00e7ais, il peut devenir la r\u00e9v\u00e9lation de la saison \u00e0 son poste. En tout cas, on l\u2019esp\u00e8re.\u00a0\u00bb<\/p>\n<p>La semaine derni\u00e8re, les Centurions Narbonne avaient annonc\u00e9 la signature du r\u00e9ceptionneur-attaquant fran\u00e7ais, droitier, Thibaut Thoral (28 ans, 1\u00a0m 93). Rappelons que le\u00a0passeur\u00a0Luke Herr, le libero Tomas Ruiz, les centraux Twan Wiltenburg et Tanguy Dijoud, le pointu Casey Schouten, et le r\u00e9ceptionneur-attaquant Lisandro Zanotti ont quitt\u00e9 le club. Seuls sont rest\u00e9s les r\u00e9ceptionneurs-attaquant Liam Patte et Tom Colomb ainsi que le central Ibrahim Tour\u00e9. Et donc le pointu Ramon Rosado.<\/p>\n","protected":false},"excerpt":{"rendered":"Michael Czerwinski (2\u00a0m 07, 21 ans, droitier) arrive \u00e0 Narbonne pour les deux prochaines saisons, en provenance de&hellip;\n","protected":false},"author":2,"featured_media":137317,"comment_status":"","ping_status":"","sticky":false,"template":"","format":"standard","meta":{"footnotes":""},"categories":[1417],"tags":[1011,27,60,1470,1469],"class_list":{"0":"post-137316","1":"post","2":"type-post","3":"status-publish","4":"format-standard","5":"has-post-thumbnail","7":"category-volley","8":"tag-fr","9":"tag-france","10":"tag-sports","11":"tag-volley","12":"tag-volleyball"},"share_on_mastodon":{"url":"https:\/\/pubeurope.com\/@fr\/114592296699824194","error":""},"_links":{"self":[{"href":"https:\/\/www.europesays.com\/fr\/wp-json\/wp\/v2\/posts\/137316","targetHints":{"allow":["GET"]}}],"collection":[{"href":"https:\/\/www.europesays.com\/fr\/wp-json\/wp\/v2\/posts"}],"about":[{"href":"https:\/\/www.europesays.com\/fr\/wp-json\/wp\/v2\/types\/post"}],"author":[{"embeddable":true,"href":"https:\/\/www.europesays.com\/fr\/wp-json\/wp\/v2\/users\/2"}],"replies":[{"embeddable":true,"href":"https:\/\/www.europesays.com\/fr\/wp-json\/wp\/v2\/comments?post=137316"}],"version-history":[{"count":0,"href":"https:\/\/www.europesays.com\/fr\/wp-json\/wp\/v2\/posts\/137316\/revisions"}],"wp:featuredmedia":[{"embeddable":true,"href":"https:\/\/www.europesays.com\/fr\/wp-json\/wp\/v2\/media\/137317"}],"wp:attachment":[{"href":"https:\/\/www.europesays.com\/fr\/wp-json\/wp\/v2\/media?parent=137316"}],"wp:term":[{"taxonomy":"category","embeddable":true,"href":"https:\/\/www.europesays.com\/fr\/wp-json\/wp\/v2\/categories?post=137316"},{"taxonomy":"post_tag","embeddable":true,"href":"https:\/\/www.europesays.com\/fr\/wp-json\/wp\/v2\/tags?post=137316"}],"curies":[{"name":"wp","href":"https:\/\/api.w.org\/{rel}","templated":true}]}}