{"id":137318,"date":"2025-05-29T17:27:10","date_gmt":"2025-05-29T17:27:10","guid":{"rendered":"https:\/\/www.europesays.com\/fr\/137318\/"},"modified":"2025-05-29T17:27:10","modified_gmt":"2025-05-29T17:27:10","slug":"la-rochelle-enregistre-le-retour-de-bourgarit","status":"publish","type":"post","link":"https:\/\/www.europesays.com\/fr\/137318\/","title":{"rendered":"la Rochelle enregistre le retour de Bourgarit"},"content":{"rendered":"<p>Le talonneur international sera de retour pour affronter Perpignan ce samedi.<\/p>\n<p class=\"fig-paragraph\">Le talonneur international de La Rochelle Pierre Bourgarit, qui n&rsquo;a plus jou\u00e9 depuis le 5 avril, fera son retour \u00e0 l&rsquo;occasion de la r\u00e9ception de Perpignan samedi, comptant pour la 25e journ\u00e9e de Top 14. Bourgarit, longtemps bless\u00e9 cette saison, notamment au tibia et l&rsquo;\u00e9paule gauche, avait repris a comp\u00e9tition fin mars et d\u00e9but\u00e9 le 8e de finale de Champions Cup perdue face au Munster d\u00e9but avril.<\/p>\n<p class=\"fig-paragraph\">Depuis, le joueur, qui n&rsquo;a disput\u00e9 que 8 matches cette saison, avait \u00e9t\u00e9 g\u00ean\u00e9 par des soucis musculaires aux ischio-jambiers et aux cervicales. Les Maritimes, qui restent sur quatre victoires de rang, seront en revanche priv\u00e9s de leur 3e ligne international\u00a0<a href=\"http:\/\/www.lefigaro.fr\/sports\/rugby\/top-14\/top-14-probable-fin-de-saison-pour-le-rochelais-oscar-jegou-20250516\" data-fig-type=\"NewsFlash\" data-gtm-custom-categorie=\"navigation\" data-gtm-custom-action=\"crossclick\" data-gtm-custom-label=\"Contextuel\" data-gtm-event=\"customEventSPE\" data-fig-domain=\"LEFIGARO\" target=\"_blank\" rel=\"noopener\">Oscar Jegou<\/a>, victime d&rsquo;une fracture d&rsquo;un doigt il y a deux semaines. Autre indisponibilit\u00e9, celle du pilier Alexandre Kaddouri, en phase de reprise apr\u00e8s une entorse de la cheville.<\/p>\n","protected":false},"excerpt":{"rendered":"Le talonneur international sera de retour pour affronter Perpignan ce samedi. Le talonneur international de La Rochelle Pierre&hellip;\n","protected":false},"author":2,"featured_media":137319,"comment_status":"","ping_status":"","sticky":false,"template":"","format":"standard","meta":{"footnotes":""},"categories":[1416],"tags":[525,4590,1981,2313,814,1011,27,955,4589,26358,2311,1980,479,1468,2259,60,6365,478,2310,2312,14988],"class_list":{"0":"post-137318","1":"post","2":"type-post","3":"status-publish","4":"format-standard","5":"has-post-thumbnail","7":"category-rugby","8":"tag-calendrier","9":"tag-championnat-france","10":"tag-classement","11":"tag-clermont","12":"tag-direct","13":"tag-fr","14":"tag-france","15":"tag-match","16":"tag-phase-finale","17":"tag-pierre-bourgarit","18":"tag-racing","19":"tag-resultats","20":"tag-rugby","21":"tag-rugby-football","22":"tag-score","23":"tag-sports","24":"tag-stade-rochelais","25":"tag-top-14","26":"tag-toulon","27":"tag-toulouse","28":"tag-usap"},"share_on_mastodon":{"url":"https:\/\/pubeurope.com\/@fr\/114592300667075020","error":""},"_links":{"self":[{"href":"https:\/\/www.europesays.com\/fr\/wp-json\/wp\/v2\/posts\/137318","targetHints":{"allow":["GET"]}}],"collection":[{"href":"https:\/\/www.europesays.com\/fr\/wp-json\/wp\/v2\/posts"}],"about":[{"href":"https:\/\/www.europesays.com\/fr\/wp-json\/wp\/v2\/types\/post"}],"author":[{"embeddable":true,"href":"https:\/\/www.europesays.com\/fr\/wp-json\/wp\/v2\/users\/2"}],"replies":[{"embeddable":true,"href":"https:\/\/www.europesays.com\/fr\/wp-json\/wp\/v2\/comments?post=137318"}],"version-history":[{"count":0,"href":"https:\/\/www.europesays.com\/fr\/wp-json\/wp\/v2\/posts\/137318\/revisions"}],"wp:featuredmedia":[{"embeddable":true,"href":"https:\/\/www.europesays.com\/fr\/wp-json\/wp\/v2\/media\/137319"}],"wp:attachment":[{"href":"https:\/\/www.europesays.com\/fr\/wp-json\/wp\/v2\/media?parent=137318"}],"wp:term":[{"taxonomy":"category","embeddable":true,"href":"https:\/\/www.europesays.com\/fr\/wp-json\/wp\/v2\/categories?post=137318"},{"taxonomy":"post_tag","embeddable":true,"href":"https:\/\/www.europesays.com\/fr\/wp-json\/wp\/v2\/tags?post=137318"}],"curies":[{"name":"wp","href":"https:\/\/api.w.org\/{rel}","templated":true}]}}