{"id":13732,"date":"2025-04-09T23:01:10","date_gmt":"2025-04-09T23:01:10","guid":{"rendered":"https:\/\/www.europesays.com\/fr\/13732\/"},"modified":"2025-04-09T23:01:10","modified_gmt":"2025-04-09T23:01:10","slug":"discussions-americano-russes-a-istanbul-jeudi-la-guerre-en-ukraine-sera-t-elle-abordee","status":"publish","type":"post","link":"https:\/\/www.europesays.com\/fr\/13732\/","title":{"rendered":"Discussions am\u00e9ricano-russes \u00e0 Istanbul jeudi : la guerre en Ukraine sera-t-elle abord\u00e9e ?"},"content":{"rendered":"<p>Les \u00c9tats-Unis et la Russie doivent tenir des discussions jeudi \u00e0 Istanbul.Au menu : le r\u00e9tablissement de certaines activit\u00e9s de leurs ambassades, qui ont \u00e9t\u00e9 consid\u00e9rablement r\u00e9duites.Officiellement, l&rsquo;invasion de l&rsquo;Ukraine par Moscou ne devrait pas \u00eatre abord\u00e9e.<a href=\"https:\/\/www.tf1info.fr\/actualite\/invasion-de-l-ukraine-par-la-russie-une-guerre-qui-dure-12951\/\" rel=\"nofollow noopener\" class=\"jsx-3118104007 Link jsx-1428418400 jsx-554215408\" target=\"_blank\"><\/p>\n<p style=\"font-weight:400\" class=\"jsx-1837267516\">Suivez la couverture compl\u00e8te<\/p>\n<p style=\"font-weight:800\" class=\"jsx-1837267516\">Ukraine : 4\u1d49 ann\u00e9e de guerre<\/p>\n<p><\/a><\/p>\n<p data-module=\"article-paragraph\" class=\"jsx-362436225 Paragraph\">L&rsquo;heure est au redoux dans les relations entre Washington et Moscou. <a href=\"https:\/\/www.tf1info.fr\/international\/guerre-ukraine-russie-paix-pourquoi-les-discussions-cruciales-avec-les-etats-unis-se-deroulent-elles-en-arabie-saoudite-2358436.html\" rel=\"nofollow noopener\" target=\"_blank\">Apr\u00e8s de premiers pourparlers en Arabie Saoudite fin f\u00e9vrier<\/a>, le d\u00e9partement d&rsquo;\u00c9tat am\u00e9ricain a annonc\u00e9 mardi 8 avril que des discussions auront lieu jeudi, cette fois-ci \u00e0 Istanbul.<\/p>\n<p data-module=\"article-paragraph\" class=\"jsx-362436225 Paragraph Paragraph__End\">Am\u00e9ricains et Russes connaissent bien la ville turque : ils se sont d\u00e9j\u00e0 retrouv\u00e9s sur place, fin f\u00e9vrier, au sujet du travail de leurs missions diplomatiques. Il s&rsquo;agissait du point de d\u00e9part d&rsquo;un rapprochement acc\u00e9l\u00e9r\u00e9 entre les deux camps, <a href=\"https:\/\/www.tf1info.fr\/international\/guerre-ukraine-russie-vladimir-poutine-n-est-pas-un-mauvais-type-juge-steve-witkoff-l-emissaire-special-de-donald-trump-2360922.html\" rel=\"nofollow noopener\" target=\"_blank\">avec la volont\u00e9 affich\u00e9e de relancer les relations bilat\u00e9rales et de r\u00e9gler le conflit en Ukraine<\/a>. Sauf que, cette fois-ci, la guerre ne devrait pas figurer au menu des discussions.<\/p>\n<blockquote class=\"jsx-2786790838 Quote__Text\"><p>L&rsquo;Ukraine n&rsquo;est pas \u2013 absolument pas \u2013 \u00e0 l&rsquo;ordre du jour<\/p><\/blockquote>\n<p>Tammy Bruce, porte-parole du d\u00e9partement d&rsquo;\u00c9tat<\/p>\n<p data-module=\"article-paragraph\" class=\"jsx-362436225 Paragraph\">\u00ab\u00a0Le 10 avril, les d\u00e9l\u00e9gations am\u00e9ricaine et russe se r\u00e9uniront pour la deuxi\u00e8me fois \u00e0 Istanbul afin d&rsquo;essayer de progresser dans la stabilisation des op\u00e9rations de nos missions bilat\u00e9rales\u00a0\u00bb, a pr\u00e9cis\u00e9 \u00e0 la presse la porte-parole du d\u00e9partement d&rsquo;\u00c9tat, Tammy Bruce. Avant d&rsquo;insister : \u00ab\u00a0Il n&rsquo;y a pas de questions politiques ou de s\u00e9curit\u00e9 \u00e0 l&rsquo;ordre du jour, et l&rsquo;Ukraine n&rsquo;est pas \u2013 absolument pas \u2013 \u00e0 l&rsquo;ordre du jour\u00a0\u00bb.<\/p>\n<p data-module=\"article-paragraph\" class=\"jsx-362436225 Paragraph Paragraph__End\">Tammy Bruce a d\u00e9taill\u00e9 devant la presse que \u00ab\u00a0ces discussions portent uniquement sur les op\u00e9rations de nos ambassades, et non sur la normalisation des relations bilat\u00e9rales en g\u00e9n\u00e9ral\u00a0\u00bb. Cela \u00ab\u00a0ne pourra se produire, comme nous l&rsquo;avons not\u00e9, qu&rsquo;une fois que la paix sera revenue entre la Russie et l&rsquo;Ukraine\u00a0\u00bb, a not\u00e9 la porte-parole. Selon le minist\u00e8re russe des Affaires \u00e9trang\u00e8res, cit\u00e9 par les agences russes, la d\u00e9l\u00e9gation russe sera dirig\u00e9e par l&rsquo;ambassadeur de Russie aux \u00c9tats-Unis, Alexandre Darchiev, et la d\u00e9l\u00e9gation am\u00e9ricaine par la sous-secr\u00e9taire d&rsquo;\u00c9tat adjointe Sonata Coulter.<\/p>\n<ul class=\"jsx-658110588 ReadMoreArticle__List flex flex-column\">\n<li class=\"jsx-658110588\"><a href=\"https:\/\/www.tf1info.fr\/international\/partage-de-territoires-centrales-electriques-elections-les-enjeux-des-negociations-entre-trump-et-poutine-pour-une-treve-en-ukraine-2359795.html\" rel=\"nofollow noopener\" class=\"jsx-4233824444 Link flex\" target=\"_blank\"><img decoding=\"async\" src=\"https:\/\/www.europesays.com\/fr\/wp-content\/uploads\/2025\/04\/trump-poutine-2018-5006a6-0@1x.jpeg\" alt=\"Lire aussi\" loading=\"lazy\" importance=\"low\" fetchpriority=\"low\" class=\"\" copyright=\"Alexander NEMENOV \/ AFP\"\/>\n<p class=\"jsx-658110588 ReadMoreArticle__Title\">Lire aussi<\/p>\n<p class=\"jsx-658110588\">Partage de territoires, centrales \u00e9lectriques, \u00e9lections : les enjeux des n\u00e9gociations entre Trump et Poutine pour une tr\u00eave en Ukraine<\/p>\n<p><\/a><\/li>\n<\/ul>\n<p data-module=\"article-paragraph\" class=\"jsx-362436225 Paragraph\">Ce nouveau rendez-vous intervient dans <a href=\"https:\/\/www.tf1info.fr\/international\/partage-de-territoires-centrales-electriques-elections-les-enjeux-des-negociations-entre-trump-et-poutine-pour-une-treve-en-ukraine-2359795.html\" rel=\"nofollow noopener\" target=\"_blank\">un contexte de rapprochement<\/a> entre les \u00c9tats-Unis de Donald Trump et la Russie de Vladimir Poutine. Kirill Dmitriev, l&rsquo;\u00e9missaire \u00e9conomique sp\u00e9cial du pr\u00e9sident russe, a effectu\u00e9 la semaine derni\u00e8re une visite \u00e0 Washington, la premi\u00e8re d&rsquo;un haut responsable de Moscou depuis le d\u00e9but de l&rsquo;offensive en Ukraine en f\u00e9vrier 2022. Il avait salu\u00e9 une \u00ab\u00a0dynamique positive\u00a0\u00bb dans les relations entre les \u00c9tats-Unis et la Russie, malgr\u00e9 des \u00ab\u00a0d\u00e9saccords\u00a0\u00bb qui subsistent, selon la presse russe.<\/p>\n<p data-module=\"article-paragraph\" class=\"jsx-362436225 Paragraph Paragraph__End\">Donald Trump a par ailleurs annonc\u00e9 de lourds droits de douane \u00e0 l&rsquo;encontre de nombreux pays\u2026 mais pas de la Russie. Notamment car celle-ci est d\u00e9j\u00e0 vis\u00e9e par des sanctions am\u00e9ricaines en raison du conflit. Raison pour laquelle elle n&rsquo;est officiellement plus un partenaire commercial significatif, selon Washington.<\/p>\n<p>T.G.<\/p>\n","protected":false},"excerpt":{"rendered":"Les \u00c9tats-Unis et la Russie doivent tenir des discussions jeudi \u00e0 Istanbul.Au menu : le r\u00e9tablissement de certaines&hellip;\n","protected":false},"author":2,"featured_media":13733,"comment_status":"","ping_status":"","sticky":false,"template":"","format":"standard","meta":{"footnotes":""},"categories":[1590],"tags":[1111,11,1921,75,73,1777,674,1922,1916,12,132,220,1917,133,1920,135],"class_list":{"0":"post-13732","1":"post","2":"type-post","3":"status-publish","4":"format-standard","5":"has-post-thumbnail","7":"category-ukraine","8":"tag-actu","9":"tag-actualites","10":"tag-article-video","11":"tag-donald-trump","12":"tag-etats-unis","13":"tag-eu","14":"tag-europe","15":"tag-info","16":"tag-moscou","17":"tag-news","18":"tag-russie","19":"tag-ukraine","20":"tag-ukraine-4-annee-de-guerre","21":"tag-video","22":"tag-video-international","23":"tag-vladimir-poutine"},"share_on_mastodon":{"url":"https:\/\/pubeurope.com\/@fr\/114310498534507301","error":""},"_links":{"self":[{"href":"https:\/\/www.europesays.com\/fr\/wp-json\/wp\/v2\/posts\/13732","targetHints":{"allow":["GET"]}}],"collection":[{"href":"https:\/\/www.europesays.com\/fr\/wp-json\/wp\/v2\/posts"}],"about":[{"href":"https:\/\/www.europesays.com\/fr\/wp-json\/wp\/v2\/types\/post"}],"author":[{"embeddable":true,"href":"https:\/\/www.europesays.com\/fr\/wp-json\/wp\/v2\/users\/2"}],"replies":[{"embeddable":true,"href":"https:\/\/www.europesays.com\/fr\/wp-json\/wp\/v2\/comments?post=13732"}],"version-history":[{"count":0,"href":"https:\/\/www.europesays.com\/fr\/wp-json\/wp\/v2\/posts\/13732\/revisions"}],"wp:featuredmedia":[{"embeddable":true,"href":"https:\/\/www.europesays.com\/fr\/wp-json\/wp\/v2\/media\/13733"}],"wp:attachment":[{"href":"https:\/\/www.europesays.com\/fr\/wp-json\/wp\/v2\/media?parent=13732"}],"wp:term":[{"taxonomy":"category","embeddable":true,"href":"https:\/\/www.europesays.com\/fr\/wp-json\/wp\/v2\/categories?post=13732"},{"taxonomy":"post_tag","embeddable":true,"href":"https:\/\/www.europesays.com\/fr\/wp-json\/wp\/v2\/tags?post=13732"}],"curies":[{"name":"wp","href":"https:\/\/api.w.org\/{rel}","templated":true}]}}