{"id":137322,"date":"2025-05-29T17:30:08","date_gmt":"2025-05-29T17:30:08","guid":{"rendered":"https:\/\/www.europesays.com\/fr\/137322\/"},"modified":"2025-05-29T17:30:08","modified_gmt":"2025-05-29T17:30:08","slug":"170-000e-recoltes-lors-du-gp-of-champions-de-two-wheels-for-life","status":"publish","type":"post","link":"https:\/\/www.europesays.com\/fr\/137322\/","title":{"rendered":"170\u00a0000\u20ac r\u00e9colt\u00e9s lors du \u00ab\u00a0GP of Champions\u00a0\u00bb de Two Wheels for Life"},"content":{"rendered":"<p>Le \u00ab GP of Champions \u00bb, qui est le nouveau format de la collecte de fonds de l&rsquo;organisation caritative officielle du MotoGP\u2122 qu&rsquo;est Two Wheels for Life, a permis de r\u00e9colter la somme impressionnante de 170 000\u20ac lors du GP du Royaume-Uni. Gr\u00e2ce \u00e0 une s\u00e9rie d&rsquo;initiatives de collecte de fonds passionnantes et exclusives, les fans se sont rassembl\u00e9s pour avoir un impact consid\u00e9rable.<\/p>\n<p>Le coup d&rsquo;envoi du week-end a \u00e9t\u00e9 donn\u00e9 par la journ\u00e9e MotoGP\u2122 Experience de jeudi, au cours de laquelle 500 fans ont pu se rapprocher des stars du MotoGP\u2122 gr\u00e2ce \u00e0 un acc\u00e8s exclusif au paddock et une promenade dans la pitlane, avant deux ventes aux ench\u00e8res et toute une s\u00e9rie d&rsquo;\u00e9v\u00e9nements au cours du week-end.<\/p>\n<p>Comme toujours, les ventes aux ench\u00e8res de souvenirs et d&rsquo;exp\u00e9riences Two Wheels for Life ont marqu\u00e9 les esprits, le paddock s&rsquo;\u00e9tant r\u00e9uni pour offrir une liste exclusive et passionnante d&rsquo;articles et d&rsquo;exp\u00e9riences impossibles \u00e0 acheter. Le lot le plus convoit\u00e9 a \u00e9t\u00e9 une paire de bottes de course mise aux ench\u00e8res par Marc M\u00e1rquez (Ducati Lenovo Team), leader du Championnat MotoGP\u2122, qui a \u00e9t\u00e9 vendue pour la somme incroyable de 6 500\u20ac vendredi soir. Plus de 83 000\u20ac ont \u00e9t\u00e9 r\u00e9colt\u00e9s au cours des deux ventes aux ench\u00e8res du week-end gr\u00e2ce \u00e0 des objets sign\u00e9s par des pilotes des grilles MotoGP\u2122, Moto2\u2122 et Moto3\u2122, ainsi que des lots des sponsors Tissot, Triumph, Michelin et Pirelli.<\/p>\n<p>Les exp\u00e9riences VIP exclusives \u00e0 gagner comprenaient un d\u00eener avec l&rsquo;\u00e9quipe Pertamina Enduro VR46 Racing Team et l&rsquo;acc\u00e8s \u00e0 la grille de d\u00e9part des trois s\u00e9ries ainsi qu&rsquo;un lot unique ajout\u00e9 par Johann Zarco (CASTROL Honda LCR). Le samedi soir, le vainqueur du GP de France a spontan\u00e9ment propos\u00e9 \u00e0 la foule de Silverstone pour 600\u20ac une d\u00e9monstration de l&rsquo;un de ses c\u00e9l\u00e8bres backflips, habituellement r\u00e9serv\u00e9s aux victoires en Grand Prix. Cette offre a \u00e9t\u00e9 imm\u00e9diatement accept\u00e9e.<\/p>\n<p>Des pilotes des cat\u00e9gories Moto2\u2122 et Moto3\u2122 comme Jake Dixon (Elf Marc VDS Racing Team) ont \u00e9galement fait une apparition et rencontr\u00e9 les fans depuis la sc\u00e8ne avant de poser pour des selfies et signer des autographes. Toujours concernant les collectes de fonds, on peut citer le service de rangement des casques, le tirage au sort des prix MotoGP\u2122 et l&rsquo;exp\u00e9rience biplace Ducati MotoEX2, o\u00f9 quelques chanceux ont pu d\u00e9couvrir la puissance d&rsquo;une Ducati \u00e9lectrique dans un tour de Silverstone en tant que passager.<\/p>\n<p>Tous les fonds r\u00e9colt\u00e9s sont destin\u00e9s au travail de Two Wheels for Life qui soutient les programmes Riders for Health, permettant l&rsquo;acc\u00e8s aux soins m\u00e9dicaux gr\u00e2ce \u00e0 l&rsquo;utilisation de motos dans un certain nombre de pays d&rsquo;Afrique sub-saharienne. Pour en savoir plus, cliquez ICI !<\/p>\n","protected":false},"excerpt":{"rendered":"Le \u00ab GP of Champions \u00bb, qui est le nouveau format de la collecte de fonds de l&rsquo;organisation&hellip;\n","protected":false},"author":2,"featured_media":137196,"comment_status":"","ping_status":"","sticky":false,"template":"","format":"standard","meta":{"footnotes":""},"categories":[1413],"tags":[1011,27,1457,1456,60,2032],"class_list":{"0":"post-137322","1":"post","2":"type-post","3":"status-publish","4":"format-standard","5":"has-post-thumbnail","7":"category-moto","8":"tag-fr","9":"tag-france","10":"tag-moto","11":"tag-motocycle","12":"tag-sports","13":"tag-text"},"share_on_mastodon":{"url":"https:\/\/pubeurope.com\/@fr\/114592312393302386","error":""},"_links":{"self":[{"href":"https:\/\/www.europesays.com\/fr\/wp-json\/wp\/v2\/posts\/137322","targetHints":{"allow":["GET"]}}],"collection":[{"href":"https:\/\/www.europesays.com\/fr\/wp-json\/wp\/v2\/posts"}],"about":[{"href":"https:\/\/www.europesays.com\/fr\/wp-json\/wp\/v2\/types\/post"}],"author":[{"embeddable":true,"href":"https:\/\/www.europesays.com\/fr\/wp-json\/wp\/v2\/users\/2"}],"replies":[{"embeddable":true,"href":"https:\/\/www.europesays.com\/fr\/wp-json\/wp\/v2\/comments?post=137322"}],"version-history":[{"count":0,"href":"https:\/\/www.europesays.com\/fr\/wp-json\/wp\/v2\/posts\/137322\/revisions"}],"wp:featuredmedia":[{"embeddable":true,"href":"https:\/\/www.europesays.com\/fr\/wp-json\/wp\/v2\/media\/137196"}],"wp:attachment":[{"href":"https:\/\/www.europesays.com\/fr\/wp-json\/wp\/v2\/media?parent=137322"}],"wp:term":[{"taxonomy":"category","embeddable":true,"href":"https:\/\/www.europesays.com\/fr\/wp-json\/wp\/v2\/categories?post=137322"},{"taxonomy":"post_tag","embeddable":true,"href":"https:\/\/www.europesays.com\/fr\/wp-json\/wp\/v2\/tags?post=137322"}],"curies":[{"name":"wp","href":"https:\/\/api.w.org\/{rel}","templated":true}]}}