{"id":137333,"date":"2025-05-29T17:36:27","date_gmt":"2025-05-29T17:36:27","guid":{"rendered":"https:\/\/www.europesays.com\/fr\/137333\/"},"modified":"2025-05-29T17:36:27","modified_gmt":"2025-05-29T17:36:27","slug":"un-temps-de-partage-autour-du-livre-jeunesse","status":"publish","type":"post","link":"https:\/\/www.europesays.com\/fr\/137333\/","title":{"rendered":"un temps de partage autour du livre jeunesse"},"content":{"rendered":"<p>Dans le cadre de la Quinzaine du livre jeunesse, un temps de lecture partag\u00e9 parent-enfant a \u00e9t\u00e9 organis\u00e9 le mercredi 14\u00a0mai 2025. C\u00e9cile Arnault (relais petite enfance Cinq-Mars-la-Pile\u00a0&#8211; Langeais), Peggy Sick (biblioth\u00e8que de Langeais), Cassy (multi-accueil Les Pilous Cinq-Mars-la-Pile) et Chlo\u00e9 Baudouin (secteur famille Agora) ont lu \u00e0 tour de r\u00f4le huit ouvrages issus de la s\u00e9lection propos\u00e9e pour l\u2019\u00e9v\u00e9nement. La s\u00e9ance s\u2019est poursuivie par un moment de d\u00e9couverte libre des livres par les familles, puis s\u2019est cl\u00f4tur\u00e9e par un temps convivial autour d\u2019un pot. Cette action, port\u00e9e par un partenariat dynamique entre les quatre structures impliqu\u00e9es, a rassembl\u00e9 plus de 30 participants, petits et grands.<\/p>\n","protected":false},"excerpt":{"rendered":"Dans le cadre de la Quinzaine du livre jeunesse, un temps de lecture partag\u00e9 parent-enfant a \u00e9t\u00e9 organis\u00e9&hellip;\n","protected":false},"author":2,"featured_media":137334,"comment_status":"","ping_status":"","sticky":false,"template":"","format":"standard","meta":{"footnotes":""},"categories":[1357],"tags":[1379,25835,1674,58,59,1011,27,1380],"class_list":{"0":"post-137333","1":"post","2":"type-post","3":"status-publish","4":"format-standard","5":"has-post-thumbnail","7":"category-livres","8":"tag-books","9":"tag-cinq-mars-la-pile","10":"tag-communes","11":"tag-divertissement","12":"tag-entertainment","13":"tag-fr","14":"tag-france","15":"tag-livres"},"share_on_mastodon":{"url":"https:\/\/pubeurope.com\/@fr\/114592336053655979","error":""},"_links":{"self":[{"href":"https:\/\/www.europesays.com\/fr\/wp-json\/wp\/v2\/posts\/137333","targetHints":{"allow":["GET"]}}],"collection":[{"href":"https:\/\/www.europesays.com\/fr\/wp-json\/wp\/v2\/posts"}],"about":[{"href":"https:\/\/www.europesays.com\/fr\/wp-json\/wp\/v2\/types\/post"}],"author":[{"embeddable":true,"href":"https:\/\/www.europesays.com\/fr\/wp-json\/wp\/v2\/users\/2"}],"replies":[{"embeddable":true,"href":"https:\/\/www.europesays.com\/fr\/wp-json\/wp\/v2\/comments?post=137333"}],"version-history":[{"count":0,"href":"https:\/\/www.europesays.com\/fr\/wp-json\/wp\/v2\/posts\/137333\/revisions"}],"wp:featuredmedia":[{"embeddable":true,"href":"https:\/\/www.europesays.com\/fr\/wp-json\/wp\/v2\/media\/137334"}],"wp:attachment":[{"href":"https:\/\/www.europesays.com\/fr\/wp-json\/wp\/v2\/media?parent=137333"}],"wp:term":[{"taxonomy":"category","embeddable":true,"href":"https:\/\/www.europesays.com\/fr\/wp-json\/wp\/v2\/categories?post=137333"},{"taxonomy":"post_tag","embeddable":true,"href":"https:\/\/www.europesays.com\/fr\/wp-json\/wp\/v2\/tags?post=137333"}],"curies":[{"name":"wp","href":"https:\/\/api.w.org\/{rel}","templated":true}]}}