{"id":137353,"date":"2025-05-29T17:46:09","date_gmt":"2025-05-29T17:46:09","guid":{"rendered":"https:\/\/www.europesays.com\/fr\/137353\/"},"modified":"2025-05-29T17:46:09","modified_gmt":"2025-05-29T17:46:09","slug":"la-cigarette-interdite-sur-les-plages-dans-les-parcs-ou-pres-des-ecoles-a-partir-du-1er-juillet","status":"publish","type":"post","link":"https:\/\/www.europesays.com\/fr\/137353\/","title":{"rendered":"la cigarette interdite sur les plages, dans les parcs ou pr\u00e8s des \u00e9coles \u00e0 partir du 1er juillet"},"content":{"rendered":"<p>Dans un entretien accord\u00e9 \u00e0 Ouest France, la ministre de la Sant\u00e9 Catherine Vautrin a annonc\u00e9 l\u2019interdiction du tabac dans de nombreux lieux publics, notamment dans les \u00e9quipements sportifs ou aux abribus.<\/p>\n<p class=\"fig-paragraph\">Termin\u00e9, la cigarette sur les plages, dans les parcs, jardins publics, \u00e9quipements sportifs, abris de bus ou aux abords des \u00e9coles. \u00c0 deux jours de la Journ\u00e9e mondiale sans tabac, pr\u00e9vue samedi 31 mai, la ministre du Travail, de la Sant\u00e9, des Solidarit\u00e9s et des Familles\u00a0<a href=\"http:\/\/www.lefigaro.fr\/actualite-france\/catherine-vautrin-du-debat-sur-la-fin-de-vie-a-la-messe-du-pape-20250518\" target=\"_blank\" data-fig-type=\"Article\" rel=\"noopener nofollow\" data-gtm-custom-categorie=\"navigation\" data-gtm-custom-action=\"crossclick\" data-gtm-custom-label=\"Contextuel\" data-gtm-event=\"customEventSPE\" data-fig-domain=\"LEFIGARO\">Catherine Vautrin<\/a>\u00a0a annonc\u00e9 l\u2019interdiction du tabac dans tous ces lieux publics du territoire \u00e0 partir du 1er juillet 2025. \u00abL\u00e0 o\u00f9 il y a des enfants, le tabac doit dispara\u00eetre\u00bb, a-t-elle plaid\u00e9.<\/p>\n<p class=\"fig-paragraph\">Le non-respect de l\u2019interdiction \u00abpourra engendrer une contravention de 4e classe, soit 135 euros\u00bb, pr\u00e9cise Catherine Vautrin, qui estime que la libert\u00e9 de fumer \u00abs\u2019arr\u00eate l\u00e0 o\u00f9 commence le droit des enfants \u00e0 respirer un air pur\u00bb. La ministre indique que le p\u00e9rim\u00e8tre d\u2019interdiction autour des \u00e9coles sera pr\u00e9cis\u00e9 dans le d\u00e9cret de mise en \u0153uvre. \u00abNous sommes en train de le d\u00e9terminer avec le Conseil d\u2019\u00c9tat, et nous ferons confiance aux \u00e9lus pour le mettre en place de fa\u00e7on pragmatique\u00bb, poursuit la ministre. Les coll\u00e8ges et les lyc\u00e9es sont aussi concern\u00e9s par l\u2019interdiction, pour \u00e9viter notamment que \u00abcoll\u00e9giens et lyc\u00e9ens ne fument devant leur \u00e9tablissement\u00bb.<\/p>\n<p class=\"fig-paragraph\">\u00abFumer tue 75.000 personnes chaque ann\u00e9e en France. Cela repr\u00e9sente 200 personnes par jour. C\u2019est la premi\u00e8re cause de mortalit\u00e9 \u00e9vitable\u00bb, a-t-elle justifi\u00e9, avant d\u2019exposer le co\u00fbt de certains cancers pour la S\u00e9curit\u00e9 sociale. \u00abUne vie n\u2019a pas de prix, mais les cancers co\u00fbtent 150 milliards d\u2019euros par an, ce qui n\u2019est pas rien quand on pense \u00e0 la situation financi\u00e8re de notre mod\u00e8le social. Le tabac n\u2019est pas qu\u2019un probl\u00e8me individuel, c\u2019est un fl\u00e9au collectif\u00bb, a-t-elle expos\u00e9.<\/p>\n<p>Le d\u00e9fi d\u2019une g\u00e9n\u00e9ration sans tabac<\/p>\n<p class=\"fig-paragraph\">En revanche, l\u2019interdiction ne concerne pas les terrasses des caf\u00e9s. \u00abOn se concentre sur les lieux o\u00f9 il y a beaucoup d\u2019enfants. On n\u2019est pas l\u00e0 pour donner des le\u00e7ons de morale, mais pour faire de la pr\u00e9vention\u00bb, a-t-elle \u00e9clair\u00e9. Plut\u00f4t que de cibler les adultes d\u00e9j\u00e0 fumeurs, la ministre entend voir na\u00eetre des \u00abg\u00e9n\u00e9rations sans tabac\u00bb. Si le vapotage ne sera, lui, pas interdit, Catherine Vautrin a annonc\u00e9 \u00abtravailler\u00bb avec l\u2019ANSES (Agence nationale de s\u00e9curit\u00e9 sanitaire de l\u2019alimentation, de l\u2019environnement et du travail) et la Haute Autorit\u00e9 de sant\u00e9 (HAS), pour que soit baiss\u00e9 le \u00abtaux de nicotine autoris\u00e9\u00bb dans ces produits et le \u00abnombre d\u2019ar\u00f4mes\u00bb r\u00e9duits. \u00abJ\u2019ai besoin des avis scientifiques et techniques pour fixer les d\u00e9tails\u00bb de ces mesures, pr\u00e9vues pour entrer en vigueur \u00abd\u2019ici la fin du premier semestre 2026\u00bb, a-t-elle expliqu\u00e9. Et de pr\u00e9ciser\u00a0: \u00abLes produits de vapotage g\u00e9n\u00e8rent aussi une addiction et sont une porte d\u2019entr\u00e9e vers le tabac\u00bb.<\/p>\n<p>\u00abJe ne m\u2019interdis rien \u00e0 l\u2019avenir\u00bb<\/p>\n<p class=\"fig-paragraph\">Faudrait-il alors purement et simplement interdire aux mineurs de fumer\u00a0? \u00abIl existe effectivement un paradoxe en France puisque l\u2019achat est interdit aux mineurs mais sa consommation ne l\u2019est pas. D\u2019autres pays ont franchi ce cap\u00bb, a r\u00e9pondu la ministre. Si elle a indiqu\u00e9 \u00absuivre les chiffres de la consommation avec attention\u00bb, Catherine Vautrin n\u2019envisage pas une telle mesure dans l\u2019imm\u00e9diat. \u00abJe consid\u00e8re que ce plan est de nature \u00e0 faire \u00e9merger la premi\u00e8re g\u00e9n\u00e9ration sans tabac, mais je ne m\u2019interdis rien \u00e0 l\u2019avenir\u00bb, a-t-elle d\u00e9clar\u00e9.<\/p>\n<p class=\"fig-paragraph\">La g\u00e9n\u00e9ralisation des espaces sans tabac, telle qu\u2019annonc\u00e9e par Mme Vautrin, fait partie des mesures \u00e9nonc\u00e9es dans le Programme national de lutte contre le tabac (PNLT) 2023-2027, pr\u00e9sent\u00e9 par le ministre de la Sant\u00e9 de l\u2019\u00e9poque, Aur\u00e9lien Rousseau, avec pour ambition de \u00abrelever le d\u00e9fi d\u2019une g\u00e9n\u00e9ration d\u00e9barrass\u00e9e du tabac d\u00e8s 2032\u00bb. Depuis pr\u00e8s de quinze ans, 1.600 communes volontaires\u00a0<a href=\"https:\/\/www.lefigaro.fr\/actualite-france\/l-interdiction-du-tabac-dans-les-parcs-et-sur-les-plages-gagne-du-terrain-20190804\" target=\"_blank\" data-fig-type=\"Article\" rel=\"noopener nofollow\" data-gtm-custom-categorie=\"navigation\" data-gtm-custom-action=\"crossclick\" data-gtm-custom-label=\"Contextuel\" data-gtm-event=\"customEventSPE\" data-fig-domain=\"LEFIGARO\">ont d\u00e9j\u00e0 \u00e9largi l\u2019interdiction de fumer dans les lieux publics<\/a>\u00a0\u00e0 des parcs, plages, pistes de ski, abords d\u2019\u00e9coles&#8230; soit 7.000 espaces sans tabac, dans des exp\u00e9rimentations locales accompagn\u00e9es par la Ligue contre le cancer.<\/p>\n<p class=\"fig-paragraph\"><strong>Pas de hausse des prix pr\u00e9vue<\/strong><\/p>\n<p class=\"fig-paragraph\">D\u2019une mani\u00e8re g\u00e9n\u00e9rale, ces interdictions et celles mises en \u0153uvre pr\u00e9c\u00e9demment (lieux de travail, transports collectifs, \u00e9coles, aires de jeux pour enfants, espaces affect\u00e9s au transport&#8230;) sont aujourd\u2019hui \u00ab\u00e0 peu pr\u00e8s bien respect\u00e9es\u00bb, estimait r\u00e9cemment Philippe Bergerot, le pr\u00e9sident de la Ligue contre le cancer. Selon un sondage r\u00e9alis\u00e9 par la Ligue, six Fran\u00e7ais sur 10 (62%) \u00e9taient favorables \u00e0 une plus large interdiction de la cigarette dans l\u2019espace public.<\/p>\n<p class=\"fig-paragraph\">Interrog\u00e9e par\u00a0<a href=\"https:\/\/www.ouest-france.fr\/sante\/addictions\/tabac\/exclusif-fumer-sera-interdit-sur-les-plages-au-parc-pres-des-ecoles-annonce-la-ministre-4e4d7df2-3bb7-11f0-b71a-e87c40f434be\" target=\"_blank\" rel=\"nofollow noopener\" data-gtm-custom-categorie=\"navigation\" data-gtm-custom-action=\"crossclick\" data-gtm-custom-label=\"Contextuel\" data-gtm-event=\"customEventSPE\">Ouest-France<\/a> \u00a0sur une \u00e9ventuelle nouvelle hausse de taxes sur le tabac et les cigarettes, Catherine Vautrin a r\u00e9pondu qu\u2019il n\u2019y avait pas de hausse suppl\u00e9mentaire pr\u00e9vue, \u00abau moment o\u00f9 je vous parle\u00bb. \u00abSur cette question, je suis prudente quand je vois les ravages de la contrebande de tabac, et je veux qu\u2019on accompagne la diversification des activit\u00e9s des buralistes, parce que ces commerces de proximit\u00e9 sont indispensables\u00bb, a-t-elle toutefois pr\u00e9cis\u00e9. Depuis le premier quinquennat d\u2019Emmanuel Macron, les paquets de tabac ont fortement augment\u00e9 pour atteindre 12 euros en 2025, et devraient passer \u00e0 13 euros en 2026.<\/p>\n","protected":false},"excerpt":{"rendered":"Dans un entretien accord\u00e9 \u00e0 Ouest France, la ministre de la Sant\u00e9 Catherine Vautrin a annonc\u00e9 l\u2019interdiction du&hellip;\n","protected":false},"author":2,"featured_media":137354,"comment_status":"","ping_status":"","sticky":false,"template":"","format":"standard","meta":{"footnotes":""},"categories":[4],"tags":[1111,47,11,1117,1109,6970,1112,636,341,257,632,1108,107,1106,1107,1119,1011,27,1116,1110,1114,500,12,1113,1118,25,137,401,6582,1115],"class_list":{"0":"post-137353","1":"post","2":"type-post","3":"status-publish","4":"format-standard","5":"has-post-thumbnail","7":"category-france","8":"tag-actu","9":"tag-actualite","10":"tag-actualites","11":"tag-assurance","12":"tag-breves","13":"tag-catherine-vautrin","14":"tag-depeches","15":"tag-devises","16":"tag-emploi","17":"tag-entreprise","18":"tag-fcp","19":"tag-fil","20":"tag-fil-info","21":"tag-flash","22":"tag-flash-actu","23":"tag-formation","24":"tag-fr","25":"tag-france","26":"tag-immobilier","27":"tag-informations","28":"tag-infos","29":"tag-medias","30":"tag-news","31":"tag-nouvelles","32":"tag-placement","33":"tag-republique-francaise","34":"tag-retraite","35":"tag-sicav","36":"tag-tabac","37":"tag-taux"},"share_on_mastodon":{"url":"https:\/\/pubeurope.com\/@fr\/114592375477530857","error":""},"_links":{"self":[{"href":"https:\/\/www.europesays.com\/fr\/wp-json\/wp\/v2\/posts\/137353","targetHints":{"allow":["GET"]}}],"collection":[{"href":"https:\/\/www.europesays.com\/fr\/wp-json\/wp\/v2\/posts"}],"about":[{"href":"https:\/\/www.europesays.com\/fr\/wp-json\/wp\/v2\/types\/post"}],"author":[{"embeddable":true,"href":"https:\/\/www.europesays.com\/fr\/wp-json\/wp\/v2\/users\/2"}],"replies":[{"embeddable":true,"href":"https:\/\/www.europesays.com\/fr\/wp-json\/wp\/v2\/comments?post=137353"}],"version-history":[{"count":0,"href":"https:\/\/www.europesays.com\/fr\/wp-json\/wp\/v2\/posts\/137353\/revisions"}],"wp:featuredmedia":[{"embeddable":true,"href":"https:\/\/www.europesays.com\/fr\/wp-json\/wp\/v2\/media\/137354"}],"wp:attachment":[{"href":"https:\/\/www.europesays.com\/fr\/wp-json\/wp\/v2\/media?parent=137353"}],"wp:term":[{"taxonomy":"category","embeddable":true,"href":"https:\/\/www.europesays.com\/fr\/wp-json\/wp\/v2\/categories?post=137353"},{"taxonomy":"post_tag","embeddable":true,"href":"https:\/\/www.europesays.com\/fr\/wp-json\/wp\/v2\/tags?post=137353"}],"curies":[{"name":"wp","href":"https:\/\/api.w.org\/{rel}","templated":true}]}}