{"id":137357,"date":"2025-05-29T17:48:10","date_gmt":"2025-05-29T17:48:10","guid":{"rendered":"https:\/\/www.europesays.com\/fr\/137357\/"},"modified":"2025-05-29T17:48:10","modified_gmt":"2025-05-29T17:48:10","slug":"saint-chamond-60-ans-apres-leur-mariage-bernard-et-maguy-toujours-aussi-amoureux","status":"publish","type":"post","link":"https:\/\/www.europesays.com\/fr\/137357\/","title":{"rendered":"Saint-Chamond. 60 ans apr\u00e8s leur mariage, Bernard et Maguy toujours aussi amoureux"},"content":{"rendered":"<p>Bernard et Maguy, tous deux n\u00e9s \u00e0 Saint-Chamond, se sont rencontr\u00e9s par hasard en 1964.<\/p>\n<p>Ils faisaient partie d\u2019un groupe couramiaud de l\u2019auberge de jeunesse. \u00c0 l\u2019\u00e9poque, Maguy a 21 ans et Bernard, 25. Un an plus tard, ils se marient \u00e0 l\u2019\u00e9glise Saint-Pierre. \u00ab\u00a0Nos parents n\u2019avaient pas int\u00e9r\u00eat \u00e0 refuser\u00a0\u00bb, selon Maguy, qui \u00e0 l\u2019\u00e9poque r\u00eavait d\u2019ind\u00e9pendance et de libert\u00e9. Pour le couple, c\u2019est d\u2019ailleurs l\u2019un de ses&#8230;<\/p>\n","protected":false},"excerpt":{"rendered":"Bernard et Maguy, tous deux n\u00e9s \u00e0 Saint-Chamond, se sont rencontr\u00e9s par hasard en 1964. Ils faisaient partie&hellip;\n","protected":false},"author":2,"featured_media":137358,"comment_status":"","ping_status":"","sticky":false,"template":"","format":"standard","meta":{"footnotes":""},"categories":[9653],"tags":[1111,11,2430,9223,7539,1777,674,1011,27,1930,12,25,9669,9670,4001,104],"class_list":{"0":"post-137357","1":"post","2":"type-post","3":"status-publish","4":"format-standard","5":"has-post-thumbnail","7":"category-saint-etienne","8":"tag-actu","9":"tag-actualites","10":"tag-auvergne-rhone-alpes","11":"tag-carnet-du-jour","12":"tag-edition-loire-sud","13":"tag-eu","14":"tag-europe","15":"tag-fr","16":"tag-france","17":"tag-mariage","18":"tag-news","19":"tag-republique-francaise","20":"tag-saint-chamond","21":"tag-saint-chamond-ville","22":"tag-saint-etienne","23":"tag-societe"},"share_on_mastodon":{"url":"https:\/\/pubeurope.com\/@fr\/114592383239381637","error":""},"_links":{"self":[{"href":"https:\/\/www.europesays.com\/fr\/wp-json\/wp\/v2\/posts\/137357","targetHints":{"allow":["GET"]}}],"collection":[{"href":"https:\/\/www.europesays.com\/fr\/wp-json\/wp\/v2\/posts"}],"about":[{"href":"https:\/\/www.europesays.com\/fr\/wp-json\/wp\/v2\/types\/post"}],"author":[{"embeddable":true,"href":"https:\/\/www.europesays.com\/fr\/wp-json\/wp\/v2\/users\/2"}],"replies":[{"embeddable":true,"href":"https:\/\/www.europesays.com\/fr\/wp-json\/wp\/v2\/comments?post=137357"}],"version-history":[{"count":0,"href":"https:\/\/www.europesays.com\/fr\/wp-json\/wp\/v2\/posts\/137357\/revisions"}],"wp:featuredmedia":[{"embeddable":true,"href":"https:\/\/www.europesays.com\/fr\/wp-json\/wp\/v2\/media\/137358"}],"wp:attachment":[{"href":"https:\/\/www.europesays.com\/fr\/wp-json\/wp\/v2\/media?parent=137357"}],"wp:term":[{"taxonomy":"category","embeddable":true,"href":"https:\/\/www.europesays.com\/fr\/wp-json\/wp\/v2\/categories?post=137357"},{"taxonomy":"post_tag","embeddable":true,"href":"https:\/\/www.europesays.com\/fr\/wp-json\/wp\/v2\/tags?post=137357"}],"curies":[{"name":"wp","href":"https:\/\/api.w.org\/{rel}","templated":true}]}}